{"id":1208898,"date":"2026-08-01T21:10:16","date_gmt":"2026-08-01T21:10:16","guid":{"rendered":"https:\/\/www.europesays.com\/de\/1208898\/"},"modified":"2026-08-01T21:10:16","modified_gmt":"2026-08-01T21:10:16","slug":"wochenmarkt-rheydt-programm-im-august-2026","status":"publish","type":"post","link":"https:\/\/www.europesays.com\/de\/1208898\/","title":{"rendered":"Wochenmarkt Rheydt: Programm im August 2026"},"content":{"rendered":"<p class=\"text_ohne_einzug richtext text-em-55 !leading-serif mx-6 desktop:mx-0\"> Gladbach, Wickrath, Odenkirchen, Hardt \u2013 in <a href=\"https:\/\/rp-online.de\/thema\/moenchengladbach\/\" rel=\"nofollow noopener\" target=\"_blank\">M\u00f6nchengladbach<\/a> mangelt es nicht an Wochenm\u00e4rkten. 13 Standorte gibt es, die dienstags bis samstags bespielt werden, manche sogar zweimal die Woche. Und obwohl alle einen Besuch wert sind, sticht der Rheydter Wochenmarkt heraus. Das liegt neben seiner Gr\u00f6\u00dfe auch an dem erg\u00e4nzenden Kulturangebot, das die Stadtteilkoordination seit nun f\u00fcnf Jahren in den warmen Monaten \u2013 von April bis Oktober \u2013 f\u00fcr die Samstage organisiert.<\/p>\n<p class=\"richtext text-em-55 !leading-serif mx-6 desktop:mx-0\">Auch im August wird der Markt, der jeweils von 8 bis 14\u2005Uhr stattfindet, wieder zur B\u00fchne f\u00fcr Kultur, Begegnung und Unterhaltung. Mit Livemusik, Familienangeboten und kreativen Aktionen l\u00e4dt das Programm zum Verweilen ein. Die Veranstaltungen f\u00fcr alle Generationen finden samstags in der Mittagszeit auf und rund um den Marktplatz statt.<\/p>\n<p>\u00dcberblick \u00fcber das Angebot      <\/p>\n<p class=\"richtext text-em-55 !leading-serif mx-6 desktop:mx-0\">Immer am ersten Samstag des Monats \u00f6ffnet der Wein- und Kulturgarten, der in diesem Jahr an einen neuen Standort gezogen ist. Er befindet sich nun auf dem Vorplatz der Stadtsparkasse an der Marktstra\u00dfe. Ebenfalls am Samstag, 1.\u2005August, spielen Parakeets von 11\u2005bis 15\u2005Uhr eine Mischung aus Indie Pop, Jazz, Folk und Bossa, die tanzbar und intim ist, wie es in der Ank\u00fcndigung hei\u00dft.<\/p>\n<p class=\"richtext text-em-55 !leading-serif mx-6 desktop:mx-0\">Am Samstag, 8. August, 11 bis 13\u2005Uhr, fertigt Anastasiya Trifonenko in der Veranstaltungsreihe \u201eSchwaadjang\u201c Live-Portr\u00e4ts der Markt-Besucher an. Diese sollen eine besondere Erinnerung an den Tag sein. Am darauffolgenden Samstag, 15. August, ist \u201eOhana Familientag\u201c. Von 11\u2005bis 13\u2005Uhr bringen Thomas Wimmer und Dirk Kraforst mit der Ukulele ein Gef\u00fchl von <a href=\"https:\/\/rp-online.de\/thema\/hawaii\/\" rel=\"nofollow noopener\" target=\"_blank\">Hawaii<\/a> auf den Markt.<\/p>\n<p class=\"richtext text-em-55 !leading-serif mx-6 desktop:mx-0\">An den verbleibenden zwei August-Samstagen geht die Veranstaltungsreihe \u201eSchwaadjang\u201c weiter. Am 22.\u2005August, 11 bis 13\u2005Uhr, spielen Ludwig Fr\u00e4ger und Debasish Bhattacharjee die sanften Kl\u00e4nge der Instrumente Sitar und Tabla. Und am 29.\u2005August, ebenfalls von 11\u2005bis 13\u2005Uhr, bietet Sven Kirchhofer sanfte Handpan-Musik.<\/p>\n","protected":false},"excerpt":{"rendered":"Gladbach, Wickrath, Odenkirchen, Hardt \u2013 in M\u00f6nchengladbach mangelt es nicht an Wochenm\u00e4rkten. 13 Standorte gibt es, die dienstags&hellip;\n","protected":false},"author":2,"featured_media":1208899,"comment_status":"","ping_status":"","sticky":false,"template":"","format":"standard","meta":{"footnotes":"","_share_on_mastodon":"0"},"categories":[1849],"tags":[3364,29,548,663,3934,69344,30,13,4455,14,15,1209,17653,12,254,12043],"class_list":["post-1208898","post","type-post","status-publish","format-standard","has-post-thumbnail","category-moenchengladbach","tag-de","tag-deutschland","tag-eu","tag-europa","tag-europe","tag-geboten","tag-germany","tag-headlines","tag-moenchengladbach","tag-nachrichten","tag-news","tag-nordrhein-westfalen","tag-rheydter","tag-schlagzeilen","tag-test","tag-wochenmarkt"],"share_on_mastodon":{"url":"https:\/\/pubeurope.com\/@de\/117022308776619982","error":""},"_links":{"self":[{"href":"https:\/\/www.europesays.com\/de\/wp-json\/wp\/v2\/posts\/1208898","targetHints":{"allow":["GET"]}}],"collection":[{"href":"https:\/\/www.europesays.com\/de\/wp-json\/wp\/v2\/posts"}],"about":[{"href":"https:\/\/www.europesays.com\/de\/wp-json\/wp\/v2\/types\/post"}],"author":[{"embeddable":true,"href":"https:\/\/www.europesays.com\/de\/wp-json\/wp\/v2\/users\/2"}],"replies":[{"embeddable":true,"href":"https:\/\/www.europesays.com\/de\/wp-json\/wp\/v2\/comments?post=1208898"}],"version-history":[{"count":0,"href":"https:\/\/www.europesays.com\/de\/wp-json\/wp\/v2\/posts\/1208898\/revisions"}],"wp:featuredmedia":[{"embeddable":true,"href":"https:\/\/www.europesays.com\/de\/wp-json\/wp\/v2\/media\/1208899"}],"wp:attachment":[{"href":"https:\/\/www.europesays.com\/de\/wp-json\/wp\/v2\/media?parent=1208898"}],"wp:term":[{"taxonomy":"category","embeddable":true,"href":"https:\/\/www.europesays.com\/de\/wp-json\/wp\/v2\/categories?post=1208898"},{"taxonomy":"post_tag","embeddable":true,"href":"https:\/\/www.europesays.com\/de\/wp-json\/wp\/v2\/tags?post=1208898"}],"curies":[{"name":"wp","href":"https:\/\/api.w.org\/{rel}","templated":true}]}}