{"id":1209249,"date":"2026-08-02T01:18:05","date_gmt":"2026-08-02T01:18:05","guid":{"rendered":"https:\/\/www.europesays.com\/de\/1209249\/"},"modified":"2026-08-02T01:18:05","modified_gmt":"2026-08-02T01:18:05","slug":"10-000-passanten-in-duesseldorf-auf-waffen-durchsucht","status":"publish","type":"post","link":"https:\/\/www.europesays.com\/de\/1209249\/","title":{"rendered":"10.000 Passanten in D\u00fcsseldorf auf Waffen durchsucht"},"content":{"rendered":"<p>10.000 Menschen sind in D\u00fcsseldorfer Altstadt auf Waffen kontrolliert worden. Innenminister Herbert Reul begleitete den Polizeieinsatz.<\/p>\n<p>D\u00fcsseldorf (dpa\/lnw) &#8211; Bei einer gro\u00dfangelegten Aktion gegen Gewaltkriminalit\u00e4t in der D\u00fcsseldorfer Altstadt hat die Polizei nach eigenen Angaben mehr als 10.000 Personen kontrolliert. Dabei seien sieben Messer, zwei Schlagringe, ein Schlagstock und zwei Pfeffersprays sichergestellt worden.<\/p>\n<p class=\"contextmenu caption\">Innenminister ist vor Ort<\/p>\n<p>Der nordrhein-westf\u00e4lische Innenminister Herbert Reul (CDU) war bei der Kontrolle in der Waffenverbotszone dabei. Ziel sei es gewesen, m\u00f6glichen Straftaten &#8211; insbesondere mit Messern &#8211; im Vorfeld entschieden entgegenzuwirken, teilte die Polizei mit. Von Freitagabend bis zum fr\u00fchen Morgen h\u00e4tten Beamte Personen angesprochen, abgetastet und Taschen kontrolliert. Bei Verdachtsf\u00e4llen seien sie in extra aufgebauten Zelten genauer durchsucht worden. &#8222;Jede Waffe, die nicht in die Altstadt gelangt, macht das Feiern sicherer&#8220;, sagte Einsatzleiter Robin Schmidt. Die Polizei werde auch k\u00fcnftig die Einhaltung der Waffenverbote kontrollieren und bei Verst\u00f6\u00dfen einschreiten. <\/p>\n<p>Texte und Fotos von die-glocke.de sind urheberrechtlich gesch\u00fctzt.<br \/>\n            Weiterverwendung nur mit Genehmigung der Chefredaktion.<\/p>\n","protected":false},"excerpt":{"rendered":"10.000 Menschen sind in D\u00fcsseldorfer Altstadt auf Waffen kontrolliert worden. Innenminister Herbert Reul begleitete den Polizeieinsatz. D\u00fcsseldorf (dpa\/lnw)&hellip;\n","protected":false},"author":2,"featured_media":1209250,"comment_status":"","ping_status":"","sticky":false,"template":"","format":"standard","meta":{"footnotes":"","_share_on_mastodon":"0"},"categories":[1831],"tags":[3364,29,3405,30,37762,251818,1209,121,13667],"class_list":["post-1209249","post","type-post","status-publish","format-standard","has-post-thumbnail","category-duesseldorf","tag-de","tag-deutschland","tag-duesseldorf","tag-germany","tag-innenminister","tag-kriminalit","tag-nordrhein-westfalen","tag-polizei","tag-waffenverbotszone"],"share_on_mastodon":{"url":"https:\/\/pubeurope.com\/@de\/117023283853647367","error":""},"_links":{"self":[{"href":"https:\/\/www.europesays.com\/de\/wp-json\/wp\/v2\/posts\/1209249","targetHints":{"allow":["GET"]}}],"collection":[{"href":"https:\/\/www.europesays.com\/de\/wp-json\/wp\/v2\/posts"}],"about":[{"href":"https:\/\/www.europesays.com\/de\/wp-json\/wp\/v2\/types\/post"}],"author":[{"embeddable":true,"href":"https:\/\/www.europesays.com\/de\/wp-json\/wp\/v2\/users\/2"}],"replies":[{"embeddable":true,"href":"https:\/\/www.europesays.com\/de\/wp-json\/wp\/v2\/comments?post=1209249"}],"version-history":[{"count":0,"href":"https:\/\/www.europesays.com\/de\/wp-json\/wp\/v2\/posts\/1209249\/revisions"}],"wp:featuredmedia":[{"embeddable":true,"href":"https:\/\/www.europesays.com\/de\/wp-json\/wp\/v2\/media\/1209250"}],"wp:attachment":[{"href":"https:\/\/www.europesays.com\/de\/wp-json\/wp\/v2\/media?parent=1209249"}],"wp:term":[{"taxonomy":"category","embeddable":true,"href":"https:\/\/www.europesays.com\/de\/wp-json\/wp\/v2\/categories?post=1209249"},{"taxonomy":"post_tag","embeddable":true,"href":"https:\/\/www.europesays.com\/de\/wp-json\/wp\/v2\/tags?post=1209249"}],"curies":[{"name":"wp","href":"https:\/\/api.w.org\/{rel}","templated":true}]}}