{"id":1209335,"date":"2026-08-02T02:15:56","date_gmt":"2026-08-02T02:15:56","guid":{"rendered":"https:\/\/www.europesays.com\/de\/1209335\/"},"modified":"2026-08-02T02:15:56","modified_gmt":"2026-08-02T02:15:56","slug":"zu-wichtig-zum-scheitern-schulen-und-pflege-sind-auf-die-bielefelder-awo-angewiesen","status":"publish","type":"post","link":"https:\/\/www.europesays.com\/de\/1209335\/","title":{"rendered":"Zu wichtig zum Scheitern? Schulen und Pflege sind auf die Bielefelder AWO angewiesen"},"content":{"rendered":"<p id=\"absatz1\" class=\"em_text\">Bielefeld. Die AWO Bielefeld (AWO Kreisverband Bielefeld e. V. und Soziale Dienstleistungen gGmbH) geh\u00f6rt zu den gro\u00dfen Anbietern sozialer Dienstleistungen f\u00fcr Kinder, Jugendliche, Erwachsene und \u00e4ltere Menschen in der Stadt.<\/p>\n<p id=\"absatz2\" class=\"em_text\">Der Verband ist im Vereinsregister beim Amtsgericht Bielefeld eingetragen und als gemeinn\u00fctzig anerkannt. Im Aufsichtsrat sitzen Karin Schrader (Vorsitzende), Wolf-Eberhard Becker (stellv. Vorsitzender), Anna-Lena Friebe, Pia Nacke und Margret St\u00fccken-Viernau. Den Vorstand bilden Kirsten Hopster (Vorsitzende) und Markus Wrobbel.<\/p>\n<p id=\"absatz3\" class=\"em_text\">Der AWO-Kreisverband Bielefeld betreibt nach eigenen Angaben insgesamt 23 Einrichtungen und engagiert sich zudem in 33 Projekten. Er besch\u00e4ftigt rund 800 Mitarbeiterinnen und Mitarbeiter. Dazu kommen etwa 400 ehrenamtliche Mitarbeiter. Fast die H\u00e4lfte aller Besch\u00e4ftigten ist laut der AWO-Vorstandsvorsitzenden Kirsten Hopster im Schulkontext t\u00e4tig: Schulsozialarbeit, offene Ganztagsgrundschule (OGS) und Schulbegleitung.<\/p>\n<p id=\"absatz4\"><b class=\"bold\">Erster Lichtblick: <\/b><a href=\"https:\/\/www.nw.de\/lokal\/bielefeld\/mitte\/24384892_Absoluter-Wille-dass-es-weitergeht-Insolvenzgeld-verschafft-AWO-Bielefeld-drei-Monate-Luft.html\" rel=\"nofollow noopener\" target=\"_blank\">Insolvenzgeld verschafft AWO Bielefeld drei Monate Luft<\/a><\/p>\n<p>\n        \u00d7\n    <\/p>\n<p>\n            Sie erhalten in wenigen Minuten eine E-Mail zur Best\u00e4tigung Ihrer Anmeldung.\n        <\/p>\n<p>Erst danach ist diese abgeschlossen.<\/p>\n<p>Bitte pr\u00fcfen Sie auch den Spam-Ordner.<\/p>\n<p>\n        \u00d7\n    <\/p>\n<p>\n            Sie haben bisher Ihre E-Mail-Adresse noch nicht best\u00e4tigt.\n        <\/p>\n<p>Erst danach ist diese abgeschlossen.<\/p>\n<p>Bitte pr\u00fcfen Sie auch den Spam-Ordner.<\/p>\n<p>\n        \u00d7\n    <\/p>\n<p>\n            Es ist einen Fehler aufgetreten\n        <\/p>\n<p>Bei Fragen hilft unser Newsletter-Support<\/p>\n<p> Newsletter<\/p>\n<p> Wirtschaft <\/p>\n<p>W\u00f6chentlich die neuesten Wirtschaftsthemen und Entwicklungen aus OWL.<\/p>\n<p>                Jetzt anmelden<\/p>\n<p>Sechs verschiedene Fachbereiche<\/p>\n<p id=\"absatz5\" class=\"em_text\">Das Angebot der AWO Bielefeld ist in insgesamt sechs Fachbereiche unterteilt: Quartier und Begegnung: Begegnungszentren f\u00fcr Senioren und Mehrgenerationenhaus, Stadtteilzentren, dem Bielefelder Modell (Wohnen mit Versorgungssicherheit).<\/p>\n<p id=\"absatz6\" class=\"em_text\">Kinder, Jugend und Familie: Betrieb einer Kindertagesst\u00e4tte, Dienst Schulbegleitung, Tr\u00e4gerschaft des Offenen Ganztags an insgesamt 25 Grundschulen in Bielefeld, Familiengrundschulzentren, Schulsozialarbeit an 13 Schulen, Beratungsstelle Wegweiser im Auftrag des Innenministeriums.<\/p>\n<p id=\"absatz7\" class=\"em_text\">Beratung von Menschen mit Zuwanderungsgeschichte: Beratungsstellen, Jugendmigrationsdienst.<\/p>\n<p id=\"absatz8\" class=\"em_text\">Soziale Hilfen und Beratung: Frauenhaus, ambulante Eingliederungshilfe, Betreuungsverein, ambulanter Hospizdienst.<\/p>\n<p id=\"absatz9\" class=\"em_text\">Bildung und Qualifizierung: Weiterbildungswerk, Sprachqualifizierung, IQ \u2013 Integration durch Qualifizierung<\/p>\n<p id=\"absatz10\" class=\"em_text\">Innovation und Entwicklung: Impulsteam f\u00fcr Projektentwicklung, Stabsaufgaben Digitalisierung, KI, Social Media, Schutzkonzepte (Kinder- und Gewaltschutz).<\/p>\n<p id=\"absatz11\"><b class=\"bold\">Mehr zum Thema:<\/b> <a href=\"https:\/\/www.nw.de\/lokal\/bielefeld\/mitte\/24384199_AWO-Bielefeld-ist-insolvent-800-Mitarbeitende-sind-von-der-Schieflage-betroffen.html\" rel=\"nofollow noopener\" target=\"_blank\">AWO Bielefeld ist insolvent \u2013 mehr als 800 Mitarbeiter von Schieflage betroffen<\/a><\/p>\n<p>Mehr als 100 Mitarbeitende in der ambulanten Pflege<\/p>\n<p id=\"absatz12\" class=\"em_text\">Die AWO Bielefeld Soziale Dienstleistungen gGmbH ist eine hundertprozentige Tochtergesellschaft des AWO-Kreisverbandes Bielefeld. Sie \u00fcbernimmt f\u00fcr den Verband Leistungen im Bereich der ambulanten Pflege an mehreren Standorten. In der Gesellschaft sind laut Pressemitteilung derzeit 105 Mitarbeiter und zwei Auszubildende besch\u00e4ftigt.<\/p>\n<p id=\"absatz13\" class=\"em_text\">Einen gro\u00dfen Teil ihrer Leistung erbringt die AWO Bielefeld f\u00fcr die Stadt. Kostentr\u00e4ger ist die Stadtverwaltung bei der OGS, Schulsozialarbeit, Seniorenarbeit, Quartiersarbeit, diversen Stadtteileinrichtungen, Schulassistenz, Straff\u00e4lligenhilfe, sozialp\u00e4dagogischer Familienhilfe, Sprachcamps und dem Frauenhaus.<\/p>\n<p>Stadt Bielefeld in engem Kontakt mit AWO-Gesch\u00e4ftsf\u00fchrung<\/p>\n<p id=\"absatz14\" class=\"em_text\">\u201eDer AWO-Kreisverband war immer ein sehr verl\u00e4sslicher Partner f\u00fcr uns, und ich bin mir sicher, dass er es auch in Zukunft sein wird. Es ist gut, dass der Tr\u00e4ger zusichert, s\u00e4mtliche Leistungen weiterhin in der gewohnten hohen Qualit\u00e4t erbringen zu k\u00f6nnen. Das verhindert Schaden f\u00fcr die Klientinnen und Klienten und f\u00fcr die Stadt. Ich setze darauf, dass der AWO-Kreisverband seine Liquidit\u00e4tsprobleme mithilfe des Insolvenzverfahrens in Eigenverantwortung, des Insolvenzgelds und der notwendigen Anpassungen m\u00f6glichst schnell \u00fcberwinden kann. Wir stehen im engen Kontakt mit der Gesch\u00e4ftsf\u00fchrung\u201c, erkl\u00e4rt Sozialdezernent Ingo N\u00fcrnberger auf NW-Anfrage. <\/p>\n","protected":false},"excerpt":{"rendered":"Bielefeld. Die AWO Bielefeld (AWO Kreisverband Bielefeld e. V. und Soziale Dienstleistungen gGmbH) geh\u00f6rt zu den gro\u00dfen Anbietern&hellip;\n","protected":false},"author":2,"featured_media":1209336,"comment_status":"","ping_status":"","sticky":false,"template":"","format":"standard","meta":{"footnotes":"","_share_on_mastodon":"0"},"categories":[1841],"tags":[1601,251837,15947,1605,103287,3364,29,553,30,1551,251839,9287,1611,1609,2379,9308,9310,2377,15354,1608,2378,118550,42500,16401,251835,198343,736,164252,1612,16897,1209,9221,251836,251840,251838],"class_list":["post-1209335","post","type-post","status-publish","format-standard","has-post-thumbnail","category-bielefeld","tag-amtsgericht","tag-anna-lena-friebe","tag-awo","tag-bielefeld","tag-cnt_mittel","tag-de","tag-deutschland","tag-familie","tag-germany","tag-insolvenz","tag-karin-schrader","tag-kreisverband","tag-label_informiere-mich","tag-label_plus-ok","tag-label_push","tag-label_republish","tag-label_social","tag-label_startseite","tag-label_stroer","tag-label_top-news","tag-label_umfrage","tag-label_whatsapp","tag-label_wirtschaft","tag-label_xxl-200","tag-markus-wrobbel","tag-meta_artikelklasse_aboanker","tag-meta_copyrights_nw","tag-meta_eo_zusammenfassung","tag-meta_themen_wirtschaft","tag-meta_userneeds_erklaeremir","tag-nordrhein-westfalen","tag-pflege","tag-pia-nacke","tag-stuecken-viernau","tag-wolf-eberhard-becker"],"share_on_mastodon":{"url":"","error":"Validation failed: Text character limit of 500 exceeded"},"_links":{"self":[{"href":"https:\/\/www.europesays.com\/de\/wp-json\/wp\/v2\/posts\/1209335","targetHints":{"allow":["GET"]}}],"collection":[{"href":"https:\/\/www.europesays.com\/de\/wp-json\/wp\/v2\/posts"}],"about":[{"href":"https:\/\/www.europesays.com\/de\/wp-json\/wp\/v2\/types\/post"}],"author":[{"embeddable":true,"href":"https:\/\/www.europesays.com\/de\/wp-json\/wp\/v2\/users\/2"}],"replies":[{"embeddable":true,"href":"https:\/\/www.europesays.com\/de\/wp-json\/wp\/v2\/comments?post=1209335"}],"version-history":[{"count":0,"href":"https:\/\/www.europesays.com\/de\/wp-json\/wp\/v2\/posts\/1209335\/revisions"}],"wp:featuredmedia":[{"embeddable":true,"href":"https:\/\/www.europesays.com\/de\/wp-json\/wp\/v2\/media\/1209336"}],"wp:attachment":[{"href":"https:\/\/www.europesays.com\/de\/wp-json\/wp\/v2\/media?parent=1209335"}],"wp:term":[{"taxonomy":"category","embeddable":true,"href":"https:\/\/www.europesays.com\/de\/wp-json\/wp\/v2\/categories?post=1209335"},{"taxonomy":"post_tag","embeddable":true,"href":"https:\/\/www.europesays.com\/de\/wp-json\/wp\/v2\/tags?post=1209335"}],"curies":[{"name":"wp","href":"https:\/\/api.w.org\/{rel}","templated":true}]}}