{"id":1209545,"date":"2026-08-02T04:55:20","date_gmt":"2026-08-02T04:55:20","guid":{"rendered":"https:\/\/www.europesays.com\/de\/1209545\/"},"modified":"2026-08-02T04:55:20","modified_gmt":"2026-08-02T04:55:20","slug":"christopher-street-day-hamburger-csd-veranstalter-meldet-teilnehmerrekord","status":"publish","type":"post","link":"https:\/\/www.europesays.com\/de\/1209545\/","title":{"rendered":"Christopher Street Day: Hamburger CSD-Veranstalter meldet Teilnehmerrekord"},"content":{"rendered":"<p class=\"paragraph article__item\">In Hamburg sind Hunderttausende anl\u00e4sslich des <a class=\"rtr-entity\" href=\"https:\/\/www.zeit.de\/thema\/christopher-street-day\" rel=\"nofollow noopener\" target=\"_blank\">Christopher Street Days<\/a> (CSD) auf die Stra\u00dfe gegangen. Rund 300.000 Menschen nahmen an der Demonstration teil, wie Polizei und Veranstalter \u00fcbereinstimmend mitteilten. Die Veranstaltung verlief demnach sehr friedlich.\n<\/p>\n<p class=\"paragraph article__item\">Dem CSD-Veranstalter zufolge wurde damit ein neuer Besucherrekord aufgestellt. Polizeiangaben zufolge wurden allerdings auch Zuschauerinnen und Zuschauer in der Sch\u00e4tzung ber\u00fccksichtigt. Im vergangenen Jahr hatten rund 260.000 Menschen teilgenommen. Vorab hatten die Veranstalter in diesem Jahr mit circa 250.000 Besucherinnen und Besucher gerechnet.\n<\/p>\n<p class=\"paragraph article__item\">Die Kundgebung unter dem Motto \u00bbSolidarisch queer. Haltung zeigen \u2013 f\u00fcr eine Zukunft ohne Angst\u00ab fand\u00a0<a href=\"https:\/\/www.zeit.de\/gesellschaft\/2026-08\/islamistischer-anschlag-berlin-csd-sicherheitsgefuehl-umfrage-civey-gxe\" target=\"_blank\" rel=\"nofollow noopener\">eine Woche nach dem islamistischen Anschlag auf den Berliner CSD<\/a> statt. Die <a class=\"rtr-entity\" href=\"https:\/\/www.zeit.de\/thema\/polizei\" rel=\"nofollow noopener\" target=\"_blank\">Polizei<\/a> war nach eigenen Angaben mit einem erh\u00f6hten Sicherheitsaufgebot pr\u00e4sent. Die Polizei wollte nach dem Anschlag in Berlin rund doppelt so viele Sicherheitskr\u00e4fte wie im Vorjahr einsetzen.\n<\/p>\n<p class=\"paragraph article__item\">Die Veranstaltenden riefen die \u00bbgesamte Stadt\u00ab zur Teilnahme auf. Der Berliner CSD-Verein nahm mit einem eigenen Wagen an der <a class=\"rtr-entity\" href=\"https:\/\/www.zeit.de\/thema\/demonstration\" rel=\"nofollow noopener\" target=\"_blank\">Demonstration<\/a> teil. Die Route der Demonstration f\u00fchrte durch die Hamburger Innenstadt, zudem gab es unter anderem ein Stra\u00dfenfest.\n<\/p>\n<p class=\"paragraph article__item\">Unter den Teilnehmenden waren auch Politikerinnen und Politiker aus <a class=\"rtr-entity\" href=\"https:\/\/www.zeit.de\/thema\/hamburg\" rel=\"nofollow noopener\" target=\"_blank\">Hamburg<\/a> und dem Bund, darunter der SPD-Fraktionschef im Bundestag, Matthias Miersch, die fr\u00fchere Gr\u00fcnen-Bundesvorsitzende Ricarda Lang und die Hamburger Umweltsenatorin Katharina Fegebank (Gr\u00fcne).\n<\/p>\n<p>            Schweigeminute bei CSD in Bonn            <\/p>\n<p class=\"paragraph article__item\">Auf dem CSD in Bonn gedachten die Teilnehmenden der Opfer des Attentats in Berlin vor einer Woche. Das B\u00fchnenprogramm auf dem M\u00fcnsterplatz begann am fr\u00fchen Samstagnachmittag mit einer Schweigeminute. \u00bbIhr wisst alle, was in Berlin passiert ist. Das hat uns alle sehr geschockt\u00ab, sagte Vorstandsmitglied Claudia Brenig vom CSD-Veranstalter Rheinqueer. \u00bbWir sind heute auch in Gedanken bei den Opfern, bei der verstorbenen Frau und bei allen, die verletzt wurden und in Berlin traumatisiert wurden.\u00ab\n<\/p>\n<p>\n                                        Newsletter<br \/>\n                                        Was jetzt, im Osten?<\/p>\n<p class=\"newsletter-signup__text\">Anl\u00e4sslich der bevorstehenden Landtagswahlen erhalten Sie ab dem 15. Juli w\u00f6chentlich Nachrichten und Stimmungsbilder zum Wahlkampf sowie zum Alltagsleben und zur Kultur im Osten der Republik.<\/p>\n<p class=\"newsletter-signup__datapolicy\" hidden=\"\">\n            Mit Ihrer Registrierung nehmen Sie die <a href=\"https:\/\/datenschutz.zeit.de\/zon#Newsletter\" target=\"_blank\" rel=\"nofollow noopener\">Datenschutzerkl\u00e4rung<\/a> zur Kenntnis.\n        <\/p>\n<p>    Vielen Dank! Wir haben Ihnen eine E-Mail geschickt.<\/p>\n<p>Pr\u00fcfen Sie Ihr Postfach und best\u00e4tigen Sie das Newsletter-Abonnement.<\/p>\n<p class=\"paragraph article__item\">\u00bbDieser Anschlag war ein Angriff auf die queere Community, auf die Demokratie, auf die Freiheit\u00ab, sagte auf dem CSD in Bonn die ehrenamtliche B\u00fcrgermeisterin Nicole Unterseh (Gr\u00fcne). \u00bbEr trifft nicht nur die queere Community, er trifft alle.\u00ab Die Politikerin rief zum Zusammenhalt auf.\n<\/p>\n<p>            Niederl\u00e4ndischer Ministerpr\u00e4sident ruft zu Protest auf            <\/p>\n<p class=\"paragraph article__item\">Bei der Pride-Parade auf den Amsterdamer Grachten rief der niederl\u00e4ndische Ministerpr\u00e4sident Rob Jetten junge LGBTIQ-Personen auf, sich offen zu bekennen. Ein Coming-out sei nicht einfach, \u00bbaber sobald man diesen Schritt gewagt hat, wird es nur noch besser\u00ab, sagte Jetten.\n<\/p>\n<p class=\"paragraph article__item\">Zugleich sei es wichtig, gegen Anfeindungen zu protestieren. \u00bbDas hat man beim Anschlag in Berlin letzte Woche gesehen\u00ab, sagte er. Die Akzeptanz der LGBTIQ-Gemeinschaft stehe weltweit unter Druck, sagte Jetten. \u00bbUnd es ist wichtig, das heute zu zeigen.\u00ab\n<\/p>\n<p class=\"paragraph article__item\">Die CSD-Kundgebungen erinnern an den 28. Juni 1969, als die Polizei die Schwulenbar Stonewall Inn in der Christopher Street in New York st\u00fcrmte. Das gilt als Geburtsstunde der modernen Lesben- und Schwulenbewegung.\n<\/p>\n<p>Mehr zum Thema<\/p>\n<p>            Queerness        <\/p>\n<p>                <a href=\"https:\/\/www.zeit.de\/politik\/2026-07\/anschlag-csd-berlin-islamismus-muslime-5vor8\" data-ct-label=\"Anschlag auf den CSD: Jetzt blo\u00df nicht spalten lassen?\" data-uuid=\"c286b83f-5f13-452d-ab8e-eec360bfd2f7\" rel=\"nofollow noopener\" target=\"_blank\"><\/p>\n<p>        Z+ (abopflichtiger Inhalt);<\/p>\n<p>    Anschlag auf den CSD:<br \/>\n                        Jetzt blo\u00df nicht spalten lassen?<\/p>\n<p>                <\/a><\/p>\n<p>                <a href=\"https:\/\/www.zeit.de\/2026\/33\/anschlag-csd-berlin-abdul-b-islamismus-justiz-gericht\" data-ct-label=\"Anschlag auf den CSD: Der Fehler geschah am Gericht\" data-uuid=\"230600cc-33a5-4511-8f8f-983482d93610\" rel=\"nofollow noopener\" target=\"_blank\"><\/p>\n<p>        Z+ (abopflichtiger Inhalt);<\/p>\n<p>    Anschlag auf den CSD:<br \/>\n                        Der Fehler geschah am Gericht<\/p>\n<p>                <\/a><\/p>\n<p>                <a href=\"https:\/\/www.zeit.de\/familie\/2026-07\/anschlag-csd-berlin-queerfeinlichkeit-homophobie-gewalt\" data-ct-label=\"Anschlag auf CSD: Die Realit\u00e4t ist kompliziert. Wir sollten uns ihr stellen\" data-uuid=\"66766fa3-9d94-4957-9207-9d0ca4306a41\" rel=\"nofollow noopener\" target=\"_blank\"><\/p>\n<p>        Z+ (abopflichtiger Inhalt);<\/p>\n<p>    Anschlag auf CSD:<br \/>\n                        Die Realit\u00e4t ist kompliziert. Wir sollten uns ihr stellen<\/p>\n<p>                <\/a><\/p>\n","protected":false},"excerpt":{"rendered":"In Hamburg sind Hunderttausende anl\u00e4sslich des Christopher Street Days (CSD) auf die Stra\u00dfe gegangen. Rund 300.000 Menschen nahmen&hellip;\n","protected":false},"author":2,"featured_media":1209546,"comment_status":"","ping_status":"","sticky":false,"template":"","format":"standard","meta":{"footnotes":"","_share_on_mastodon":"0"},"categories":[1826],"tags":[30485,507,29,30,692,16,121,14037],"class_list":["post-1209545","post","type-post","status-publish","format-standard","has-post-thumbnail","category-hamburg","tag-christopher-street-day","tag-demonstration","tag-deutschland","tag-germany","tag-hamburg","tag-politik","tag-polizei","tag-queerness"],"share_on_mastodon":{"url":"https:\/\/pubeurope.com\/@de\/117024137319155521","error":""},"_links":{"self":[{"href":"https:\/\/www.europesays.com\/de\/wp-json\/wp\/v2\/posts\/1209545","targetHints":{"allow":["GET"]}}],"collection":[{"href":"https:\/\/www.europesays.com\/de\/wp-json\/wp\/v2\/posts"}],"about":[{"href":"https:\/\/www.europesays.com\/de\/wp-json\/wp\/v2\/types\/post"}],"author":[{"embeddable":true,"href":"https:\/\/www.europesays.com\/de\/wp-json\/wp\/v2\/users\/2"}],"replies":[{"embeddable":true,"href":"https:\/\/www.europesays.com\/de\/wp-json\/wp\/v2\/comments?post=1209545"}],"version-history":[{"count":0,"href":"https:\/\/www.europesays.com\/de\/wp-json\/wp\/v2\/posts\/1209545\/revisions"}],"wp:featuredmedia":[{"embeddable":true,"href":"https:\/\/www.europesays.com\/de\/wp-json\/wp\/v2\/media\/1209546"}],"wp:attachment":[{"href":"https:\/\/www.europesays.com\/de\/wp-json\/wp\/v2\/media?parent=1209545"}],"wp:term":[{"taxonomy":"category","embeddable":true,"href":"https:\/\/www.europesays.com\/de\/wp-json\/wp\/v2\/categories?post=1209545"},{"taxonomy":"post_tag","embeddable":true,"href":"https:\/\/www.europesays.com\/de\/wp-json\/wp\/v2\/tags?post=1209545"}],"curies":[{"name":"wp","href":"https:\/\/api.w.org\/{rel}","templated":true}]}}