{"id":1209848,"date":"2026-08-02T08:25:21","date_gmt":"2026-08-02T08:25:21","guid":{"rendered":"https:\/\/www.europesays.com\/de\/1209848\/"},"modified":"2026-08-02T08:25:21","modified_gmt":"2026-08-02T08:25:21","slug":"florian-wellbrock-ich-habe-oftmals-nicht-auf-meinen-koerper-gehoert","status":"publish","type":"post","link":"https:\/\/www.europesays.com\/de\/1209848\/","title":{"rendered":"Florian Wellbrock: \u201eIch habe oftmals nicht auf meinen K\u00f6rper geh\u00f6rt\u201c"},"content":{"rendered":"<p>Nach seinem triumphalen Comeback im Vorjahr kehrt Florian Wellbrock zur EM nun zur\u00fcck an den Ort seines Olympia-Dramas: Paris. Viel hat sich seitdem ver\u00e4ndert. \u00dcber Erinnerungen an 2024, neue Sichtweisen und einen jungen Mann, von dem er sehr viel h\u00e4lt.<\/p>\n<p class=\"is-first-paragraph\" data-external=\"Article.FirstParagraph\">Am 4. August beginnen die Freiwasser-Wettbewerbe der Schwimm-EM in Paris. Florian Wellbrock, Deutschlands langj\u00e4hriger Vorzeigeschwimmer und Erfolgsgarant, <a class=\"is-link c-block-items__link c-link--rich-text-renderer\" href=\"https:\/\/www.welt.de\/sport\/article232944123\/Olympia-2021-Florian-Wellbrock-schwimmt-auf-triumphale-Weise-zu-Gold.html\" data-internal-tracking-enabled=\"true\" data-internal-tracking=\"{&quot;action&quot;:&quot;click&quot;,&quot;label&quot;:&quot;link&quot;,&quot;name&quot;:&quot;Inline Element&quot;,&quot;data&quot;:{&quot;source&quot;:&quot;&quot;,&quot;target&quot;:&quot;https:\/\/www.welt.de\/sport\/article232944123\/Olympia-2021-Florian-Wellbrock-schwimmt-auf-triumphale-Weise-zu-Gold.html&quot;,&quot;trackingName&quot;:&quot;&quot;,&quot;trackingLabel&quot;:&quot;&quot;}}\" rel=\"nofollow noopener\" target=\"_blank\">Olympiasieger und Bronzemedaillengewinner von Tokio,<\/a> hatte die Spiele 2024 als Geschlagener verlassen: Vorlauf-Aus \u00fcber 800 und 1500 Meter, danach Rang acht im Freiwasser. 2025 kehrte er dann eindrucksvoll zur\u00fcck und gewann in Singapur alle vier WM-Titel im Freiwasser \u2013 drei alleine, einen mit der Staffel\u2013, dazu <a class=\"is-link c-block-items__link c-link--rich-text-renderer\" href=\"https:\/\/www.welt.de\/sport\/article-688e80e08c8eec4efca1bffe\/schwimm-wm-2025-zweiter-silber-coup-fuer-sven-schwarz-wellbrock-verpasst-podest.html\" data-internal-tracking-enabled=\"true\" data-internal-tracking=\"{&quot;action&quot;:&quot;click&quot;,&quot;label&quot;:&quot;link&quot;,&quot;name&quot;:&quot;Inline Element&quot;,&quot;data&quot;:{&quot;source&quot;:&quot;&quot;,&quot;target&quot;:&quot;https:\/\/www.welt.de\/sport\/article-688e80e08c8eec4efca1bffe\/schwimm-wm-2025-zweiter-silber-coup-fuer-sven-schwarz-wellbrock-verpasst-podest.html&quot;,&quot;trackingName&quot;:&quot;&quot;,&quot;trackingLabel&quot;:&quot;&quot;}}\" rel=\"nofollow noopener\" target=\"_blank\">Rang f\u00fcnf im Becken \u00fcber 1500 Meter<\/a>. Jetzt also wieder Paris. <\/p>\n<p><b>WELT:<\/b> Es geht zur\u00fcck in die Seine. Bei der EM wird allerdings an anderer Stelle geschwommen als bei den Olympischen Spielen 2024. Schade?<\/p>\n<p><b>Florian Wellbrock:<\/b> Ja, das ist schade. Ich h\u00e4tte gerne die olympische Strecke gehabt. Einfach um zu schauen: Wie f\u00fchlt es sich an, wie k\u00f6nnte es ausgehen, wenn ich dem Ganzen eine zweite Chance gebe?<\/p>\n<p><b>WELT:<\/b> Wie ist f\u00fcr Sie, an den Ort Ihrer Olympia-Entt\u00e4uschung zur\u00fcckzukehren?<\/p>\n<p><b>Wellbrock:<\/b> Irgendwie freue ich mich. Ich war 2024 im Sp\u00e4tsommer nochmal f\u00fcr einen Sponsoren-Termin in Paris, bin an der Seine entlang spaziert und habe die ganzen Eindr\u00fccke auf mich einprasseln lassen. Damals waren die olympischen Ringe noch am Eiffelturm angebracht, und in der Stadt hingen noch viele Plakate. Das war f\u00fcr mich definitiv mit einer leichten Traurigkeit verbunden. Ich dachte: \u201eEs ist so schade, warum hat es nicht geklappt? Du hast so lange auf so ein gro\u00dfes Ziel hingearbeitet \u2013 und dann das.\u201c Jetzt fahre ich hin und sehe es als eine neue Chance. Ich freue mich darauf.<\/p>\n<p><b>WELT:<\/b> 2025 sind Sie <a class=\"is-link c-block-items__link c-link--rich-text-renderer\" href=\"https:\/\/www.welt.de\/sport\/article-687c46c43e67c8722e9b5a90\/schwimm-wm-das-ist-verrueckt-wellbrock-holt-viertes-gold-in-fuenf-tagen.html\" data-internal-tracking-enabled=\"true\" data-internal-tracking=\"{&quot;action&quot;:&quot;click&quot;,&quot;label&quot;:&quot;link&quot;,&quot;name&quot;:&quot;Inline Element&quot;,&quot;data&quot;:{&quot;source&quot;:&quot;&quot;,&quot;target&quot;:&quot;https:\/\/www.welt.de\/sport\/article-687c46c43e67c8722e9b5a90\/schwimm-wm-das-ist-verrueckt-wellbrock-holt-viertes-gold-in-fuenf-tagen.html&quot;,&quot;trackingName&quot;:&quot;&quot;,&quot;trackingLabel&quot;:&quot;&quot;}}\" rel=\"nofollow noopener\" target=\"_blank\">bei der WM triumphal zur\u00fcckgekehrt<\/a>. War Paris irgendwo, so bitter es vielleicht sein mag, notwendig f\u00fcr Ihre Zukunft in diesem Sport?<\/p>\n<p><b>Wellbrock:<\/b> Ohne spirituell zu werden \u2013 ich sage immer, dass nichts aus Zufall passiert. Wer wei\u00df, wof\u00fcr es gut war, diesen sportlichen Misserfolg zu erfahren. Die WM 2025 in Singapur hat nat\u00fcrlich eine Menge Spa\u00df gemacht, aber wenn jetzt eine Fee vorbeik\u00e4me und mir anbieten w\u00fcrde, meine vier Goldmedaillen aus Singapur gegen eine olympische Medaille aus Paris einzutauschen, w\u00fcrde ich das machen. Es geht einfach nichts \u00fcber eine olympische Medaille. Aber es ist, wie es ist. Ich bin danach wie Ph\u00f6nix aus der Asche zur\u00fcckgekommen und habe gezeigt, dass ich noch schwimmen kann. Je mehr Abstand ich gewinne, desto klarer wird es auch, warum das alles so gekommen ist.<\/p>\n<p><b>WELT:<\/b> Wir sprachen zuletzt vor einem Jahr ausf\u00fchrlich. Haben Sie seitdem also noch neue Erkenntnis mit Blick auf Paris dazugewonnen?<\/p>\n<p><b>Wellbrock:<\/b> Tats\u00e4chlich ja. Mir ist noch viel bewusster geworden, wie wichtig die eigene Stimme des K\u00f6rpers ist. Ich habe oftmals nicht auf meinen K\u00f6rper geh\u00f6rt, wenn ich mich mal nicht gut gef\u00fchlt habe \u2013 ob mental oder k\u00f6rperlich. Ich bin immer ins Training gegangen, habe immer Vollgas gegeben, habe meinen K\u00f6rper geschliffen, wo es nur ging. Das mache ich mittlerweile etwas anders. Ich bin deutlich vorsichtiger geworden und gebe meinem K\u00f6rper die n\u00f6tige Zeit, wenn er sie braucht. Ich glaube, damit f\u00e4hrt man insgesamt besser.<\/p>\n<p><b>WELT:<\/b> Nach dem WM-Triumph im vergangenen Jahr lief dieses Jahr bisher nicht wie erhofft. Sie haben den Freiwasser-Weltcup nur auf Rang zehn beendet. Was war los?<\/p>\n<p><b>Wellbrock:<\/b> Die Saison l\u00e4uft holprig und komplett anders, als ich mir das vorgestellt habe. Ich wollte in der Weltcup-Gesamtserie eigentlich unter die Top 3 schwimmen. Es begann auch gut \u2013 mit einem Sieg in \u00c4gypten, aber danach habe ich Probleme gehabt, so richtig gut ins Training zu finden. Ich war in der Saison auch insgesamt dreimal krank, was f\u00fcr mich ungew\u00f6hnlich ist. Vor dem zweiten Weltcup habe ich au\u00dferdem zehn Tage pausiert, weil ich die Diagnose eines leichten \u00dcbertrainings bekommen hatte. Gestartet bin ich auf Ibiza danach zwar dennoch, einfach als Test, habe danach aber einen Weltcup ausgelassen und mich darauf konzentriert, zu Hause wieder kontinuierliches Training aufzunehmen.<\/p>\n<p><b>WELT:<\/b> Zweifelt man in solchen Momenten, wenn es nicht nach Plan l\u00e4uft?<\/p>\n<p><b>Wellbrock:<\/b> Nat\u00fcrlich bringt das hin und wieder Zweifel mit sich. Andererseits kann ich das mittlerweile deutlich besser einordnen und bewerten. Und irgendwie ist das auch menschlich. 2025 war ich zum Beispiel gar nicht krank, habe keine einzige Trainingseinheit verpasst \u2013 jetzt hat sich der K\u00f6rper vielleicht einfach seine Pausen geholt, die er gebraucht hat. Und ich gebe sie ihm.<\/p>\n<p><b>WELT:<\/b> K\u00f6nnen Sie also wegen der Paris-Lehren jetzt einigerma\u00dfen entspannt mit der Situation umgehen und ohne schlechtes Gewissen auf Ihren K\u00f6rper h\u00f6ren?<\/p>\n<p><b>Wellbrock:<\/b> Ja, mit Sicherheit. Es war aber ein langer Prozess. Sobald ich eine Einheit verpasst habe, hatte ich sonst immer das Gef\u00fchl: \u00dcberall auf der Welt wird gerade trainiert. Wann hole ich das wieder auf?<\/p>\n<p><b>WELT:<\/b> Damit haben Sie sich selbst nat\u00fcrlich enorm unter Druck gesetzt.<\/p>\n<p><b>Wellbrock:<\/b> Mittlerweile, vielleicht auch durch die Erfolge, die ich schon hatte, denke ich immer \u00f6fter: Bei all der Wichtigkeit, die das Training und der Erfolg haben, ist es nur Sport. Es gibt so viel Wichtigeres. Und die k\u00f6rperliche Gesundheit geh\u00f6rt einfach dazu. Ich brauche meinen K\u00f6rper ja nicht nur f\u00fcr den Leistungssport, sondern danach noch viele weitere Jahre. Diese Herangehensweise nimmt auch ein bisschen Druck heraus. Und das tut mir gut.<\/p>\n<p><b>WELT:<\/b> Was bedeutet denn der bisherige Saisonverlauf f\u00fcr die EM?<\/p>\n<p><b>Wellbrock:<\/b> Die Erwartungen sind ein bisschen zur\u00fcckgeschraubt. Letztes Jahr war es nat\u00fcrlich eine gigantische Erfolgswelle \u2013 deshalb war von vornherein klar, dass es danach nur schlechter werden kann. Ich will mich in Paris auf jeden Fall auf die zehn Kilometer konzentrieren; das ist nach wie vor mein Hauptevent. Wenn ich da in die Top Ten komme, haben wir dieses Jahr schon viel erreicht. Ich hoffe vor allem auch, dass die Wasserwerte so weit passen, dass niemand krank wird. 2024 war das ja bei einigen Athleten der Fall. Deswegen hoffe ich, dass nachhaltig wirklich etwas an den Wasserwerten ver\u00e4ndert werden konnte \u2013 so, wie die Politik es der Gesellschaft versprochen hatte \u2013 und wir halbwegs sauberes Wasser vorfinden.<\/p>\n<p><b>WELT:<\/b> Sauberes Wasser war zuletzt beim Weltcup in Portugal ein gro\u00dfes Thema. Dort sind mehrere Athletinnen erkrankt. Gibt es im Freiwasser generell Handlungsbedarf?<\/p>\n<p><b>Wellbrock:<\/b> Meiner Meinung nach auf jeden Fall. Freiwasserschwimmen ist ja noch mehr Nische als Schwimmschwimmen ohnehin schon. Und du hilfst als Verband oder als Veranstalter nicht, einen Sport oder ein Event gro\u00df zu machen, wenn du den wichtigsten Akteuren, also den Athleten, Steine in den Weg legst. Meiner Meinung nach m\u00fcsste das Ziel des Weltverbandes sein, weiter gute Sportler aus dem Becken ins Freiwasser zu locken, damit noch mehr Qualit\u00e4t, mehr Geschwindigkeit reinkommt. Aber schlechte Bedingungen schrecken nat\u00fcrlich ab. Sicherheit und Gesundheit m\u00fcssen Priorit\u00e4t Nummer eins sein, aber das ist offensichtlich nicht gegeben, wenn etwa zehn Athletinnen nach einem Wettkampf im Krankenhaus \u00e4rztlich versorgt werden.<\/p>\n<p><b>WELT:<\/b> Es hat sich im Vergleich zu fr\u00fcher viel getan, aber offensichtlich nicht genug?<\/p>\n<p><b>Wellbrock:<\/b> Ich habe nach wie vor das Gef\u00fchl, dass es zu wenig ist. Bei der WM in Singapur hatten wir die Situation, dass wir teilweise um sechs Uhr morgens die Nachricht bekamen, wann wir denn am Tag schwimmen oder ob wir \u00fcberhaupt schwimmen, weil die Wasserwerte nicht passten oder\/und die Wassertemperaturen zu hoch waren. In vielen anderen Sporteisen w\u00e4re es unvorstellbar, mit den Athleten so umzugehen. Und man kann von vornherein Gew\u00e4sser ausw\u00e4hlen, deren Qualit\u00e4t stabil ist.<\/p>\n<p><b>WELT:<\/b> Lassen Sie uns zur\u00fcckkommen zur EM. Im Becken werden Sie nicht antreten. Am 16. August ist in Long Beach ein Freiwasser-Wettkampf \u2013 treten Sie stattdessen dort an und testen die olympische Strecke?<\/p>\n<p><b>Wellbrock:<\/b> Es wird in Los Angeles dieses Jahr zwar leider nicht der richtige Olympiakurs von 2028 sein, aber ich werde dort antreten. So kann ich in L.A. schon mal einen Wettkampf schwimmen und habe au\u00dferdem die M\u00f6glichkeit, auf dem richtigen Olympiakurs zu trainieren. Das wird eine Art Olympia-Test-Event. Ich habe ein \u00e4hnliches Test-Event damals vor den Spielen in Tokio nicht gemacht, was mich sp\u00e4ter ein bisschen ge\u00e4rgert hat. Deswegen m\u00f6chte ich mir die Chance jetzt nicht nehmen lassen. Im Februar hatten wir deshalb beschlossen, uns dieses Jahr aufs Freiwasser zu konzentrieren.<\/p>\n<p><b>WELT:<\/b> Werden Sie dennoch wieder im Becken antreten?<\/p>\n<p><b>Wellbrock:<\/b> Ja, das ist der Plan. N\u00e4chstes Jahr m\u00f6chte ich auf jeden Fall zur\u00fcck auf die 1500 Meter, und auch auf die 800. Was da dieses Jahr bei den Jungs in Deutschland mit Sven Schwarz, Oliver Klemet, Lukas M\u00e4rtens und Johannes Liebmann abgeht, ist Wahnsinn. Das wird kein Leichtes sein f\u00fcr mich. Aber gerade bei den 1500 Metern h\u00e4ngt so viel Herz dran \u2013 die m\u00f6chte ich n\u00e4chstes Jahr bei der WM auf jeden Fall schwimmen.<\/p>\n<p><b>WELT:<\/b> Bei der EM werden es jetzt in den Vorl\u00e4ufen \u00fcber 400, 800 und 1500 Meter deutsche Ausscheidungsrennen, da nur zwei Athleten einer Nation ins Finale d\u00fcrfen. Medaillenchancen haben pro Strecke allerdings jeweils drei, teils sogar vier Deutsche. Wie sehen Sie die Situation?<\/p>\n<p><b>Wellbrock:<\/b> Es ist mit Sicherheit keine einfache Situation. Keiner muss den Vorlauf so anstrengend gestalten wie die Deutschen auf den langen Kraulstrecken. Es wird interessant sein, welche zwei sich jeweils durchsetzen werden und wie schnell die Jungs dann f\u00fcrs Finale regenerieren k\u00f6nnen. Das wird eine Mammutsaufgabe.<\/p>\n<p><b>WELT:<\/b> W\u00e4hrend sich die Konkurrenz im Vorlauf nicht auspowern muss und den Deutschen am Ende eventuell K\u00f6rner fehlen k\u00f6nnten. Ein Wort zu Johannes Liebmann. Er sagt, dass er sehr von Ihrer Erfahrung profitiere, Sie ihm helfen und ein Ansprechpartner sind. Wie sehen Sie ihn als Schwimmer, als Typen?<\/p>\n<p><b>Wellbrock:<\/b> Gef\u00e4hrlich! Es ist wahnsinnig interessant und spannend, mit Johannes als Trainingskollege zusammenzuarbeiten. Er bringt enorm viel mit, um ein extrem gutes Niveau zu erreichen. Sein Europarekord wird mit Sicherheit noch nicht das Ende gewesen sein. Das Tolle bei ihm ist dieses Wissbegierige. Er ist keiner, der denkt: \u201eIch bin jetzt Europarekordhalter, wei\u00df alles und bin der Coolste.\u201c Stattdessen schaut er sich um und beobachtet: Wie machen das die Jungs, die ein bisschen mehr Erfahrung haben? Wenn er unsicher ist, fragt er nach. Diese Herangehensweise und Art gepaart mit gutem Training, seinem gro\u00dfen Talent und allem, was dazugeh\u00f6rt kann ihn f\u00fcr die n\u00e4chsten Jahre richtig gef\u00e4hrlich machen.<\/p>\n<p><b>WELT:<\/b> Wagen Sie einen Tipp f\u00fcr die 400, 800 und 1500 Meter? Wer setzt sich durch?<\/p>\n<p><b>Wellbrock:<\/b> Bei den 400 w\u00fcrde ich behaupten, dass sich Lukas und Olli Klemet f\u00fcrs Finale durchsetzen. Dann hoffe ich, dass Lukas und Olli dort auch Platz eins und zwei belegen. \u00dcber die 800 denke ich, dass sich Sven und Johannes durchsetzen und dass Johannes als Europarekordhalter gute Chancen hat, im Finale zu gewinnen. Ich gehe aber auch davon aus, dass Sven eine Medaille holen wird. Die 1500 finde ich am schwersten abzusch\u00e4tzen, glaube aber, dass sich auch dort Sven und Johannes durchsetzen. Olli wird vielleicht ein bisschen angeknackst sein aufgrund der Freiwasser-Wettk\u00e4mpfe vorab.<\/p>\n<p><b>WELT:<\/b> Oliver Klemet schwimmt im Freiwasser voraussichtlich alles, hat ein immenses Pensum. Erst danach kommen ja die Becken-Wettbewerbe.<\/p>\n<p><b>Wellbrock:<\/b> Er hat ein beachtliches Programm. Das k\u00f6nnte \u00fcber die 1500 Meter durchaus eine entscheidende Rolle spielen. Aber auch hier geh\u00f6rt Johannes f\u00fcr mich zu den ganz hei\u00dfen Kandidaten. Ich glaube, Johannes bringt alles mit, um \u00fcber kurz oder lang auch meinen deutschen Rekord anzugreifen. Und ich muss sagen: Sven war k\u00fcrzlich bei uns Magdeburgern mit im Trainingslager, und es war schon echt stark, was Johannes, Olli und er da abgeliefert haben. Da kann ich nur meinen Hut ziehen.<\/p>\n<p><b>WELT:<\/b> Umso interessanter, dass Sie n\u00e4chstes Jahr da wieder eingreifen wollen. Es schreckt Sie also nicht ab? <\/p>\n<p><b>Wellbrock:<\/b> Ich bin letztes Jahr eine 14:36 geschwommen und halte nach wie vor den deutschen Rekord. Ich muss mich nicht verstecken. Wenn es nicht klappt, dann ist es so, aber ich m\u00f6chte es auf jeden Fall versuchen. Und solange ich daran glaube, dass ich es schaffen kann, steht dem nichts im Wege.<\/p>\n","protected":false},"excerpt":{"rendered":"Nach seinem triumphalen Comeback im Vorjahr kehrt Florian Wellbrock zur EM nun zur\u00fcck an den Ort seines Olympia-Dramas:&hellip;\n","protected":false},"author":2,"featured_media":1209849,"comment_status":"","ping_status":"","sticky":false,"template":"","format":"standard","meta":{"footnotes":"","_share_on_mastodon":"0"},"categories":[136],"tags":[20373,29,38243,30,13025,265,45,251908],"class_list":["post-1209848","post","type-post","status-publish","format-standard","has-post-thumbnail","category-sport","tag-schwimmen","tag-deutschland","tag-florian","tag-germany","tag-olympische-spiele","tag-sport","tag-texttospeech","tag-wellbrock"],"share_on_mastodon":{"url":"https:\/\/pubeurope.com\/@de\/117024962987846751","error":""},"_links":{"self":[{"href":"https:\/\/www.europesays.com\/de\/wp-json\/wp\/v2\/posts\/1209848","targetHints":{"allow":["GET"]}}],"collection":[{"href":"https:\/\/www.europesays.com\/de\/wp-json\/wp\/v2\/posts"}],"about":[{"href":"https:\/\/www.europesays.com\/de\/wp-json\/wp\/v2\/types\/post"}],"author":[{"embeddable":true,"href":"https:\/\/www.europesays.com\/de\/wp-json\/wp\/v2\/users\/2"}],"replies":[{"embeddable":true,"href":"https:\/\/www.europesays.com\/de\/wp-json\/wp\/v2\/comments?post=1209848"}],"version-history":[{"count":0,"href":"https:\/\/www.europesays.com\/de\/wp-json\/wp\/v2\/posts\/1209848\/revisions"}],"wp:featuredmedia":[{"embeddable":true,"href":"https:\/\/www.europesays.com\/de\/wp-json\/wp\/v2\/media\/1209849"}],"wp:attachment":[{"href":"https:\/\/www.europesays.com\/de\/wp-json\/wp\/v2\/media?parent=1209848"}],"wp:term":[{"taxonomy":"category","embeddable":true,"href":"https:\/\/www.europesays.com\/de\/wp-json\/wp\/v2\/categories?post=1209848"},{"taxonomy":"post_tag","embeddable":true,"href":"https:\/\/www.europesays.com\/de\/wp-json\/wp\/v2\/tags?post=1209848"}],"curies":[{"name":"wp","href":"https:\/\/api.w.org\/{rel}","templated":true}]}}