{"id":1209913,"date":"2026-08-02T09:11:22","date_gmt":"2026-08-02T09:11:22","guid":{"rendered":"https:\/\/www.europesays.com\/de\/1209913\/"},"modified":"2026-08-02T09:11:22","modified_gmt":"2026-08-02T09:11:22","slug":"wetter-deutschland-neue-hitzewelle-droht-warnung-vor-hagel-und-gewitter","status":"publish","type":"post","link":"https:\/\/www.europesays.com\/de\/1209913\/","title":{"rendered":"Wetter Deutschland: Neue Hitzewelle droht \u2013 Warnung vor Hagel und Gewitter"},"content":{"rendered":"<p>Was jetzt auf Deutschland zukommt <\/p>\n<p>Meteorologe spricht von 40 Grad und schweren Unwettern<\/p>\n<ul class=\"grid grid-flow-col gap-4\" aria-label=\"Autorenbilder\">\n<li class=\"leading-0\"><img data-tb-author-image=\"\"  loading=\"lazy\" src=\"https:\/\/www.europesays.com\/de\/wp-content\/uploads\/2026\/05\/1779819472_857_image.jpg\" alt=\"\" title=\"\" width=\"40\" height=\"40\" class=\"\" decoding=\"async\"\/><\/li>\n<\/ul>\n<p>02.08.2026 &#8211; 10:37 UhrLesedauer: 2 Min.<\/p>\n<p><a href=\"#focus-0\" class=\"transition-colors block text-current relative\" data-sctrack=\"FocusGalleryImage.Reference\"><img fetchpriority=\"high\" data-testid=\"Opener.Image\"   loading=\"eager\" src=\"https:\/\/www.europesays.com\/de\/wp-content\/uploads\/2026\/08\/wetterprognosen-laut-dem-wettermodell-des-dwd-der-schwerpunkt-der-hitzewelle-wird-zunaechst-im-suede.png\" alt=\"Wetterprognosen laut dem Wettermodell des DWD: Der Schwerpunkt der Hitzewelle wird zun\u00e4chst im S\u00fcden Deutschlands liegen.\" title=\"Wetterprognosen laut dem Wettermodell des DWD: Der Schwerpunkt der Hitzewelle wird zun\u00e4chst im S\u00fcden Deutschlands liegen.\" width=\"668\" height=\"376\" class=\"bg-[url:var(--lqipURL)] bg-cover bg-center flex h-full w-full max-w-full\" style=\"--lqipURL:url('https:\/\/images.t-online.de\/2026\/08\/MjcYlG3PfWLe\/0x36:668x376\/fit-in\/150x0\/filters:blur(25)\/wetterprognosen-laut-dem-wettermodell-des-dwd-der-schwerpunkt-der-hitzewelle-wird-zunaechst-im-sueden-deutschlands-liegen.png')\" decoding=\"async\"\/><img loading=\"lazy\" src=\"https:\/\/www.t-online.de\/s\/paper\/_next\/static\/media\/zoom-in.f7dae02f.svg\" alt=\"Vergr\u00f6\u00dfern des Bildes\" title=\"Vergr\u00f6\u00dfern des Bildes\" class=\"block h-[calc(var(--height)_\/_16_*_1rem)] w-[calc(var(--width)_\/_16_*_1rem)] max-w-none absolute right-8 bottom-8 rounded-4 bg-snow p-8\" style=\"--width:32;--height:32\" decoding=\"async\"\/><\/a><\/p>\n<p>Wetterprognosen laut dem Wettermodell des DWD: Der Schwerpunkt der Hitzewelle wird zun\u00e4chst im S\u00fcden Deutschlands liegen. (Quelle: meteociel.fr\/ICON-Modell)<\/p>\n<p><img loading=\"lazy\" src=\"https:\/\/www.t-online.de\/s\/paper\/_next\/static\/media\/audio-volume.6689034c.svg\" alt=\"\" title=\"\" class=\"block h-[calc(var(--height)_\/_16_*_1rem)] w-[calc(var(--width)_\/_16_*_1rem)] max-w-none group-hover:brightness-0 group-hover:invert\" style=\"--width:16;--height:16\" decoding=\"async\"\/>Vorlesen<\/p>\n<p>Aktuelle Zeit:0:00Gesamtdauer:0:00<\/p>\n<p>1x<\/p>\n<p class=\"text-center\">Jetzt neu bei t-online:<\/p>\n<p class=\"text-center\">Schriftgr\u00f6\u00dfe anpassen!<\/p>\n<p><img loading=\"lazy\" src=\"https:\/\/www.t-online.de\/s\/paper\/_next\/static\/media\/font-sizes.32942e33.svg\" alt=\"\" title=\"\" class=\"block h-[calc(var(--height)_\/_16_*_1rem)] w-[calc(var(--width)_\/_16_*_1rem)] max-w-none group-hover:hidden group-aria-expanded:hidden\" style=\"--width:16;--height:16\" decoding=\"async\"\/><img loading=\"lazy\" src=\"https:\/\/www.t-online.de\/s\/paper\/_next\/static\/media\/font-sizes-dark-mode.e382645c.svg\" alt=\"\" title=\"\" class=\"block h-[calc(var(--height)_\/_16_*_1rem)] w-[calc(var(--width)_\/_16_*_1rem)] max-w-none hidden group-hover:block group-aria-expanded:block\" style=\"--width:16;--height:16\" decoding=\"async\"\/><img loading=\"lazy\" src=\"https:\/\/www.t-online.de\/s\/paper\/_next\/static\/media\/sharing-menu-icon.1eb71368.svg\" alt=\"\" title=\"\" class=\"block h-[calc(var(--height)_\/_16_*_1rem)] w-[calc(var(--width)_\/_16_*_1rem)] max-w-none group-hover:brightness-0 group-hover:invert\" style=\"--width:16;--height:16\" decoding=\"async\"\/>Artikel teilen<\/p>\n<p class=\"font-bold text-18 leading-17 user-text-lg:text-22 user-text-xl:text-24\">Auf ganz Deutschland rollt bereits die n\u00e4chste Hitzewelle zu, enorme Temperaturen sind laut Prognosen zu erwarten. Ein Wetterexperte sieht nun sogar einen Rekord aus dem Jahr 2003 wanken.<\/p>\n<p class=\"text-18 leading-17 user-text-lg:text-22 user-text-xl:text-24\">Der Sommer g\u00f6nnt sich am Wochenende eine kleine Verschnaufpause, zumindest in Teilen Deutschlands: W\u00e4hrend die Menschen im S\u00fcden bei Werten \u00fcber 30 Grad schwitzen, ist es im Norden bei Werten um oder leicht \u00fcber 20 Grad gut ertr\u00e4glich. Doch Diplom-Meteorologe Dominik Jung vom Wetterdienst Q.met ist sich sicher: Schon in der neuen Woche kommt die Gluthitze fl\u00e4chendeckend zur\u00fcck. &#8222;Das Hoch \u00fcbernimmt wieder das Kommando&#8220;, sagt Jung zu t-online.<\/p>\n<p class=\"text-18 leading-17 user-text-lg:text-22 user-text-xl:text-24\">Deutschland erlebe derzeit eine klassische S\u00fcdwestwetterlage. Laut Jung ist dies &#8222;meteorologisch die reinste Zwickm\u00fchle&#8220;: Auf der einen Seite liegt ein z\u00e4hes Tief bei Skandinavien, auf der anderen ein kr\u00e4ftiger Hochdruckr\u00fccken, der von <a href=\"https:\/\/www.t-online.de\/themen\/spanien\/\" class=\"transition-colors cursor-pointer no-underline md:hover:text-magenta md:focus:text-magenta border-b border-solid border-current text-salemsfur md:hover:border-magenta\" data-tracking=\"{&quot;action&quot;:&quot;click&quot;,&quot;category&quot;:&quot;intextLink&quot;,&quot;label&quot;:&quot;\/themen\/spanien\/&quot;}\" data-sctrack=\"BodyAnchor\" rel=\"nofollow noopener\" target=\"_blank\">Spanien<\/a> bis nach Osteuropa reicht. Dazwischen gelangt feuchthei\u00dfe Luft aus dem S\u00fcdwesten ins Land. &#8222;Das Ergebnis ist genau die Mischung, die den ganzen Sommer 2026 pr\u00e4gt: hei\u00df, schw\u00fcl und jederzeit anf\u00e4llig f\u00fcr kr\u00e4ftige Gewitter&#8220;, ordnet der Wetterexperte ein.<\/p>\n<ul class=\"text-18 leading-17 block pl-24 *:pb-16 *:before:inline-block *:before:size-8 *:before:bg-magenta *:before:mt-0 *:before:mr-12 *:before:mb-2 *:before:-ml-[20px]\">\n<li><strong class=\"font-bold\">&#8222;Das ist die H\u00f6lle&#8220;:<\/strong> <a href=\"https:\/\/www.t-online.de\/nachrichten\/panorama\/wetter\/id_101370376\/unwetter-zerstoeren-imbiss-von-tv-koechin-bilder-zeigen-verwuestung.html\" class=\"transition-colors cursor-pointer no-underline md:hover:text-magenta md:focus:text-magenta border-b border-solid border-current text-salemsfur md:hover:border-magenta\" data-tracking=\"{&quot;action&quot;:&quot;click&quot;,&quot;category&quot;:&quot;intextLink&quot;,&quot;label&quot;:&quot;\/nachrichten\/panorama\/wetter\/id_101370376\/unwetter-zerstoeren-imbiss-von-tv-koechin-bilder-zeigen-verwuestung.html&quot;}\" data-sctrack=\"BodyAnchor\" rel=\"nofollow noopener\" target=\"_blank\">Imbiss von TV-K\u00f6chin wird unter B\u00e4umen begraben<\/a><\/li>\n<li><strong class=\"font-bold\">&#8222;Keineswegs selbstverst\u00e4ndlich&#8220;:<\/strong> <a href=\"https:\/\/www.t-online.de\/nachrichten\/panorama\/menschen-schicksale\/id_101370818\/dementer-deutscher-bei-alpen-drama-bergwacht-verkuendet-ueberraschendes-ende.html\" class=\"transition-colors cursor-pointer no-underline md:hover:text-magenta md:focus:text-magenta border-b border-solid border-current text-salemsfur md:hover:border-magenta\" data-tracking=\"{&quot;action&quot;:&quot;click&quot;,&quot;category&quot;:&quot;intextLink&quot;,&quot;label&quot;:&quot;\/nachrichten\/panorama\/menschen-schicksale\/id_101370818\/dementer-deutscher-bei-alpen-drama-bergwacht-verkuendet-ueberraschendes-ende.html&quot;}\" data-sctrack=\"BodyAnchor\" rel=\"nofollow noopener\" target=\"_blank\">Dementer Deutscher in Alpen-Not \u2013 \u00fcberraschendes Ende<\/a><\/li>\n<\/ul>\n<p>Wetter: Prognosen f\u00fcr neue Hitzewelle<\/p>\n<p class=\"text-18 leading-17 user-text-lg:text-22 user-text-xl:text-24\">Zum Beginn der neuen Woche baut sich laut den Prognosen des Deutschen Wetterdienstes (DWD) eine neue <a href=\"https:\/\/www.t-online.de\/themen\/hitzewelle\/\" class=\"transition-colors cursor-pointer no-underline md:hover:text-magenta md:focus:text-magenta border-b border-solid border-current text-salemsfur md:hover:border-magenta\" data-tracking=\"{&quot;action&quot;:&quot;click&quot;,&quot;category&quot;:&quot;intextLink&quot;,&quot;label&quot;:&quot;\/themen\/hitzewelle\/&quot;}\" data-sctrack=\"BodyAnchor\" rel=\"nofollow noopener\" target=\"_blank\">Hitzewelle<\/a> auf: F\u00fcr Montag rechnen die Meteorologen mit bis zu 37 Grad, f\u00fcr Dienstag mit Spitzentemperaturen von 38 Grad. Nur im Norden wird es mit maximal 31 Grad ertr\u00e4glicher.<\/p>\n<p>Im Video | Was die Hitze f\u00fcr deutsche Seen bedeutet<\/p>\n<p><img loading=\"lazy\" src=\"https:\/\/www.t-online.de\/s\/paper\/_next\/static\/media\/loading-indicator-magenta.1f35d8de.svg\" alt=\"Video l\u00e4dt\" title=\"Video l\u00e4dt\" class=\"block h-[calc(var(--height)_\/_16_*_1rem)] w-[calc(var(--width)_\/_16_*_1rem)] max-w-none undefined\" style=\"--width:32;--height:32\" decoding=\"async\"\/>Player wird geladen<\/p>\n<p class=\"text-18 leading-17 user-text-lg:text-22 user-text-xl:text-24\">Wetterexperte Jung will \u00f6rtlich unter Umst\u00e4nden sogar Werte bis 40 Grad nicht ausschlie\u00dfen, wie er t-online sagt. Allerdings: Die kursierenden 43 bis 45 Grad aus einzelnen amerikanischen Wettermodelll\u00e4ufen halte er in Deutschland f\u00fcr unrealistisch. Das seien &#8222;Ausrei\u00dfer einzelner Berechnungen, keine seri\u00f6se Prognose&#8220;.<\/p>\n<p>Gewitter in Deutschland: Experten sehen Starkregen-Unwetter<\/p>\n<p class=\"text-18 leading-17 user-text-lg:text-22 user-text-xl:text-24\">Und mit der Hitze bleiben auch Gewitter ein Thema: Der <a href=\"https:\/\/www.t-online.de\/themen\/deutscher-wetterdienst\/\" class=\"transition-colors cursor-pointer no-underline md:hover:text-magenta md:focus:text-magenta border-b border-solid border-current text-salemsfur md:hover:border-magenta\" data-tracking=\"{&quot;action&quot;:&quot;click&quot;,&quot;category&quot;:&quot;intextLink&quot;,&quot;label&quot;:&quot;\/themen\/deutscher-wetterdienst\/&quot;}\" data-sctrack=\"BodyAnchor\" rel=\"nofollow noopener\" target=\"_blank\">DWD<\/a> spricht in seiner Prognose f\u00fcr Dienstag und Mittwoch von einer &#8222;markanten Schwergewitterlage&#8220;. Schon am Montag sind laut den Meteorologen lokale Gewitter mit <a href=\"https:\/\/www.t-online.de\/themen\/starkregen\/\" class=\"transition-colors cursor-pointer no-underline md:hover:text-magenta md:focus:text-magenta border-b border-solid border-current text-salemsfur md:hover:border-magenta\" data-tracking=\"{&quot;action&quot;:&quot;click&quot;,&quot;category&quot;:&quot;intextLink&quot;,&quot;label&quot;:&quot;\/themen\/starkregen\/&quot;}\" data-sctrack=\"BodyAnchor\" rel=\"nofollow noopener\" target=\"_blank\">Starkregen<\/a> und Orkanb\u00f6en m\u00f6glich, auch bis zu drei Zentimeter gro\u00dfer Hagel sei nicht auszuschlie\u00dfen.<\/p>\n<p class=\"text-18 leading-17 user-text-lg:text-22 user-text-xl:text-24\">Doch zur Wochenmitte spitzt sich die Lage zu: Laut Jung seien dann &#8222;verbreitet Hitzegewitter, \u00f6rtlich unwetterartig mit Starkregen, Hagel und Sturmb\u00f6en&#8220; zu erwarten. Schwerpunkt ist zun\u00e4chst der S\u00fcdwesten und Westen, im Wochenverlauf sollen die Gewitter nach und nach auch auf den Rest des Landes \u00fcbergreifen. &#8222;Das T\u00fcckische daran: Diese Zellen sind kleinr\u00e4umig. Der eine Ort ers\u00e4uft im Starkregen, zehn Kilometer weiter f\u00e4llt kein Tropfen&#8220;, warnt Jung.<\/p>\n","protected":false},"excerpt":{"rendered":"Was jetzt auf Deutschland zukommt Meteorologe spricht von 40 Grad und schweren Unwettern 02.08.2026 &#8211; 10:37 UhrLesedauer: 2&hellip;\n","protected":false},"author":2,"featured_media":1209914,"comment_status":"","ping_status":"","sticky":false,"template":"","format":"standard","meta":{"footnotes":"","_share_on_mastodon":"0"},"categories":[2],"tags":[1434,331,3924,332,3922,3364,950,29,20480,30,13,18113,14,3923,15,3921,9827,12,37142,4026,4028,51242,5415],"class_list":["post-1209913","post","type-post","status-publish","format-standard","has-post-thumbnail","category-deutschland","tag-1434","tag-aktuelle-nachrichten","tag-aktuelle-nachrichten-aus-deutschland","tag-aktuelle-news","tag-aktuelle-news-aus-deutschland","tag-de","tag-deutscher-wetterdienst","tag-deutschland","tag-dominik-jung","tag-germany","tag-headlines","tag-hitzewelle","tag-nachrichten","tag-nachrichten-aus-deutschland","tag-news","tag-news-aus-deutschland","tag-osteuropa","tag-schlagzeilen","tag-skandinavien","tag-spanien","tag-unwetter","tag-wettermodell","tag-wetterprognose"],"share_on_mastodon":{"url":"https:\/\/pubeurope.com\/@de\/117025144511365999","error":""},"_links":{"self":[{"href":"https:\/\/www.europesays.com\/de\/wp-json\/wp\/v2\/posts\/1209913","targetHints":{"allow":["GET"]}}],"collection":[{"href":"https:\/\/www.europesays.com\/de\/wp-json\/wp\/v2\/posts"}],"about":[{"href":"https:\/\/www.europesays.com\/de\/wp-json\/wp\/v2\/types\/post"}],"author":[{"embeddable":true,"href":"https:\/\/www.europesays.com\/de\/wp-json\/wp\/v2\/users\/2"}],"replies":[{"embeddable":true,"href":"https:\/\/www.europesays.com\/de\/wp-json\/wp\/v2\/comments?post=1209913"}],"version-history":[{"count":0,"href":"https:\/\/www.europesays.com\/de\/wp-json\/wp\/v2\/posts\/1209913\/revisions"}],"wp:featuredmedia":[{"embeddable":true,"href":"https:\/\/www.europesays.com\/de\/wp-json\/wp\/v2\/media\/1209914"}],"wp:attachment":[{"href":"https:\/\/www.europesays.com\/de\/wp-json\/wp\/v2\/media?parent=1209913"}],"wp:term":[{"taxonomy":"category","embeddable":true,"href":"https:\/\/www.europesays.com\/de\/wp-json\/wp\/v2\/categories?post=1209913"},{"taxonomy":"post_tag","embeddable":true,"href":"https:\/\/www.europesays.com\/de\/wp-json\/wp\/v2\/tags?post=1209913"}],"curies":[{"name":"wp","href":"https:\/\/api.w.org\/{rel}","templated":true}]}}