{"id":1209949,"date":"2026-08-02T09:39:17","date_gmt":"2026-08-02T09:39:17","guid":{"rendered":"https:\/\/www.europesays.com\/de\/1209949\/"},"modified":"2026-08-02T09:39:17","modified_gmt":"2026-08-02T09:39:17","slug":"keine-einigung-vfb-stuttgart-weit-entfernt-von-transfer-von-dzenan-pejcinovic","status":"publish","type":"post","link":"https:\/\/www.europesays.com\/de\/1209949\/","title":{"rendered":"Keine Einigung? VfB Stuttgart &#8222;weit entfernt&#8220; von Transfer von Dzenan Pejcinovic"},"content":{"rendered":"<p>Dass der VfB Stuttgart gerne Dzenan Pejcinovic vom VfL Wolfsburg verpflichten w\u00fcrde, ist verbrieft. Von einem zeitnahen Vollzug ist allerdings nicht auszugehen.<\/p>\n<p>Wie Stuttgarts Sportvorstand Fabian Wohlgemuth im Anschluss an das 2:2-Remis im Testspiel gegen den FC Paris durchklingen lie\u00df, bereiten die unterschiedlichen Abl\u00f6sevorstellungen beider Vereine noch <a href=\"https:\/\/www.spox.com\/fussball\/listen\/obwohl-er-offenbar-unbedingt-zum-vfb-will-umworbener-deutscher-u21-natinalspieler-ist-stuttgart-noch-zu-teuer\/blt54e6b49688401a54\" rel=\"nofollow noopener\" target=\"_blank\" data-affiliate-type=\"NONE\">erhebliche Probleme in den Verhandlungen<\/a>.<\/p>\n<p>&#8222;Wir sind weiterhin in Gespr\u00e4chen&#8220;, erkl\u00e4rte Wohlgemuth, schr\u00e4nkte allerdings umgehend ein, dass man von einem positiven Ergebnis aus Sicht der Schwaben &#8222;weit entfernt&#8220; sei.<\/p>\n<p>Dem Vernehmen nach w\u00fcrde Wolfsburg seinen wechselwilligen St\u00fcrmer durchaus ziehen lassen, sollte ein interessierter Verein die geforderte Mindestabl\u00f6sesumme in H\u00f6he von 25 Millionen Euro auf den Tisch legen. Zumindest nach aktuellem Stand scheint Stuttgart dazu nicht bereit.<\/p>\n<p><img class=\"fco-image__image\" alt=\"Pejcinovic\"   loading=\"lazy\" decoding=\"async\" fetchpriority=\"auto\" width=\"1600\" height=\"900\" src=\"https:\/\/www.europesays.com\/de\/wp-content\/uploads\/2026\/08\/1785663557_35_1600.jpg\" style=\"aspect-ratio:1600 \/ 900;width:100%;height:100%\"\/>Getty ImagesDzenan Pejcinovic fehlt bei Testspiel im Kader des VfL Wolfsburg<\/p>\n<p>Aufgrund des j\u00fcngsten Verkaufs von Innenverteidiger Konstantinos Koulierakis, welcher sich f\u00fcr kolportierte 17 Millionen Euro\u00a0der AS Roma anschloss, ist der VfL nicht zwingend auf Transfereinnahmen angewiesen. Dementsprechend hart tritt man in den Verhandlungen auf. Dar\u00fcber hinaus genie\u00dft Wolfsburg nach wie vor finanzkr\u00e4ftige Unterst\u00fctzung von VW.<\/p>\n<p>Pejcinovic selbst soll einem Wechsel zum VfB offen gegen\u00fcberstehen. Der 21-J\u00e4hrige war in der zur\u00fcckliegenden Spielzeit, die mit dem erstmaligen Abstieg des VfL Wolfsburg in die 2. Bundesliga endete, einer der wenigen Lichtblicke. Zw\u00f6lf Treffer steuerte er in wettbewerbs\u00fcbergreifend 34 Spielen bei. Noch bis 2029 ist er an die Niedersachsen gebunden.<\/p>\n<p>Zumindest beim Testspiel gegen Telstar 1893 (3:1) am Freitag fehlte Pejcinovic im Aufgebot der Wolfsburger. Ob dies in Zusammenhang mit den Transferverhandlungen stand, vermochte Wohlgemuth nicht zu sagen: &#8222;Die Frage sollte besser an die Verantwortlichen des VfL gerichtet werden.&#8220;<\/p>\n<p>Die Stuttgarter von Trainer Sebastian Hoene\u00df beziehen am Montag ein Trainingslager in Grassau am Chiemsee. Nachdem die deutschen WM-Fahrer Angelo Stiller, Jamie Leweling und Deniz Undav sowie Ermedin Demirovic (Bosnien-Herzegowina) und Jeremy Arevalo (Ecuador) schon am Freitag wieder zu Leistungstests zum Team gesto\u00dfen waren, werden bei dem Camp in Bayern auch Bilal El Khannouss (Marokko) und Luca Jaquez (Schweiz) zur\u00fcckerwartet.<\/p>\n","protected":false},"excerpt":{"rendered":"Dass der VfB Stuttgart gerne Dzenan Pejcinovic vom VfL Wolfsburg verpflichten w\u00fcrde, ist verbrieft. Von einem zeitnahen Vollzug&hellip;\n","protected":false},"author":2,"featured_media":1209950,"comment_status":"","ping_status":"","sticky":false,"template":"","format":"standard","meta":{"footnotes":"","_share_on_mastodon":"0"},"categories":[1830],"tags":[1634,299,243727,3364,29,347,30,4604,1441,1288,2915,931,605],"class_list":["post-1209949","post","type-post","status-publish","format-standard","has-post-thumbnail","category-stuttgart","tag-baden-wuerttemberg","tag-bundesliga","tag-d-pejcinovic","tag-de","tag-deutschland","tag-fussball","tag-germany","tag-soccer","tag-stuttgart","tag-transfers","tag-vfb-stuttgart","tag-vfl-wolfsburg","tag-wolfsburg"],"share_on_mastodon":{"url":"https:\/\/pubeurope.com\/@de\/117025255289763288","error":""},"_links":{"self":[{"href":"https:\/\/www.europesays.com\/de\/wp-json\/wp\/v2\/posts\/1209949","targetHints":{"allow":["GET"]}}],"collection":[{"href":"https:\/\/www.europesays.com\/de\/wp-json\/wp\/v2\/posts"}],"about":[{"href":"https:\/\/www.europesays.com\/de\/wp-json\/wp\/v2\/types\/post"}],"author":[{"embeddable":true,"href":"https:\/\/www.europesays.com\/de\/wp-json\/wp\/v2\/users\/2"}],"replies":[{"embeddable":true,"href":"https:\/\/www.europesays.com\/de\/wp-json\/wp\/v2\/comments?post=1209949"}],"version-history":[{"count":0,"href":"https:\/\/www.europesays.com\/de\/wp-json\/wp\/v2\/posts\/1209949\/revisions"}],"wp:featuredmedia":[{"embeddable":true,"href":"https:\/\/www.europesays.com\/de\/wp-json\/wp\/v2\/media\/1209950"}],"wp:attachment":[{"href":"https:\/\/www.europesays.com\/de\/wp-json\/wp\/v2\/media?parent=1209949"}],"wp:term":[{"taxonomy":"category","embeddable":true,"href":"https:\/\/www.europesays.com\/de\/wp-json\/wp\/v2\/categories?post=1209949"},{"taxonomy":"post_tag","embeddable":true,"href":"https:\/\/www.europesays.com\/de\/wp-json\/wp\/v2\/tags?post=1209949"}],"curies":[{"name":"wp","href":"https:\/\/api.w.org\/{rel}","templated":true}]}}