{"id":120999,"date":"2025-05-18T19:15:10","date_gmt":"2025-05-18T19:15:10","guid":{"rendered":"https:\/\/www.europesays.com\/de\/120999\/"},"modified":"2025-05-18T19:15:10","modified_gmt":"2025-05-18T19:15:10","slug":"diplomatische-gespraeche-im-vatikan-us-aussenminister-bei-parolin","status":"publish","type":"post","link":"https:\/\/www.europesays.com\/de\/120999\/","title":{"rendered":"Diplomatische Gespr\u00e4che im Vatikan: US-Au\u00dfenminister bei Parolin"},"content":{"rendered":"<p>US-Au\u00dfenminister Marco Rubio hat sich am Samstag im Vatikan mit Kardinalstaatssekret\u00e4r Pietro Parolin getroffen, bevor er an diesem Sonntag an der Er\u00f6ffnungsmesse des Pontifikats von Leo XIV. teilnehmen wird.<\/p>\n<p>     <a href=\"https:\/\/www.vaticannews.va\/de\/papst\/news\/2025-05\/papst-leo-xiv-audienzen-tagle-fernandez-generalprior-moral-anton.html\" title=\"Papst empfing Beh\u00f6rdenleiter und Augustiner-Generalprior\" rel=\"nofollow noopener\" target=\"_blank\"><\/p>\n<p>        <img decoding=\"async\" src=\"data:image\/gif;base64,R0lGODlhAQABAIAAAAAAAP\/\/\/yH5BAEAAAAALAAAAAABAAEAAAIBRAA7\" data-original=\"https:\/\/www.vaticannews.va\/content\/dam\/vaticannews\/multimedia\/2025\/marzo\/31\/Cupolone-San-Pietro-Vaticano-Petersplatz-Petersdom-3.jpg\/_jcr_content\/renditions\/cq5dam.thumbnail.cropped.500.281.jpeg\" alt=\"Papst empfing Beh\u00f6rdenleiter und Augustiner-Generalprior\"\/><\/p>\n<p>      <\/a><\/p>\n<p>\n      Papst Leo XIV. hat diesen Freitag die Kardin\u00e4le Tagle und Fernandez sowie den Generalprior des internationalen Augustiner-Ordens in Audienz empfangen. Das geht aus dem vom Vatikan &#8230;\n     <\/p>\n<p><b>Mario Galgano &#8211; Vatikanstadt<\/b><\/p>\n<p>Vom Vatikan ver\u00f6ffentlichte Bilder zeigen, dass Rubio nicht nur mit <b>Kardinal Parolin<\/b>, sondern auch mit Erzbischof\u00a0<b>Paul Richard Gallagher<\/b>, dem Beauftragten des Heiligen Stuhls f\u00fcr die Beziehungen zu den Staaten, zusammentraf.<\/p>\n<p>    <img decoding=\"async\" src=\"data:image\/gif;base64,R0lGODlhAQABAIAAAAAAAP\/\/\/yH5BAEAAAAALAAAAAABAAEAAAIBRAA7\" data-original=\"https:\/\/www.vaticannews.va\/content\/dam\/vaticannews\/agenzie\/images\/srv\/2025\/05\/17\/2025-05-17-segretario-di-stato-usa-marco-rubio-\/1747470420698.JPG\/_jcr_content\/renditions\/cq5dam.thumbnail.cropped.750.422.jpeg\" alt=\"Im Hintergrund links ist Erzbischof Richard P. Gallagher\" title=\"Im Hintergrund links ist Erzbischof Richard P. Gallagher\"\/><\/p>\n<p>\n   Im Hintergrund links ist Erzbischof Richard P. Gallagher \u00a0 (@VATICAN MEDIA)\n  <\/p>\n<p>Rubio ist <b>vor wenigen Stunden in Rom gelandet<\/b> und geh\u00f6rt zu den <b>hochrangigen US-Regierungsvertretern<\/b>, die am Sonntag an der Heiligen Messe teilnehmen werden. Die Einsetzungsmesse von <b>Leo XIV.<\/b>, dem ersten <b>US-amerikanischen Papst der Geschichte<\/b>, zieht weltweite Aufmerksamkeit auf sich.<\/p>\n<p><b>Beeindruckende internationale Pr\u00e4senz<\/b> <\/p>\n<p>Zu der feierlichen Zeremonie auf dem <b>Petersplatz<\/b> werden rund <b>250.000 Menschen<\/b> erwartet. Fast <b>150 internationale Delegationen<\/b> nehmen teil, darunter auch die offizielle <b>US-Delegation<\/b> mit <b>Vizepr\u00e4sident JD Vance<\/b>.<\/p>\n<p>Rubio zeigte sich erfreut \u00fcber die Reise nach Rom und schrieb auf <b>X<\/b>: <b>\u201eIch bin froh, in Italien zu sein. Ich freue mich auf den Besuch mit Vance, und es wird mir eine Ehre sein, am Sonntag der Er\u00f6ffnungsmesse Seiner Heiligkeit Papst Leo XIV. beizuwohnen.\u201c<\/b><\/p>\n<p><b>Diplomatische Gespr\u00e4che in Rom<\/b> <\/p>\n<p>Der US-Au\u00dfenminister hat an diesem Wochenende mehrere <b>institutionelle Termine<\/b> geplant. Neben dem Treffen mit <b>Italiens Au\u00dfenminister Antonio Tajani<\/b> wird er auch Gespr\u00e4che mit <b>Kardinal Matteo Zuppi<\/b>, dem Vorsitzenden der <b>italienischen Bischofskonferenz und p\u00e4pstlichen Gesandten f\u00fcr die Ukraine<\/b>, f\u00fchren.<\/p>\n<p>(vatican news)<\/p>\n<p>    <img decoding=\"async\" src=\"data:image\/gif;base64,R0lGODlhAQABAIAAAAAAAP\/\/\/yH5BAEAAAAALAAAAAABAAEAAAIBRAA7\" data-original=\"https:\/\/www.vaticannews.va\/content\/dam\/vaticannews\/agenzie\/images\/srv\/2025\/05\/17\/2025-05-17-segretario-di-stato-usa-marco-rubio-\/1747470415341.JPG\/_jcr_content\/renditions\/cq5dam.thumbnail.cropped.750.422.jpeg\" alt=\"Die Gespr\u00e4che im Vatikan\" title=\"Die Gespr\u00e4che im Vatikan\"\/><\/p>\n<p>\n   Die Gespr\u00e4che im Vatikan \u00a0 (@VATICAN MEDIA)\n  <\/p>\n","protected":false},"excerpt":{"rendered":"US-Au\u00dfenminister Marco Rubio hat sich am Samstag im Vatikan mit Kardinalstaatssekret\u00e4r Pietro Parolin getroffen, bevor er an diesem&hellip;\n","protected":false},"author":2,"featured_media":121000,"comment_status":"","ping_status":"","sticky":false,"template":"","format":"standard","meta":{"footnotes":""},"categories":[3977],"tags":[331,332,45871,508,13,14,15,22680,12,4017,4018,4016,64,4019,4020],"class_list":{"0":"post-120999","1":"post","2":"type-post","3":"status-publish","4":"format-standard","5":"has-post-thumbnail","7":"category-usa","8":"tag-aktuelle-nachrichten","9":"tag-aktuelle-news","10":"tag-audienzen","11":"tag-diplomatie","12":"tag-headlines","13":"tag-nachrichten","14":"tag-news","15":"tag-pietro-parolin","16":"tag-schlagzeilen","17":"tag-united-states","18":"tag-united-states-of-america","19":"tag-us","20":"tag-usa","21":"tag-vereinigte-staaten","22":"tag-vereinigte-staaten-von-amerika"},"share_on_mastodon":{"url":"https:\/\/pubeurope.com\/@de\/114530440110307681","error":""},"_links":{"self":[{"href":"https:\/\/www.europesays.com\/de\/wp-json\/wp\/v2\/posts\/120999","targetHints":{"allow":["GET"]}}],"collection":[{"href":"https:\/\/www.europesays.com\/de\/wp-json\/wp\/v2\/posts"}],"about":[{"href":"https:\/\/www.europesays.com\/de\/wp-json\/wp\/v2\/types\/post"}],"author":[{"embeddable":true,"href":"https:\/\/www.europesays.com\/de\/wp-json\/wp\/v2\/users\/2"}],"replies":[{"embeddable":true,"href":"https:\/\/www.europesays.com\/de\/wp-json\/wp\/v2\/comments?post=120999"}],"version-history":[{"count":0,"href":"https:\/\/www.europesays.com\/de\/wp-json\/wp\/v2\/posts\/120999\/revisions"}],"wp:featuredmedia":[{"embeddable":true,"href":"https:\/\/www.europesays.com\/de\/wp-json\/wp\/v2\/media\/121000"}],"wp:attachment":[{"href":"https:\/\/www.europesays.com\/de\/wp-json\/wp\/v2\/media?parent=120999"}],"wp:term":[{"taxonomy":"category","embeddable":true,"href":"https:\/\/www.europesays.com\/de\/wp-json\/wp\/v2\/categories?post=120999"},{"taxonomy":"post_tag","embeddable":true,"href":"https:\/\/www.europesays.com\/de\/wp-json\/wp\/v2\/tags?post=120999"}],"curies":[{"name":"wp","href":"https:\/\/api.w.org\/{rel}","templated":true}]}}