{"id":1210119,"date":"2026-08-02T11:22:24","date_gmt":"2026-08-02T11:22:24","guid":{"rendered":"https:\/\/www.europesays.com\/de\/1210119\/"},"modified":"2026-08-02T11:22:24","modified_gmt":"2026-08-02T11:22:24","slug":"eisbaeren-berlin-saisonstart-heimspiel-fast-ausverkauft-sport","status":"publish","type":"post","link":"https:\/\/www.europesays.com\/de\/1210119\/","title":{"rendered":"Eisb\u00e4ren Berlin: Saisonstart-Heimspiel fast ausverkauft | Sport"},"content":{"rendered":"<p><img loading=\"lazy\" decoding=\"async\" src=\"https:\/\/www.europesays.com\/de\/wp-content\/uploads\/2026\/08\/vgzm.2150080-6a6ef23edd06dd5ef2e4202f.gif\" width=\"1\" height=\"1\" alt=\"\" class=\"vgwort-pixel\"\/>Vor der hei\u00dfen Trainingsphase: Die Meisterb\u00e4ren sind wieder in der Hauptstadt<img fetchpriority=\"high\" decoding=\"async\" width=\"992\" height=\"558\" alt=\"Gabriel Fontaine (29) kehrt aus M\u00fcnchen zu den Eisb\u00e4ren zur\u00fcck\" loading=\"eager\" src=\"https:\/\/www.europesays.com\/de\/wp-content\/uploads\/2026\/08\/e2a2480ed85a54e2ec301e2d961405ed,dbdc63cf.jpeg\"   class=\"landscape\"\/><\/p>\n<p class=\"fig__caption__text\">Gabriel Fontaine (29) kehrt aus M\u00fcnchen zu den Eisb\u00e4ren zur\u00fcck<\/p>\n<p>Foto: picture alliance\/Eibner-Pressefoto<\/p>\n<p>02.08.2026 &#8211; 13:12 Uhr <a class=\"skip-content skip-content--link\" href=\"#in-content-skip-link-target-v-0-0\">TTS-Player \u00fcberspringen\u21b5<\/a><a id=\"in-content-skip-link-target-v-0-0\" class=\"skip-content--target-link-hidden skip-content skip-content--target-link\" href=\"#in-content-skip-link-target-v-0-0\">Artikel weiterlesen<\/a><\/p>\n<p data-21134c99=\"0-926\"><b>Die Fans haben sie schon hei\u00df erwartet. Die neue DEL-Saison, die am 17. September beginnt, r\u00fcckt n\u00e4her und am Wochenende sind auch die Eisb\u00e4renprofis wieder in Berlin angekommen. Am Montag stehen an der Charit\u00e9 die medizinischen Tests an.<\/b><\/p>\n<p data-21134c99=\"0-926\">Pressesprecher Leo Imme: \u201eAlle Spieler und Trainer Eric Dubois hatten eine problemlose Anreise.  Auch das Gep\u00e4ck ist vollst\u00e4ndig bei allen Spielern und dem Trainer angekommen.\u201c<\/p>\n<p>Mehr zum Thema<\/p>\n<p data-21134c99=\"0-926\">In einer Woche steigt das Mannschaftstraining, das Eis im Wellblechpalast wird gerade bereitet. Noch trainieren viele der Meisterb\u00e4ren freiwillig in der Paul-Heyse-Stra\u00dfe im Berliner Stadtbezirk Pankow. Das \u00f6ffentliche Training mit den Fans findet dann am 14. August (18 Uhr) im Wellblechpalast statt. \u00dcbrigens: Das erste Heimspiel der neuen Saison am 17. September (19.30 Uhr) gegen Straubing war schon nach wenigen Stunden fast ausverkauft. Der Run auf die Eisb\u00e4ren-Tickets f\u00fcr die Heimspiele ist enorm.<\/p>\n<p class=\"article-content-user-report\"><a href=\"mailto:fehler-melden-sport@bild.de?body=%0A%0A%0AURL%3A%20https%3A%2F%2Fwww.bild.de%2Fsport%2Fmehr-sport%2Feisbaeren-berlin-saisonstart-heimspiel-fast-ausverkauft-6a6ef23edd06dd5ef2e4202f%0ADatum%3A%202.8.2026%2C%2013%3A22%3A18%0A\" target=\"_blank\" rel=\"noopener\" class=\"anchor anchor--external\">Haben Sie Fehler entdeckt? M\u00f6chten Sie etwas kritisieren? Dann schreiben Sie uns gerne!<\/a><\/p>\n","protected":false},"excerpt":{"rendered":"Vor der hei\u00dfen Trainingsphase: Die Meisterb\u00e4ren sind wieder in der Hauptstadt Gabriel Fontaine (29) kehrt aus M\u00fcnchen zu&hellip;\n","protected":false},"author":2,"featured_media":1210120,"comment_status":"","ping_status":"","sticky":false,"template":"","format":"standard","meta":{"footnotes":"","_share_on_mastodon":"0"},"categories":[1825],"tags":[296,2097,29,2098,2100,251969,30,121033,806,4581],"class_list":["post-1210119","post","type-post","status-publish","format-standard","has-post-thumbnail","category-berlin","tag-berlin","tag-del","tag-deutschland","tag-eisbaeren-berlin","tag-eishockey","tag-eishockey-champions-league","tag-germany","tag-lausitzer-fuechse","tag-sport-leuchtturm-berlin","tag-sport-tag-im-ticker"],"share_on_mastodon":{"url":"https:\/\/pubeurope.com\/@de\/117025659497083046","error":""},"_links":{"self":[{"href":"https:\/\/www.europesays.com\/de\/wp-json\/wp\/v2\/posts\/1210119","targetHints":{"allow":["GET"]}}],"collection":[{"href":"https:\/\/www.europesays.com\/de\/wp-json\/wp\/v2\/posts"}],"about":[{"href":"https:\/\/www.europesays.com\/de\/wp-json\/wp\/v2\/types\/post"}],"author":[{"embeddable":true,"href":"https:\/\/www.europesays.com\/de\/wp-json\/wp\/v2\/users\/2"}],"replies":[{"embeddable":true,"href":"https:\/\/www.europesays.com\/de\/wp-json\/wp\/v2\/comments?post=1210119"}],"version-history":[{"count":0,"href":"https:\/\/www.europesays.com\/de\/wp-json\/wp\/v2\/posts\/1210119\/revisions"}],"wp:featuredmedia":[{"embeddable":true,"href":"https:\/\/www.europesays.com\/de\/wp-json\/wp\/v2\/media\/1210120"}],"wp:attachment":[{"href":"https:\/\/www.europesays.com\/de\/wp-json\/wp\/v2\/media?parent=1210119"}],"wp:term":[{"taxonomy":"category","embeddable":true,"href":"https:\/\/www.europesays.com\/de\/wp-json\/wp\/v2\/categories?post=1210119"},{"taxonomy":"post_tag","embeddable":true,"href":"https:\/\/www.europesays.com\/de\/wp-json\/wp\/v2\/tags?post=1210119"}],"curies":[{"name":"wp","href":"https:\/\/api.w.org\/{rel}","templated":true}]}}