{"id":1210278,"date":"2026-08-02T13:09:21","date_gmt":"2026-08-02T13:09:21","guid":{"rendered":"https:\/\/www.europesays.com\/de\/1210278\/"},"modified":"2026-08-02T13:09:21","modified_gmt":"2026-08-02T13:09:21","slug":"brooklyn-beckham-buch-enthuellt-details-zu-hochzeit-und-streit-der-familie","status":"publish","type":"post","link":"https:\/\/www.europesays.com\/de\/1210278\/","title":{"rendered":"Brooklyn Beckham: Buch enth\u00fcllt Details zu Hochzeit und Streit der Familie"},"content":{"rendered":"<p>Details zu Brooklyn Beckhams Hochzeit <\/p>\n<p>Hochzeitsfr\u00fchst\u00fcck war &#8222;wie ein Tatort&#8220;<\/p>\n<p>Aktualisiert am 02.08.2026 &#8211; 14:22 UhrLesedauer: 2 Min.<\/p>\n<p><a href=\"#focus-0\" class=\"transition-colors block text-current relative\" data-sctrack=\"FocusGalleryImage.Reference\"><img fetchpriority=\"high\" data-testid=\"Opener.Image\"   loading=\"eager\" src=\"https:\/\/www.europesays.com\/de\/wp-content\/uploads\/2026\/08\/brooklyn-und-nicola-peltz-beckham-seit-april-2022-ist-das-paar-verheiratet.jpg\" alt=\"Brooklyn und Nicola Peltz Beckham: Seit April 2022 ist das Paar verheiratet.\" title=\"Brooklyn und Nicola Peltz Beckham: Seit April 2022 ist das Paar verheiratet.\" width=\"2012\" height=\"1132\" class=\"bg-[url:var(--lqipURL)] bg-cover bg-center flex h-full w-full max-w-full\" style=\"--lqipURL:url('https:\/\/images.t-online.de\/2026\/08\/Ynrao2d0O6lo\/794x307:2012x1132\/fit-in\/150x0\/filters:blur(25)\/brooklyn-und-nicola-peltz-beckham-seit-april-2022-ist-das-paar-verheiratet.jpg')\" decoding=\"async\"\/><img loading=\"lazy\" src=\"https:\/\/www.t-online.de\/s\/paper\/_next\/static\/media\/zoom-in.f7dae02f.svg\" alt=\"Vergr\u00f6\u00dfern des Bildes\" title=\"Vergr\u00f6\u00dfern des Bildes\" class=\"block h-[calc(var(--height)_\/_16_*_1rem)] w-[calc(var(--width)_\/_16_*_1rem)] max-w-none absolute right-8 bottom-8 rounded-4 bg-snow p-8\" style=\"--width:32;--height:32\" decoding=\"async\"\/><\/a><\/p>\n<p>Brooklyn und Nicola Peltz Beckham: Seit April 2022 ist das Paar verheiratet. (Quelle: Michael Loccisano)<\/p>\n<p><img loading=\"lazy\" src=\"https:\/\/www.t-online.de\/s\/paper\/_next\/static\/media\/audio-volume.6689034c.svg\" alt=\"\" title=\"\" class=\"block h-[calc(var(--height)_\/_16_*_1rem)] w-[calc(var(--width)_\/_16_*_1rem)] max-w-none group-hover:brightness-0 group-hover:invert\" style=\"--width:16;--height:16\" decoding=\"async\"\/>Vorlesen<\/p>\n<p>Aktuelle Zeit:0:00Gesamtdauer:0:00<\/p>\n<p>1x<\/p>\n<p class=\"text-center\">Jetzt neu bei t-online:<\/p>\n<p class=\"text-center\">Schriftgr\u00f6\u00dfe anpassen!<\/p>\n<p><img loading=\"lazy\" src=\"https:\/\/www.t-online.de\/s\/paper\/_next\/static\/media\/font-sizes.32942e33.svg\" alt=\"\" title=\"\" class=\"block h-[calc(var(--height)_\/_16_*_1rem)] w-[calc(var(--width)_\/_16_*_1rem)] max-w-none group-hover:hidden group-aria-expanded:hidden\" style=\"--width:16;--height:16\" decoding=\"async\"\/><img loading=\"lazy\" src=\"https:\/\/www.t-online.de\/s\/paper\/_next\/static\/media\/font-sizes-dark-mode.e382645c.svg\" alt=\"\" title=\"\" class=\"block h-[calc(var(--height)_\/_16_*_1rem)] w-[calc(var(--width)_\/_16_*_1rem)] max-w-none hidden group-hover:block group-aria-expanded:block\" style=\"--width:16;--height:16\" decoding=\"async\"\/><img loading=\"lazy\" src=\"https:\/\/www.t-online.de\/s\/paper\/_next\/static\/media\/sharing-menu-icon.1eb71368.svg\" alt=\"\" title=\"\" class=\"block h-[calc(var(--height)_\/_16_*_1rem)] w-[calc(var(--width)_\/_16_*_1rem)] max-w-none group-hover:brightness-0 group-hover:invert\" style=\"--width:16;--height:16\" decoding=\"async\"\/>Artikel teilen<\/p>\n<p class=\"font-bold text-18 leading-17 user-text-lg:text-22 user-text-xl:text-24\">Seit Jahren hat Brooklyn Peltz Beckham Streit mit seinen Eltern. Ein neues Buch beleuchtet die Hintergr\u00fcnde und gibt Einblicke in seine Hochzeit mit Nicola.<\/p>\n<p class=\"text-18 leading-17 user-text-lg:text-22 user-text-xl:text-24\">Brooklyns Zerw\u00fcrfnis mit seinen Eltern David und <a href=\"https:\/\/www.t-online.de\/themen\/victoria-beckham\/\" class=\"transition-colors cursor-pointer no-underline md:hover:text-magenta md:focus:text-magenta border-b border-solid border-current text-salemsfur md:hover:border-magenta\" data-tracking=\"{&quot;action&quot;:&quot;click&quot;,&quot;category&quot;:&quot;intextLink&quot;,&quot;label&quot;:&quot;\/themen\/victoria-beckham\/&quot;}\" data-sctrack=\"BodyAnchor\" rel=\"nofollow noopener\" target=\"_blank\">Victoria Beckham<\/a> ist das Hauptthema in &#8222;Brand Beckham: The Fame. The Feuds. The Fallout&#8220;. Die britische Zeitung &#8222;Daily Mail&#8220; zitiert vorab aus dem Enth\u00fcllungsbuch ihrer Mitarbeiterin, das am 13. August erscheint.<\/p>\n<p class=\"text-18 leading-17 user-text-lg:text-22 user-text-xl:text-24\">Autorin Alison Boshoff zufolge soll die Hochzeit des \u00e4ltesten Beckham-Sohnes im April 2022 in Palm Beach, <a href=\"https:\/\/www.t-online.de\/themen\/florida\/\" class=\"transition-colors cursor-pointer no-underline md:hover:text-magenta md:focus:text-magenta border-b border-solid border-current text-salemsfur md:hover:border-magenta\" data-tracking=\"{&quot;action&quot;:&quot;click&quot;,&quot;category&quot;:&quot;intextLink&quot;,&quot;label&quot;:&quot;\/themen\/florida\/&quot;}\" data-sctrack=\"BodyAnchor\" rel=\"nofollow noopener\" target=\"_blank\">Florida<\/a>, von einigen famili\u00e4ren Spannungen begleitet gewesen sein. Au\u00dferdem h\u00e4tten <a href=\"https:\/\/www.t-online.de\/themen\/brooklyn-beckham\/\" class=\"transition-colors cursor-pointer no-underline md:hover:text-magenta md:focus:text-magenta border-b border-solid border-current text-salemsfur md:hover:border-magenta\" data-tracking=\"{&quot;action&quot;:&quot;click&quot;,&quot;category&quot;:&quot;intextLink&quot;,&quot;label&quot;:&quot;\/themen\/brooklyn-beckham\/&quot;}\" data-sctrack=\"BodyAnchor\" rel=\"nofollow noopener\" target=\"_blank\">Brooklyn Beckham<\/a> und seine Eltern zu dem Zeitpunkt bereits drei Monate keinen Kontakt miteinander gehabt.<\/p>\n<p>&#8222;Als w\u00fcrde David Brooklyn heiraten&#8220;<\/p>\n<p class=\"text-18 leading-17 user-text-lg:text-22 user-text-xl:text-24\">In dem Buch wird unter anderem eine Szene mit <a href=\"https:\/\/www.t-online.de\/themen\/david-beckham\/\" class=\"transition-colors cursor-pointer no-underline md:hover:text-magenta md:focus:text-magenta border-b border-solid border-current text-salemsfur md:hover:border-magenta\" data-tracking=\"{&quot;action&quot;:&quot;click&quot;,&quot;category&quot;:&quot;intextLink&quot;,&quot;label&quot;:&quot;\/themen\/david-beckham\/&quot;}\" data-sctrack=\"BodyAnchor\" rel=\"nofollow noopener\" target=\"_blank\">David Beckham<\/a> beschrieben, die bei den Anwesenden f\u00fcr Irritationen sorgte: Der Ex-Fu\u00dfballer habe eine ungew\u00f6hnlich lange Rede \u00fcber seinen Sohn gehalten \u2013 ohne die Braut ein einziges Mal zu erw\u00e4hnen.<\/p>\n<p class=\"text-18 leading-17 user-text-lg:text-22 user-text-xl:text-24\">Die Autorin schreibt: &#8222;An einem Tag, an dem es \u00fcblich ist, die Braut zu loben, tat David dies nicht.&#8220; Stattdessen habe er &#8222;ausschlie\u00dflich \u00fcber die sch\u00f6nen Seiten der Vater-Sohn-Beziehung w\u00e4hrend des Heranwachsens sowie \u00fcber seine liebevollen Erinnerungen an Brooklyn als Kind und Teenager gesprochen.&#8220; Hochzeitsg\u00e4ste werden in dem Buch mit den Worten zitiert: &#8222;Die Rede nahm einfach kein Ende. Es war einer der seltsamsten Momente des Tages. Es wirkte fast so, als w\u00fcrde David Brooklyn heiraten.&#8220;<\/p>\n<p><img loading=\"lazy\" src=\"https:\/\/www.t-online.de\/s\/paper\/_next\/static\/media\/video-carousel-play.6f25714b.svg\" alt=\"\" title=\"\" class=\"block h-[calc(var(--height)_\/_16_*_1rem)] w-[calc(var(--width)_\/_16_*_1rem)] max-w-none undefined\" style=\"--height:12\" decoding=\"async\"\/><\/p>\n<p>&#8222;Wie an einem Tatort&#8220;<\/p>\n<p class=\"text-18 leading-17 user-text-lg:text-22 user-text-xl:text-24\">Am Tag nach der Feier soll die Stimmung gedr\u00fcckt gewesen sein. Ein Gast beschrieb den Brunch auf dem Anwesen von Nicola Peltz Beckhams Eltern mit den Worten: &#8222;Es war, als w\u00e4re jemand gestorben. Es f\u00fchlte sich an wie an einem <a href=\"https:\/\/www.t-online.de\/themen\/tatort\/\" class=\"transition-colors cursor-pointer no-underline md:hover:text-magenta md:focus:text-magenta border-b border-solid border-current text-salemsfur md:hover:border-magenta\" data-tracking=\"{&quot;action&quot;:&quot;click&quot;,&quot;category&quot;:&quot;intextLink&quot;,&quot;label&quot;:&quot;\/themen\/tatort\/&quot;}\" data-sctrack=\"BodyAnchor\" rel=\"nofollow noopener\" target=\"_blank\">Tatort<\/a>.&#8220;<\/p>\n<p class=\"text-18 leading-17 user-text-lg:text-22 user-text-xl:text-24\">Die Journalistin greift in dem Buch auch eine Aktion der Brautmutter Claudia Peltz auf: Sie soll die N\u00e4herinnen im Atelier des Stardesigners Valentino gebeten haben, heimlich einen Talisman gegen den b\u00f6sen Blick mit blauem Faden an der Innenseite des Brautkleids anzubringen \u2013 zum Schutz der Braut.<\/p>\n","protected":false},"excerpt":{"rendered":"Details zu Brooklyn Beckhams Hochzeit Hochzeitsfr\u00fchst\u00fcck war &#8222;wie ein Tatort&#8220; Aktualisiert am 02.08.2026 &#8211; 14:22 UhrLesedauer: 2 Min.&hellip;\n","protected":false},"author":2,"featured_media":1210279,"comment_status":"","ping_status":"","sticky":false,"template":"","format":"standard","meta":{"footnotes":"","_share_on_mastodon":"0"},"categories":[155],"tags":[251993,163159,251991,1395,251992,29,214,35663,6784,30,163158,215,1715],"class_list":["post-1210278","post","type-post","status-publish","format-standard","has-post-thumbnail","category-unterhaltung","tag-brand-beckham","tag-brooklyn-beckham","tag-brooklyn-peltz","tag-daily-mail","tag-david-brooklyn","tag-deutschland","tag-entertainment","tag-familienstreit","tag-florida","tag-germany","tag-nicola-peltz","tag-unterhaltung","tag-victoria-beckham"],"share_on_mastodon":{"url":"","error":""},"_links":{"self":[{"href":"https:\/\/www.europesays.com\/de\/wp-json\/wp\/v2\/posts\/1210278","targetHints":{"allow":["GET"]}}],"collection":[{"href":"https:\/\/www.europesays.com\/de\/wp-json\/wp\/v2\/posts"}],"about":[{"href":"https:\/\/www.europesays.com\/de\/wp-json\/wp\/v2\/types\/post"}],"author":[{"embeddable":true,"href":"https:\/\/www.europesays.com\/de\/wp-json\/wp\/v2\/users\/2"}],"replies":[{"embeddable":true,"href":"https:\/\/www.europesays.com\/de\/wp-json\/wp\/v2\/comments?post=1210278"}],"version-history":[{"count":0,"href":"https:\/\/www.europesays.com\/de\/wp-json\/wp\/v2\/posts\/1210278\/revisions"}],"wp:featuredmedia":[{"embeddable":true,"href":"https:\/\/www.europesays.com\/de\/wp-json\/wp\/v2\/media\/1210279"}],"wp:attachment":[{"href":"https:\/\/www.europesays.com\/de\/wp-json\/wp\/v2\/media?parent=1210278"}],"wp:term":[{"taxonomy":"category","embeddable":true,"href":"https:\/\/www.europesays.com\/de\/wp-json\/wp\/v2\/categories?post=1210278"},{"taxonomy":"post_tag","embeddable":true,"href":"https:\/\/www.europesays.com\/de\/wp-json\/wp\/v2\/tags?post=1210278"}],"curies":[{"name":"wp","href":"https:\/\/api.w.org\/{rel}","templated":true}]}}