{"id":1210382,"date":"2026-08-02T14:17:18","date_gmt":"2026-08-02T14:17:18","guid":{"rendered":"https:\/\/www.europesays.com\/de\/1210382\/"},"modified":"2026-08-02T14:17:18","modified_gmt":"2026-08-02T14:17:18","slug":"vfb-stuttgart-die-wichtigsten-fragen-trainingslager-startet-mit-undav-und-sauer-sport","status":"publish","type":"post","link":"https:\/\/www.europesays.com\/de\/1210382\/","title":{"rendered":"VfB Stuttgart: Die wichtigsten Fragen! Trainingslager startet mit Undav und Sauer | Sport"},"content":{"rendered":"<p><a class=\"skip-content skip-content--link\" href=\"#in-content-skip-link-target-v-0-0\">TTS-Player \u00fcberspringen\u21b5<\/a><a id=\"in-content-skip-link-target-v-0-0\" class=\"skip-content--target-link-hidden skip-content skip-content--target-link\" href=\"#in-content-skip-link-target-v-0-0\">Artikel weiterlesen<\/a><\/p>\n<p data-21134c99=\"0-2085\">Stuttgart \u2013 <b>Am Montag macht sich der VfB auf den Weg ins Trainingslager nach Grassau. Am Chiemsee bereiten sich die Schwaben auf die kommende Champions-League-Saison vor. BILD beantwortet die wichtigsten Fragen.<\/b><\/p>\n<p>Wo wohnt die Mannschaft?<\/p>\n<p data-21134c99=\"0-2085\">Der VfB-Tross residiert im F\u00fcnf-Sterne-Hotel \u201eDas Achental\u201c (ab 300 Euro pro Nacht). Neben einem Gourmetrestaurant und einem 2000 Quadratmeter gro\u00dfen Spa-Bereich bietet das Luxus-Resort auch einen 18-Loch-Golfplatz. Perfekt f\u00fcr die passionierten Golfspieler Fabian Bredlow (31) und Chema Andr\u00e9s (21). <\/p>\n<p>Wo wird trainiert?<\/p>\n<p data-21134c99=\"0-2085\">Die Anlage des \u00f6rtlichen Kreisligisten ASV Grassau bietet drei Trainingspl\u00e4tze (zweimal Rasen, einmal Kunstrasen), dazu ein Haupt-Fu\u00dfballfeld mit einer 400-Meter-Laufbahn. Perfekte Trainingsbedingungen, die zuletzt auch <a href=\"https:\/\/www.bild.de\/sport\/fussball\/eintracht-frankfurt\/startseite-eintracht-frankfurt-31074444.bild.html\" rel=\"nofollow noopener\" class=\"text-link\" target=\"_blank\">Eintracht Frankfurt<\/a> in der Sommervorbereitung genutzt hat.<\/p>\n<p>Mehr zum ThemaWer ist dabei?<\/p>\n<p data-21134c99=\"0-2085\">Nach dem WM-Urlaub und den Leistungstests am Ende der vergangenen Woche werden die Nationalspieler auf den Trainingsplatz zur\u00fcckkehren, darunter die DFB-Stars Deniz Undav (30), Angelo Stiller (25) und Jamie Leweling (25). Auch <a href=\"https:\/\/www.bild.de\/sport\/fussball\/vfb-stuttgart-es-geht-um-100-mio-euro-die-wahrheit-zu-drei-vfb-geruechten-6a6c5bc2dd06dd5ef2e404a0\" rel=\"nofollow noopener\" class=\"text-link\" target=\"_blank\">Bilal El Khannouss (22), um den es zuletzt Abgangsger\u00fcchte gab<\/a>, wird zum Start des Trainingslagers beim VfB zur\u00fcckerwartet. Neuzugang Leo Sauer (20\/f\u00fcr 12,5 Mio. Euro von Feyenoord Rotterdam geholt) wird in Grassau erstmals mittrainieren. <\/p>\n<p><img decoding=\"async\" width=\"992\" height=\"558\" alt=\"Auf geht\u2019s! Die beiden Innenverteidiger Ramon Hendriks (25\/r.) und Jeff Chabot (28\/l.) d\u00fcrfen beim VfB wieder voll mitmischen\" loading=\"lazy\" src=\"https:\/\/www.europesays.com\/de\/wp-content\/uploads\/2026\/08\/dcee0e5f22b1bd40c2d7cf8341aae69c,35f63e4e.jpeg\"   class=\"landscape\"\/><\/p>\n<p class=\"fig__caption__text\">Auf geht\u2019s! Die beiden Innenverteidiger Ramon Hendriks (25\/r.) und Jeff Chabot (28\/l.) d\u00fcrfen beim VfB wieder voll mitmischen<\/p>\n<p>Foto: picture alliance\/Eibner-Pressefoto<\/p>\n<p data-21134c99=\"0-2085\">Die Innenverteidiger Jeff Chabot (28) und Ramon Hendriks (25) wurden zuletzt behutsam aufgebaut, durften im <a href=\"https:\/\/www.bild.de\/sport\/fussball\/vfb-stuttgart-jovanovic-ueberzeugt-vfb-kassiert-last-minute-ausgleich-gegen-paris-6a6deedadd06dd5ef2e41917\" rel=\"nofollow noopener\" class=\"text-link\" target=\"_blank\">Testspiel gegen Paris FC (2:2)<\/a> aber wieder Spielminuten sammeln. Hoene\u00df: \u201eSie sind zur\u00fcck im Teamtraining, m\u00fcssen aber noch gesteuert werden. F\u00fcr beide gilt es, gesund zu bleiben und k\u00f6rperlich die n\u00e4chsten Schritte zu machen.\u201c<\/p>\n<p>Was ist Hoene\u00df besonders wichtig?<\/p>\n<p data-21134c99=\"0-2085\">Vier Testspiele, 22 Tore! Offensiv l\u00e4uft es bereits rund. Defensiv war der <a href=\"https:\/\/www.bild.de\/sport\/fussball\/vfb-stuttgart\/startseite-stuttgart-31074430.bild.html\" rel=\"nofollow noopener\" class=\"text-link\" target=\"_blank\">VfB<\/a> verwundbar, kassierte gegen Paris in der letzten Minute den 2:2-Ausgleich. Gut m\u00f6glich, dass im Trainingslager der Fokus auf die Verteidigung gelegt wird. Hoene\u00df: \u201eWir wollen alle Phasen des Spiels abbilden. Gegen den Ball haben wir noch nicht viel gemacht, darauf k\u00f6nnte der Fokus liegen.\u201c<\/p>\n","protected":false},"excerpt":{"rendered":"TTS-Player \u00fcberspringen\u21b5Artikel weiterlesen Stuttgart \u2013 Am Montag macht sich der VfB auf den Weg ins Trainingslager nach Grassau.&hellip;\n","protected":false},"author":2,"featured_media":1210383,"comment_status":"","ping_status":"","sticky":false,"template":"","format":"standard","meta":{"footnotes":"","_share_on_mastodon":"0"},"categories":[1830],"tags":[1634,299,79593,3364,29,538,347,30,3861,1470,1441,3171,2915,14882,14881],"class_list":["post-1210382","post","type-post","status-publish","format-standard","has-post-thumbnail","category-stuttgart","tag-baden-wuerttemberg","tag-bundesliga","tag-chiemsee","tag-de","tag-deutschland","tag-erste-bundesliga","tag-fussball","tag-germany","tag-hoeness-sebastian","tag-sport-leuchtturm-muenchen","tag-stuttgart","tag-trainingslager","tag-vfb-stuttgart","tag-wehrle-alexander","tag-wohlgemuth-fabian"],"share_on_mastodon":{"url":"https:\/\/pubeurope.com\/@de\/117026348887819402","error":""},"_links":{"self":[{"href":"https:\/\/www.europesays.com\/de\/wp-json\/wp\/v2\/posts\/1210382","targetHints":{"allow":["GET"]}}],"collection":[{"href":"https:\/\/www.europesays.com\/de\/wp-json\/wp\/v2\/posts"}],"about":[{"href":"https:\/\/www.europesays.com\/de\/wp-json\/wp\/v2\/types\/post"}],"author":[{"embeddable":true,"href":"https:\/\/www.europesays.com\/de\/wp-json\/wp\/v2\/users\/2"}],"replies":[{"embeddable":true,"href":"https:\/\/www.europesays.com\/de\/wp-json\/wp\/v2\/comments?post=1210382"}],"version-history":[{"count":0,"href":"https:\/\/www.europesays.com\/de\/wp-json\/wp\/v2\/posts\/1210382\/revisions"}],"wp:featuredmedia":[{"embeddable":true,"href":"https:\/\/www.europesays.com\/de\/wp-json\/wp\/v2\/media\/1210383"}],"wp:attachment":[{"href":"https:\/\/www.europesays.com\/de\/wp-json\/wp\/v2\/media?parent=1210382"}],"wp:term":[{"taxonomy":"category","embeddable":true,"href":"https:\/\/www.europesays.com\/de\/wp-json\/wp\/v2\/categories?post=1210382"},{"taxonomy":"post_tag","embeddable":true,"href":"https:\/\/www.europesays.com\/de\/wp-json\/wp\/v2\/tags?post=1210382"}],"curies":[{"name":"wp","href":"https:\/\/api.w.org\/{rel}","templated":true}]}}