{"id":1210606,"date":"2026-08-02T16:35:39","date_gmt":"2026-08-02T16:35:39","guid":{"rendered":"https:\/\/www.europesays.com\/de\/1210606\/"},"modified":"2026-08-02T16:35:39","modified_gmt":"2026-08-02T16:35:39","slug":"im-botanischen-garten-werden-samen-von-500-arten-gewonnen-fuer-bielefeld-und-die-welt-nachrichten-aus-ostwestfalen-lippe","status":"publish","type":"post","link":"https:\/\/www.europesays.com\/de\/1210606\/","title":{"rendered":"Im Botanischen Garten werden Samen von 500 Arten gewonnen \u2013 f\u00fcr Bielefeld und die Welt | Nachrichten aus Ostwestfalen-Lippe"},"content":{"rendered":"<p style=\"font-size: 16px; font-weight: bold; line-height: 1.3; color: #333; margin: 0;\">\nMehr Nachrichten aus Lippe und der Region <br \/>in Ihren Suchergebnissen\n<\/p>\n<p style=\"font-size: 15px; line-height: 1.3; color: #333; margin: 4px 0 0;\">\nLegen Sie LZ.de als bevorzugte Quelle fest.\n<\/p>\n<p><a href=\"https:\/\/www.google.com\/preferences\/source?q=https:\/\/www.lz.de\" target=\"_blank\" rel=\"noopener noreferrer nofollow\" id=\"lz-google-cta-add\" aria-label=\"LZ.de bei Google als bevorzugte Nachrichtenquelle festlegen \u2013 \u00f6ffnet Google-Einstellungen in einem neuen Tab\" class=\"btn btn-danger\" style=\"border-radius: 6px; padding: 8px 24px; font-size: 15px; font-weight: 600; white-space: nowrap; flex-shrink: 0; align-self: center;\"><br \/>\nBei Google hinzuf\u00fcgen<br \/>\n<\/a><\/p>\n<p><img decoding=\"async\"   src=\"https:\/\/www.europesays.com\/de\/wp-content\/uploads\/2026\/08\/260802-1048-919049014.webp\" class=\"img-responsive\" alt=\"Sarah Saxowsky zeigt Samen, aus dem n\u00e4chstes Jahr wieder eine Bittere Schleifenblume wachsen soll. - \u00a9 Kurt Ehmke\" loading=\"lazy\"\/><\/p>\n<p>\u00a9 Kurt Ehmke<\/p>\n<p class=\"em_text lz-blur\">300 besondere Arten landen in T\u00fctchen und auf einer Liste, aus der andere G\u00e4rten ausw\u00e4hlen d\u00fcrfen. Doch auch Bielefeld profitiert. Und sucht Enziane. Gelbe.<\/p>\n<p>0,99 \u20ac im ersten Monat<\/p>\n<p>Ab dem 2. Monat 13,99 \u20ac pro Monat<\/p>\n<p class=\"lead\">\n<p><a class=\"btn btn-lg btn-primary funnel-entry\" data-upscore-conversion=\"1\" style=\"border: none !important; color: black; background-color: #FBDD31; padding: 15px 20px; width: 40%;\" href=\"https:\/\/www.lz.de\/service\/angebote\/checkout\/data?abos=D001_8216_50090_8\" role=\"button\" data-label=\"paywall\" data-product=\"D001_8216_50090_8\" data-price=\"13,99\u202f\u20ac\" data-nm=\"paywall_cta_modul\">Testmonat starten<\/a><\/p>\n<p>Schneller zahlen &amp; Daten \u00fcbernehmen mit:<\/p>\n<p><a class=\"PayPalExpress paypal-express-inline\" onclick=\"_paq.push([&#039;trackEvent&#039;, &#039;Aboshop&#039;, &#039;click&#039;, &#039;LZplusMonatsaboPayPal&#039;]);\" href=\"https:\/\/www.lz.de\/service\/angebote\/checkout\/paypal?abos=D001_8216_50090_8&amp;paypal_express=1\" data-upscore-conversion=\"1\" rel=\"nofollow noopener\" target=\"_blank\"><img decoding=\"async\" src=\"https:\/\/www.europesays.com\/de\/wp-content\/uploads\/2026\/07\/paypal.png\" alt=\"PayPal\" style=\"margin-left:3px;margin-top:-5px;margin-right: 3px;\" width=\"100\"\/> Express<\/a><\/p>\n<p><b>Kein Risiko<\/b>: monatlich k\u00fcndbar<\/p>\n<p> Alle Artikel auf LZ.de lesen<br \/> Kommentarfunktion nutzen<br \/> Nur lokale Werbung<\/p>\n<ul class=\"zahlungsartenlist\">\n<li style=\"width: 80px;margin-right: 15px;\" class=\"\"><img decoding=\"async\" src=\"https:\/\/www.lz.de\/_lz_daten\/_bilder\/checkout\/lastschriftlogo-black.svg\" alt=\"SEPA Lastschrift\" style=\"width: 100%;\" class=\"\"\/><\/li>\n<li class=\"css-1iu4cbu e134pfud3\" style=\"width: 80px;margin-left: 5px;\"><img decoding=\"async\" src=\"https:\/\/www.lz.de\/_lz_daten\/_bilder\/checkout\/paypal-icon.svg\" alt=\"PayPal\" style=\"width: 100%;\" class=\"\"\/><\/li>\n<\/ul>\n<p class=\"text-center bei-login-ausblenden\">Bereits Abonnent? <a href=\"#\" id=\"loginLink\" data-nm=\"paywall-2024-loginlink_button_artikel\">Anmelden!<\/a><\/p>\n","protected":false},"excerpt":{"rendered":"Mehr Nachrichten aus Lippe und der Region in Ihren Suchergebnissen Legen Sie LZ.de als bevorzugte Quelle fest. Bei&hellip;\n","protected":false},"author":2,"featured_media":1210607,"comment_status":"","ping_status":"","sticky":false,"template":"","format":"standard","meta":{"footnotes":"","_share_on_mastodon":"0"},"categories":[1841],"tags":[1605,102404,3364,29,252044,156,598,30,345,12937,252046,372,9311,9307,1611,15354,1608,16896,164252,1613,1209,252045,16406,63948,64,252043],"class_list":["post-1210606","post","type-post","status-publish","format-standard","has-post-thumbnail","category-bielefeld","tag-bielefeld","tag-cnt_top-artikel","tag-de","tag-deutschland","tag-enzian","tag-frankreich","tag-garten","tag-germany","tag-iran","tag-island","tag-janine-berg","tag-japan","tag-label_familie-freizeit","tag-label_foto","tag-label_informiere-mich","tag-label_stroer","tag-label_top-news","tag-label_xl-160","tag-meta_eo_zusammenfassung","tag-meta_userneeds_informieremich","tag-nordrhein-westfalen","tag-samensuche","tag-schnee","tag-tuetchen","tag-usa","tag-winterarbeit"],"share_on_mastodon":{"url":"https:\/\/pubeurope.com\/@de\/117026892076096636","error":""},"_links":{"self":[{"href":"https:\/\/www.europesays.com\/de\/wp-json\/wp\/v2\/posts\/1210606","targetHints":{"allow":["GET"]}}],"collection":[{"href":"https:\/\/www.europesays.com\/de\/wp-json\/wp\/v2\/posts"}],"about":[{"href":"https:\/\/www.europesays.com\/de\/wp-json\/wp\/v2\/types\/post"}],"author":[{"embeddable":true,"href":"https:\/\/www.europesays.com\/de\/wp-json\/wp\/v2\/users\/2"}],"replies":[{"embeddable":true,"href":"https:\/\/www.europesays.com\/de\/wp-json\/wp\/v2\/comments?post=1210606"}],"version-history":[{"count":0,"href":"https:\/\/www.europesays.com\/de\/wp-json\/wp\/v2\/posts\/1210606\/revisions"}],"wp:featuredmedia":[{"embeddable":true,"href":"https:\/\/www.europesays.com\/de\/wp-json\/wp\/v2\/media\/1210607"}],"wp:attachment":[{"href":"https:\/\/www.europesays.com\/de\/wp-json\/wp\/v2\/media?parent=1210606"}],"wp:term":[{"taxonomy":"category","embeddable":true,"href":"https:\/\/www.europesays.com\/de\/wp-json\/wp\/v2\/categories?post=1210606"},{"taxonomy":"post_tag","embeddable":true,"href":"https:\/\/www.europesays.com\/de\/wp-json\/wp\/v2\/tags?post=1210606"}],"curies":[{"name":"wp","href":"https:\/\/api.w.org\/{rel}","templated":true}]}}