{"id":1210688,"date":"2026-08-02T17:28:17","date_gmt":"2026-08-02T17:28:17","guid":{"rendered":"https:\/\/www.europesays.com\/de\/1210688\/"},"modified":"2026-08-02T17:28:17","modified_gmt":"2026-08-02T17:28:17","slug":"s-bahn-tagelang-unterbrochen-bus-ersatzverkehr-bei-ringbahn-berlin","status":"publish","type":"post","link":"https:\/\/www.europesays.com\/de\/1210688\/","title":{"rendered":"S-Bahn tagelang unterbrochen \u2013 Bus-Ersatzverkehr bei Ringbahn | Berlin"},"content":{"rendered":"<p><img loading=\"lazy\" decoding=\"async\" src=\"https:\/\/www.europesays.com\/de\/wp-content\/uploads\/2026\/08\/vgzm.2150080-6a6f42a7ef632fe6ede68a3d.gif\" width=\"1\" height=\"1\" alt=\"\" class=\"vgwort-pixel\"\/>Bus-Ersatzverkehr im S\u00fcden: Ringbahn tagelang unterbrochen!<img fetchpriority=\"high\" decoding=\"async\" width=\"992\" height=\"558\" alt=\"Bei der Ringbahn m\u00fcssen Berliner wieder tagelang auf den Bus umsteigen\" loading=\"eager\" src=\"https:\/\/www.europesays.com\/de\/wp-content\/uploads\/2026\/08\/8bcd1ef724f0876b005267c223eb22fd,e3eb7b19.webp\"   class=\"landscape\"\/><\/p>\n<p class=\"fig__caption__text\">Bei der Ringbahn m\u00fcssen Berliner wieder tagelang auf den Bus umsteigen<\/p>\n<p>Foto: Paul Zinken\/dpa<\/p>\n<p>02.08.2026 &#8211; 17:16 Uhr <\/p>\n<p>Berlin \u2013 <b>Pendler im S\u00fcden Berlins m\u00fcssen sich in der kommenden Woche auf Chaos einstellen. Die Ringbahn sowie die S46 und S47 fahren vom 3. August bis zum 10. August nicht zwischen Hermannstra\u00dfe und Tempelhof. <\/b><\/p>\n<p>Die Berliner <a href=\"https:\/\/www.bz-berlin.de\/thema\/s-bahn\" class=\"text-link\" rel=\"nofollow noopener\" target=\"_blank\">S-Bahn<\/a> hat die Unterbrechung angek\u00fcndigt. F\u00fcr die betroffene Strecke wird ein Schienenersatzverkehr mit Bussen eingerichtet. Die Einschr\u00e4nkungen dauern eine Woche.<\/p>\n<p class=\"article-content-user-report\">Haben Sie einen Fehler in diesem Artikel entdeckt? Dann schreiben Sie uns gern: <a href=\"mailto:fehler.melden@bz.de?body=%0A%0A%0AURL%3A%20https%3A%2F%2Fwww.bz-berlin.de%2Fberlin%2Fs-bahn-tagelang-unterbrochen-bus-ersatzverkehr-bei-ringbahn-6a6f42a7ef632fe6ede68a3d%0ADatum%3A%202.8.2026%2C%2019%3A28%3A02%0A\" target=\"_blank\" rel=\"noopener\" class=\"anchor anchor--external\">fehler.melden@bz.de.<\/a><\/p>\n","protected":false},"excerpt":{"rendered":"Bus-Ersatzverkehr im S\u00fcden: Ringbahn tagelang unterbrochen! Bei der Ringbahn m\u00fcssen Berliner wieder tagelang auf den Bus umsteigen Foto:&hellip;\n","protected":false},"author":2,"featured_media":1210689,"comment_status":"","ping_status":"","sticky":false,"template":"","format":"standard","meta":{"footnotes":"","_share_on_mastodon":"0"},"categories":[1825],"tags":[7032,296,29,30,2238,1949],"class_list":["post-1210688","post","type-post","status-publish","format-standard","has-post-thumbnail","category-berlin","tag-a1","tag-berlin","tag-deutschland","tag-germany","tag-ringbahn","tag-s-bahn"],"share_on_mastodon":{"url":"https:\/\/pubeurope.com\/@de\/117027100277298264","error":""},"_links":{"self":[{"href":"https:\/\/www.europesays.com\/de\/wp-json\/wp\/v2\/posts\/1210688","targetHints":{"allow":["GET"]}}],"collection":[{"href":"https:\/\/www.europesays.com\/de\/wp-json\/wp\/v2\/posts"}],"about":[{"href":"https:\/\/www.europesays.com\/de\/wp-json\/wp\/v2\/types\/post"}],"author":[{"embeddable":true,"href":"https:\/\/www.europesays.com\/de\/wp-json\/wp\/v2\/users\/2"}],"replies":[{"embeddable":true,"href":"https:\/\/www.europesays.com\/de\/wp-json\/wp\/v2\/comments?post=1210688"}],"version-history":[{"count":0,"href":"https:\/\/www.europesays.com\/de\/wp-json\/wp\/v2\/posts\/1210688\/revisions"}],"wp:featuredmedia":[{"embeddable":true,"href":"https:\/\/www.europesays.com\/de\/wp-json\/wp\/v2\/media\/1210689"}],"wp:attachment":[{"href":"https:\/\/www.europesays.com\/de\/wp-json\/wp\/v2\/media?parent=1210688"}],"wp:term":[{"taxonomy":"category","embeddable":true,"href":"https:\/\/www.europesays.com\/de\/wp-json\/wp\/v2\/categories?post=1210688"},{"taxonomy":"post_tag","embeddable":true,"href":"https:\/\/www.europesays.com\/de\/wp-json\/wp\/v2\/tags?post=1210688"}],"curies":[{"name":"wp","href":"https:\/\/api.w.org\/{rel}","templated":true}]}}