{"id":1210991,"date":"2026-08-02T20:42:19","date_gmt":"2026-08-02T20:42:19","guid":{"rendered":"https:\/\/www.europesays.com\/de\/1210991\/"},"modified":"2026-08-02T20:42:19","modified_gmt":"2026-08-02T20:42:19","slug":"joshua-kimmich-bayern-star-ueberrascht-mit-aussage-zu-bundestrainer-klopp","status":"publish","type":"post","link":"https:\/\/www.europesays.com\/de\/1210991\/","title":{"rendered":"Joshua Kimmich: Bayern-Star \u00fcberrascht mit Aussage zu Bundestrainer Klopp"},"content":{"rendered":"<p>Ein Satz l\u00e4sst aufhorchen <\/p>\n<p>Kimmich \u00fcberrascht mit Aussage zu J\u00fcrgen Klopp<\/p>\n<p>02.08.2026 &#8211; 21:07 UhrLesedauer: 2 Min.<\/p>\n<p><a href=\"#focus-0\" class=\"transition-colors block text-current relative\" data-sctrack=\"FocusGalleryImage.Reference\"><img fetchpriority=\"high\" data-testid=\"Opener.Image\"   loading=\"eager\" src=\"https:\/\/www.europesays.com\/de\/wp-content\/uploads\/2026\/08\/joshua-kimmich-waehrend-der-saisonvorbereitung-mit-dem-fc-bayern-der-31-jaehrige-spielt-seit-2016-fu.jpeg\" alt=\"Joshua Kimmich w\u00e4hrend der Saisonvorbereitung mit dem FC Bayern: Der 31-J\u00e4hrige spielt seit 2016 f\u00fcr die deutsche Nationalmannschaft.\" title=\"Joshua Kimmich w\u00e4hrend der Saisonvorbereitung mit dem FC Bayern: Der 31-J\u00e4hrige spielt seit 2016 f\u00fcr die deutsche Nationalmannschaft.\" width=\"2755\" height=\"1550\" class=\"bg-[url:var(--lqipURL)] bg-cover bg-center flex h-full w-full max-w-full\" style=\"--lqipURL:url('https:\/\/images.t-online.de\/2026\/08\/K7vAdwQrrp1F\/220x134:2755x1550\/fit-in\/150x0\/filters:blur(25)\/joshua-kimmich-waehrend-der-saisonvorbereitung-mit-dem-fc-bayern-der-31-jaehrige-spielt-seit-2016-fuer-die-deutsche-nationalmannschaft.jpg')\" decoding=\"async\"\/><img loading=\"lazy\" src=\"https:\/\/www.t-online.de\/s\/paper\/_next\/static\/media\/zoom-in.f7dae02f.svg\" alt=\"Vergr\u00f6\u00dfern des Bildes\" title=\"Vergr\u00f6\u00dfern des Bildes\" class=\"block h-[calc(var(--height)_\/_16_*_1rem)] w-[calc(var(--width)_\/_16_*_1rem)] max-w-none absolute right-8 bottom-8 rounded-4 bg-snow p-8\" style=\"--width:32;--height:32\" decoding=\"async\"\/><\/a><\/p>\n<p>Joshua Kimmich w\u00e4hrend der Saisonvorbereitung mit dem FC Bayern: Der 31-J\u00e4hrige spielt seit 2016 f\u00fcr die deutsche Nationalmannschaft. (Quelle: IMAGO\/Bahho Kara\/imago-images-bilder)<\/p>\n<p><img loading=\"lazy\" src=\"https:\/\/www.t-online.de\/s\/paper\/_next\/static\/media\/audio-volume.6689034c.svg\" alt=\"\" title=\"\" class=\"block h-[calc(var(--height)_\/_16_*_1rem)] w-[calc(var(--width)_\/_16_*_1rem)] max-w-none group-hover:brightness-0 group-hover:invert\" style=\"--width:16;--height:16\" decoding=\"async\"\/>Vorlesen<\/p>\n<p>Aktuelle Zeit:0:00Gesamtdauer:0:00<\/p>\n<p>1x<\/p>\n<p class=\"text-center\">Jetzt neu bei t-online:<\/p>\n<p class=\"text-center\">Schriftgr\u00f6\u00dfe anpassen!<\/p>\n<p><img loading=\"lazy\" src=\"https:\/\/www.t-online.de\/s\/paper\/_next\/static\/media\/font-sizes.32942e33.svg\" alt=\"\" title=\"\" class=\"block h-[calc(var(--height)_\/_16_*_1rem)] w-[calc(var(--width)_\/_16_*_1rem)] max-w-none group-hover:hidden group-aria-expanded:hidden\" style=\"--width:16;--height:16\" decoding=\"async\"\/><img loading=\"lazy\" src=\"https:\/\/www.t-online.de\/s\/paper\/_next\/static\/media\/font-sizes-dark-mode.e382645c.svg\" alt=\"\" title=\"\" class=\"block h-[calc(var(--height)_\/_16_*_1rem)] w-[calc(var(--width)_\/_16_*_1rem)] max-w-none hidden group-hover:block group-aria-expanded:block\" style=\"--width:16;--height:16\" decoding=\"async\"\/><img loading=\"lazy\" src=\"https:\/\/www.t-online.de\/s\/paper\/_next\/static\/media\/sharing-menu-icon.1eb71368.svg\" alt=\"\" title=\"\" class=\"block h-[calc(var(--height)_\/_16_*_1rem)] w-[calc(var(--width)_\/_16_*_1rem)] max-w-none group-hover:brightness-0 group-hover:invert\" style=\"--width:16;--height:16\" decoding=\"async\"\/>Artikel teilen<\/p>\n<p class=\"font-bold text-18 leading-17 user-text-lg:text-22 user-text-xl:text-24\">Der F\u00fchrungsspieler des deutschen Rekordmeisters spricht in einem Interview \u00fcber seine Zukunft in der Nationalmannschaft \u2013 und l\u00e4sst mit einem Satz aufhorchen.<\/p>\n<p class=\"text-18 leading-17 user-text-lg:text-22 user-text-xl:text-24\">W\u00e4hrend der <a href=\"https:\/\/www.t-online.de\/themen\/fc-bayern-muenchen\/\" class=\"transition-colors cursor-pointer no-underline md:hover:text-magenta md:focus:text-magenta border-b border-solid border-current text-salemsfur md:hover:border-magenta\" data-tracking=\"{&quot;action&quot;:&quot;click&quot;,&quot;category&quot;:&quot;intextLink&quot;,&quot;label&quot;:&quot;\/themen\/fc-bayern-muenchen\/&quot;}\" data-sctrack=\"BodyAnchor\" rel=\"nofollow noopener\" target=\"_blank\">FC Bayern M\u00fcnchen<\/a> am Sonntag zum Auftakt seiner Asientour begeistert am <a href=\"https:\/\/www.t-online.de\/themen\/flughafen\/\" class=\"transition-colors cursor-pointer no-underline md:hover:text-magenta md:focus:text-magenta border-b border-solid border-current text-salemsfur md:hover:border-magenta\" data-tracking=\"{&quot;action&quot;:&quot;click&quot;,&quot;category&quot;:&quot;intextLink&quot;,&quot;label&quot;:&quot;\/themen\/flughafen\/&quot;}\" data-sctrack=\"BodyAnchor\" rel=\"nofollow noopener\" target=\"_blank\">Flughafen<\/a> im s\u00fcdkoreanischen Jeju begr\u00fc\u00dft worden ist, hat einer seiner F\u00fchrungsspieler mit unerwarteten Aussagen Aufsehen erregt.<\/p>\n<p class=\"text-18 leading-17 user-text-lg:text-22 user-text-xl:text-24\">Denn <a href=\"https:\/\/www.t-online.de\/themen\/joshua-kimmich\/\" class=\"transition-colors cursor-pointer no-underline md:hover:text-magenta md:focus:text-magenta border-b border-solid border-current text-salemsfur md:hover:border-magenta\" data-tracking=\"{&quot;action&quot;:&quot;click&quot;,&quot;category&quot;:&quot;intextLink&quot;,&quot;label&quot;:&quot;\/themen\/joshua-kimmich\/&quot;}\" data-sctrack=\"BodyAnchor\" rel=\"nofollow noopener\" target=\"_blank\">Joshua Kimmich<\/a> wurde in einem Interview mit dem s\u00fcdkoreanischen Ableger des Fu\u00dfballmagazins &#8222;FourFourTwo&#8220; auch zu seiner Zukunft in der <a href=\"https:\/\/www.t-online.de\/themen\/nationalmannschaft-deutschland\/\" class=\"transition-colors cursor-pointer no-underline md:hover:text-magenta md:focus:text-magenta border-b border-solid border-current text-salemsfur md:hover:border-magenta\" data-tracking=\"{&quot;action&quot;:&quot;click&quot;,&quot;category&quot;:&quot;intextLink&quot;,&quot;label&quot;:&quot;\/themen\/nationalmannschaft-deutschland\/&quot;}\" data-sctrack=\"BodyAnchor\" rel=\"nofollow noopener\" target=\"_blank\">deutschen Nationalmannschaft<\/a> befragt \u2013 nach dem fr\u00fchen Aus der <a href=\"https:\/\/www.t-online.de\/themen\/nationalmannschaft-deutschland\/\" class=\"transition-colors cursor-pointer no-underline md:hover:text-magenta md:focus:text-magenta border-b border-solid border-current text-salemsfur md:hover:border-magenta\" data-tracking=\"{&quot;action&quot;:&quot;click&quot;,&quot;category&quot;:&quot;intextLink&quot;,&quot;label&quot;:&quot;\/themen\/nationalmannschaft-deutschland\/&quot;}\" data-sctrack=\"BodyAnchor\" rel=\"nofollow noopener\" target=\"_blank\">DFB-Elf<\/a> im Sechzehntelfinale der WM in den USA, Kanada und Mexiko wird schlie\u00dflich ein Umbruch im Team erwartet. Einige Experten brachten damit einhergehend auch einen Abschied Kimmichs aus der deutschen Elf ins Gespr\u00e4ch, Kimmich absolvierte bisher seit 2016 114 L\u00e4nderspiele, erzielte dabei zehn Tore.<\/p>\n<ul class=\"text-18 leading-17 block pl-24 *:pb-16 *:before:inline-block *:before:size-8 *:before:bg-magenta *:before:mt-0 *:before:mr-12 *:before:mb-2 *:before:-ml-[20px]\">\n<li><strong class=\"font-bold\">&#8222;Das ist eure letzte Saison&#8220;:<\/strong> <a href=\"https:\/\/www.t-online.de\/sport\/fussball\/bundesliga\/id_101364054\/fussball-warum-in-pokal-und-bundesliga-wieder-tennisbaelle-fliegen-koennten.html\" class=\"transition-colors cursor-pointer no-underline md:hover:text-magenta md:focus:text-magenta border-b border-solid border-current text-salemsfur md:hover:border-magenta\" data-tracking=\"{&quot;action&quot;:&quot;click&quot;,&quot;category&quot;:&quot;intextLink&quot;,&quot;label&quot;:&quot;\/sport\/fussball\/bundesliga\/id_101364054\/fussball-warum-in-pokal-und-bundesliga-wieder-tennisbaelle-fliegen-koennten.html&quot;}\" data-sctrack=\"BodyAnchor\" rel=\"nofollow noopener\" target=\"_blank\">Jetzt droht der Fan-Aufstand in Pokal und Liga<\/a><\/li>\n<li><strong class=\"font-bold\">Auftritt auf Asien-Tour:<\/strong> <a href=\"https:\/\/www.t-online.de\/sport\/fussball\/bundesliga\/fc-bayern-muenchen\/id_101371250\/fc-bayern-fcb-star-luis-diaz-ueberrascht-mit-neuer-frisur.html\" class=\"transition-colors cursor-pointer no-underline md:hover:text-magenta md:focus:text-magenta border-b border-solid border-current text-salemsfur md:hover:border-magenta\" data-tracking=\"{&quot;action&quot;:&quot;click&quot;,&quot;category&quot;:&quot;intextLink&quot;,&quot;label&quot;:&quot;\/sport\/fussball\/bundesliga\/fc-bayern-muenchen\/id_101371250\/fc-bayern-fcb-star-luis-diaz-ueberrascht-mit-neuer-frisur.html&quot;}\" data-sctrack=\"BodyAnchor\" rel=\"nofollow noopener\" target=\"_blank\">Bayern-Star pl\u00f6tzlich v\u00f6llig ver\u00e4ndert<\/a><\/li>\n<\/ul>\n<p class=\"text-18 leading-17 user-text-lg:text-22 user-text-xl:text-24\">Was er sich nun unter dem neuen Bundestrainer <a href=\"https:\/\/www.t-online.de\/themen\/juergen-klopp\/\" class=\"transition-colors cursor-pointer no-underline md:hover:text-magenta md:focus:text-magenta border-b border-solid border-current text-salemsfur md:hover:border-magenta\" data-tracking=\"{&quot;action&quot;:&quot;click&quot;,&quot;category&quot;:&quot;intextLink&quot;,&quot;label&quot;:&quot;\/themen\/juergen-klopp\/&quot;}\" data-sctrack=\"BodyAnchor\" rel=\"nofollow noopener\" target=\"_blank\">J\u00fcrgen Klopp<\/a> erwarte, wollte &#8222;FourFourTwo&#8220; wissen. Kimmichs Antwort: &#8222;Ich habe noch nicht mit Klopp gesprochen.&#8220; Dann aber die \u00fcberraschende Formulierung: &#8222;Sollte ich die Gelegenheit haben, mit ihm zusammenzuarbeiten, m\u00f6chte ich Ergebnisse erzielen, auf die die deutschen Fu\u00dfballfans stolz sein k\u00f6nnen&#8220;, wird der 31-J\u00e4hrige zitiert.<\/p>\n<p>Kimmich war bis zuletzt F\u00fchrungsspieler der DFB-Elf<\/p>\n<p class=\"text-18 leading-17 user-text-lg:text-22 user-text-xl:text-24\">Gerade mit Hinblick darauf, dass Kimmich bis zuletzt F\u00fchrungsspieler und sogar Mannschaftskapit\u00e4n der DFB-Elf war, eine ungew\u00f6hnliche Aussage, die den Eindruck erweckt, dass er selbst seine Zukunft im Nationalteam infrage stellt.<\/p>\n<p class=\"text-18 leading-17 user-text-lg:text-22 user-text-xl:text-24\">Klopp hatte bei seiner Vorstellung als Bundestrainer vor gut einer Woche indes angek\u00fcndigt: &#8222;Spielen wird, wer sehr gut ist, Riesenbock hat und in dem Moment, wo er das Trikot anzieht, noch ein bisschen besser wird.&#8220; Mehr noch: &#8222;Meine T\u00fcr ist offen. Niemand wird abgeschrieben. Heute ist Neustart.&#8220; Konkrete Namen, mit denen er weiter plane oder die er k\u00fcnftig berufen wolle, nannte Klopp allerdings nicht.<\/p>\n","protected":false},"excerpt":{"rendered":"Ein Satz l\u00e4sst aufhorchen Kimmich \u00fcberrascht mit Aussage zu J\u00fcrgen Klopp 02.08.2026 &#8211; 21:07 UhrLesedauer: 2 Min. Joshua&hellip;\n","protected":false},"author":2,"featured_media":1210992,"comment_status":"","ping_status":"","sticky":false,"template":"","format":"standard","meta":{"footnotes":"","_share_on_mastodon":"0"},"categories":[136],"tags":[29,3751,458,30,35855,4665,53,208,10702,64361,265,64],"class_list":["post-1210991","post","type-post","status-publish","format-standard","has-post-thumbnail","category-sport","tag-deutschland","tag-dfb-elf","tag-fc-bayern-muenchen","tag-germany","tag-joshua-kimmich","tag-juergen-klopp","tag-kanada","tag-mexiko","tag-nationalmannschaft","tag-saisonvorbereitung","tag-sport","tag-usa"],"share_on_mastodon":{"url":"https:\/\/pubeurope.com\/@de\/117027863088014777","error":""},"_links":{"self":[{"href":"https:\/\/www.europesays.com\/de\/wp-json\/wp\/v2\/posts\/1210991","targetHints":{"allow":["GET"]}}],"collection":[{"href":"https:\/\/www.europesays.com\/de\/wp-json\/wp\/v2\/posts"}],"about":[{"href":"https:\/\/www.europesays.com\/de\/wp-json\/wp\/v2\/types\/post"}],"author":[{"embeddable":true,"href":"https:\/\/www.europesays.com\/de\/wp-json\/wp\/v2\/users\/2"}],"replies":[{"embeddable":true,"href":"https:\/\/www.europesays.com\/de\/wp-json\/wp\/v2\/comments?post=1210991"}],"version-history":[{"count":0,"href":"https:\/\/www.europesays.com\/de\/wp-json\/wp\/v2\/posts\/1210991\/revisions"}],"wp:featuredmedia":[{"embeddable":true,"href":"https:\/\/www.europesays.com\/de\/wp-json\/wp\/v2\/media\/1210992"}],"wp:attachment":[{"href":"https:\/\/www.europesays.com\/de\/wp-json\/wp\/v2\/media?parent=1210991"}],"wp:term":[{"taxonomy":"category","embeddable":true,"href":"https:\/\/www.europesays.com\/de\/wp-json\/wp\/v2\/categories?post=1210991"},{"taxonomy":"post_tag","embeddable":true,"href":"https:\/\/www.europesays.com\/de\/wp-json\/wp\/v2\/tags?post=1210991"}],"curies":[{"name":"wp","href":"https:\/\/api.w.org\/{rel}","templated":true}]}}