{"id":121103,"date":"2025-05-18T20:12:10","date_gmt":"2025-05-18T20:12:10","guid":{"rendered":"https:\/\/www.europesays.com\/de\/121103\/"},"modified":"2025-05-18T20:12:10","modified_gmt":"2025-05-18T20:12:10","slug":"halle-mann-sticht-auf-maedchen-ein-zwei-weitere-menschen-verletzt-regional","status":"publish","type":"post","link":"https:\/\/www.europesays.com\/de\/121103\/","title":{"rendered":"Halle: Mann sticht auf M\u00e4dchen ein \u2013 zwei weitere Menschen verletzt | Regional"},"content":{"rendered":"<p>Halle (Sachsen-Anhalt) \u2013 <b>Ein Mann hat<\/b> <b>in Halle (Saale) offenbar mit einem Messer drei Menschen verletzt, darunter ein zw\u00f6lfj\u00e4hriges M\u00e4dchen. Der T\u00e4ter wurde festgenommen.<\/b><\/p>\n<p>\u201eDrei Personen haben Schnitt- und Stichverletzungen, sie werden medizinisch betreut\u201c, best\u00e4tigte ein Polizeisprecher am Sonntagabend gegen\u00fcber BILD. Erste Angaben, wonach das verletzte Kind zw\u00f6lf Jahre alt gewesen sein soll, korrigierten die Beamten sp\u00e4ter.<\/p>\n<p><b>Ein 29-J\u00e4hriger sei bei dem Angriff schwer verletzt worden, die Elfj\u00e4hrige und ein Erwachsener\u00a0(47) leicht. Alle wurden in Krankenh\u00e4usern behandelt.<\/b><\/p>\n<p>Eskalierte ein Streit um laute Kinder?<img decoding=\"async\" width=\"992\" height=\"661\" alt=\"Die Polizei vor dem Haus in Halle, in der sich der blutige Angriff am Sonntagabend ereignete\" src=\"https:\/\/www.europesays.com\/de\/wp-content\/uploads\/2025\/05\/bebeb5c060b19eaae4245b6a1e8c5557,6d02485b\"   class=\"dynamic\" loading=\"lazy\"\/><\/p>\n<p class=\"fig__caption__text\">Die Polizei vor dem Haus in Halle, in der sich der blutige Angriff am Sonntagabend ereignete<\/p>\n<p>Foto: Maike Gl\u00f6ckner<\/p>\n<p><b>Vor dem blutigen Angriff gegen 18.30 Uhr soll es laut <\/b><a href=\"https:\/\/www.bild.de\/regional\/aktuelles\/polizei\/polizeieinsatz-alle-infos-76681760.bild.html\" class=\"text-link\" rel=\"nofollow noopener\" target=\"_blank\"><b>Polizei<\/b><\/a><b> zu einer verbalen Auseinandersetzung an einem Plattenbau gekommen sein, die schlie\u00dflich eskalierte. Nach BILD-Informationen soll es dabei um die Lautst\u00e4rke der Kinder vor dem Haus gegangen sein.<\/b><\/p>\n<p>Ein Augenzeuge will gesehen haben, wie der Mann mit einem gro\u00dfen Messer auf mehrere Kinder losging, die am Eingang gesessen haben, berichtete die \u201eMitteldeutsche Zeitung\u201c.<\/p>\n<p><img decoding=\"async\" width=\"992\" height=\"696\" alt=\"Der Angriff geschah vor diesem Plattenbau in Halle\" src=\"https:\/\/www.europesays.com\/de\/wp-content\/uploads\/2025\/05\/43e32c2f974592868a52543365fab647,53658654\"   class=\"dynamic\" loading=\"lazy\"\/><\/p>\n<p class=\"fig__caption__text\">Der Angriff geschah vor diesem Plattenbau in Halle<\/p>\n<p>Foto: Maike Gl\u00f6ckner<\/p>\n<p><b>Nach der Festnahme wurde <\/b><a href=\"https:\/\/www.bild.de\/regional\/halle-saale\/maedchen-in-halle-verletzt-stach-taeter-aus-aerger-ueber-kinderlaerm-zu-682a29a0a579b526c5dcb2df\" class=\"text-link\" rel=\"nofollow noopener\" target=\"_blank\"><b>der T\u00e4ter von Beamten aus dem Mehrfamilienhaus abgef\u00fchrt<\/b><\/a><b>. Ob er oder seine Opfer dort leben, ist nicht bekannt. Die Tatwaffe habe die Polizei sichergestellt.<\/b><\/p>\n<p>Lesen Sie auch<\/p>\n<p>Das Gebiet um den Tatort in der Stra\u00dfe An der Magistrale in <a href=\"https:\/\/www.bild.de\/regional\/halle\/home-QFfdMl57JCWZY1WqT2hu\" class=\"text-link\" rel=\"nofollow noopener\" target=\"_blank\">Halle<\/a> wurde weitr\u00e4umig abgesperrt, die Polizei ist mit einem Gro\u00dfaufgebot im Einsatz. F\u00fcr die Bev\u00f6lkerung bestehe keine weitere Gefahr, so die Beh\u00f6rden.<\/p>\n","protected":false},"excerpt":{"rendered":"Halle (Sachsen-Anhalt) \u2013 Ein Mann hat in Halle (Saale) offenbar mit einem Messer drei Menschen verletzt, darunter ein&hellip;\n","protected":false},"author":2,"featured_media":121104,"comment_status":"","ping_status":"","sticky":false,"template":"","format":"standard","meta":{"footnotes":""},"categories":[2],"tags":[1737,1738,29,1736,980,30,4062,13,682,1981,14,15,121,12,45,10,8,9,11],"class_list":{"0":"post-121103","1":"post","2":"type-post","3":"status-publish","4":"format-standard","5":"has-post-thumbnail","7":"category-deutschland","8":"tag-breaking-news","9":"tag-desk-delta","10":"tag-deutschland","11":"tag-fb-instantarticles","12":"tag-festnahme","13":"tag-germany","14":"tag-halle","15":"tag-headlines","16":"tag-koerperverletzung","17":"tag-messer","18":"tag-nachrichten","19":"tag-news","20":"tag-polizei","21":"tag-schlagzeilen","22":"tag-texttospeech","23":"tag-top-news","24":"tag-top-meldungen","25":"tag-topmeldungen","26":"tag-topnews"},"share_on_mastodon":{"url":"https:\/\/pubeurope.com\/@de\/114530664034135021","error":""},"_links":{"self":[{"href":"https:\/\/www.europesays.com\/de\/wp-json\/wp\/v2\/posts\/121103","targetHints":{"allow":["GET"]}}],"collection":[{"href":"https:\/\/www.europesays.com\/de\/wp-json\/wp\/v2\/posts"}],"about":[{"href":"https:\/\/www.europesays.com\/de\/wp-json\/wp\/v2\/types\/post"}],"author":[{"embeddable":true,"href":"https:\/\/www.europesays.com\/de\/wp-json\/wp\/v2\/users\/2"}],"replies":[{"embeddable":true,"href":"https:\/\/www.europesays.com\/de\/wp-json\/wp\/v2\/comments?post=121103"}],"version-history":[{"count":0,"href":"https:\/\/www.europesays.com\/de\/wp-json\/wp\/v2\/posts\/121103\/revisions"}],"wp:featuredmedia":[{"embeddable":true,"href":"https:\/\/www.europesays.com\/de\/wp-json\/wp\/v2\/media\/121104"}],"wp:attachment":[{"href":"https:\/\/www.europesays.com\/de\/wp-json\/wp\/v2\/media?parent=121103"}],"wp:term":[{"taxonomy":"category","embeddable":true,"href":"https:\/\/www.europesays.com\/de\/wp-json\/wp\/v2\/categories?post=121103"},{"taxonomy":"post_tag","embeddable":true,"href":"https:\/\/www.europesays.com\/de\/wp-json\/wp\/v2\/tags?post=121103"}],"curies":[{"name":"wp","href":"https:\/\/api.w.org\/{rel}","templated":true}]}}