{"id":1211230,"date":"2026-08-02T23:28:16","date_gmt":"2026-08-02T23:28:16","guid":{"rendered":"https:\/\/www.europesays.com\/de\/1211230\/"},"modified":"2026-08-02T23:28:16","modified_gmt":"2026-08-02T23:28:16","slug":"nyland-vor-rueckkehr-zu-rb-leipzig","status":"publish","type":"post","link":"https:\/\/www.europesays.com\/de\/1211230\/","title":{"rendered":"Nyland vor R\u00fcckkehr zu RB Leipzig"},"content":{"rendered":"<p>\u00d8rjan Nyland steht vor einer R\u00fcckkehr zu RB Leipzig. Wie Sky berichtet, haben sich die Sachsen mit dem vereinslosen Torh\u00fcter auf einen Vertrag bis 2028 geeinigt. Vorbehaltlich des erfolgreichen Medizinchecks soll der 35-J\u00e4hrige abl\u00f6sefrei unterschreiben und m\u00f6glichst zeitnah ins Trainingslager nach \u00d6sterreich nachreisen.<\/p>\n<p>Nyland ist in Leipzig kein Unbekannter: Bereits in der Saison 2022\/23 stand der norwegische Nationalspieler bei den Roten Bullen unter Vertrag. Zuletzt spielte er f\u00fcr den Sevilla FC und wusste bei der Weltmeisterschaft mit starken Leistungen f\u00fcr Norwegen zu \u00fcberzeugen. Nun soll er den vor einem Abgang stehenden P\u00e9ter Gul\u00e1csi im Leipziger Torh\u00fcterteam ersetzen.<\/p>\n<p>Gul\u00e1csi ist unterdessen nach Informationen von <a class=\"online\" href=\"https:\/\/www.bild.de\/sport\/fussball\/rb-leipzig-im-privatjet-mit-familie-peter-gulacsi-reist-zum-medizincheck-nach-spanien-6a6f680e58a531b3c4052bc5\" target=\"_b\" rel=\"nofollow noopener\">BILD<\/a> mit einem Privatjet nach Spanien gereist. Nach seiner Ankunft soll der Ungar den Medizincheck beim Villarreal CF absolvieren und anschlie\u00dfend einen Zweijahresvertrag mit der Option auf eine weitere Saison unterschreiben. L\u00e4uft bei den abschlie\u00dfenden Formalit\u00e4ten alles nach Plan, ist der Abschied des langj\u00e4hrigen RB-Keepers nur noch Formsache.<\/p>\n<p><\/p>\n<p>LIGAINSIDER-DURCHSCHNITTSNOTE in den letzten VIER Jahren<\/p>\n","protected":false},"excerpt":{"rendered":"\u00d8rjan Nyland steht vor einer R\u00fcckkehr zu RB Leipzig. Wie Sky berichtet, haben sich die Sachsen mit dem&hellip;\n","protected":false},"author":2,"featured_media":1211231,"comment_status":"","ping_status":"","sticky":false,"template":"","format":"standard","meta":{"footnotes":"","_share_on_mastodon":"0"},"categories":[1832],"tags":[4808,135737,2217,3364,29,347,30,71,15,252152,5422,859,265,924,11003,1288,2627,5421],"class_list":["post-1211230","post","type-post","status-publish","format-standard","has-post-thumbnail","category-leipzig","tag-1-bundesliga","tag-2026-27","tag-bilanz","tag-de","tag-deutschland","tag-fussball","tag-germany","tag-leipzig","tag-news","tag-orjan-nyland","tag-quote","tag-sachsen","tag-sport","tag-statistik","tag-torhueter","tag-transfers","tag-verletzungen","tag-wechsel"],"share_on_mastodon":{"url":"https:\/\/pubeurope.com\/@de\/117028513682764092","error":""},"_links":{"self":[{"href":"https:\/\/www.europesays.com\/de\/wp-json\/wp\/v2\/posts\/1211230","targetHints":{"allow":["GET"]}}],"collection":[{"href":"https:\/\/www.europesays.com\/de\/wp-json\/wp\/v2\/posts"}],"about":[{"href":"https:\/\/www.europesays.com\/de\/wp-json\/wp\/v2\/types\/post"}],"author":[{"embeddable":true,"href":"https:\/\/www.europesays.com\/de\/wp-json\/wp\/v2\/users\/2"}],"replies":[{"embeddable":true,"href":"https:\/\/www.europesays.com\/de\/wp-json\/wp\/v2\/comments?post=1211230"}],"version-history":[{"count":0,"href":"https:\/\/www.europesays.com\/de\/wp-json\/wp\/v2\/posts\/1211230\/revisions"}],"wp:featuredmedia":[{"embeddable":true,"href":"https:\/\/www.europesays.com\/de\/wp-json\/wp\/v2\/media\/1211231"}],"wp:attachment":[{"href":"https:\/\/www.europesays.com\/de\/wp-json\/wp\/v2\/media?parent=1211230"}],"wp:term":[{"taxonomy":"category","embeddable":true,"href":"https:\/\/www.europesays.com\/de\/wp-json\/wp\/v2\/categories?post=1211230"},{"taxonomy":"post_tag","embeddable":true,"href":"https:\/\/www.europesays.com\/de\/wp-json\/wp\/v2\/tags?post=1211230"}],"curies":[{"name":"wp","href":"https:\/\/api.w.org\/{rel}","templated":true}]}}