{"id":1211347,"date":"2026-08-03T01:03:06","date_gmt":"2026-08-03T01:03:06","guid":{"rendered":"https:\/\/www.europesays.com\/de\/1211347\/"},"modified":"2026-08-03T01:03:06","modified_gmt":"2026-08-03T01:03:06","slug":"auch-eine-muehle-im-angebot-zwei-kirchen-in-sachsen-anhalt-stehen-zur-versteigerung","status":"publish","type":"post","link":"https:\/\/www.europesays.com\/de\/1211347\/","title":{"rendered":"Auch eine M\u00fchle im Angebot: Zwei Kirchen in Sachsen-Anhalt stehen zur Versteigerung"},"content":{"rendered":"<p class=\"fp-paragraph\"><strong>Dresden<\/strong> &#8211; Zwei Kirchen in Sachsen-Anhalt werden im kommenden Monat in Leipzig versteigert. Die Kirchen stehen in den Orten Wettin-L\u00f6bej\u00fcn im Saalekreis und in Oranienbaum-W\u00f6rlitz im Landkreis Wittenberg, wie die S\u00e4chsische Grundst\u00fccksauktionen AG mitteilte. Das Mindestgebot f\u00fcr die Kirchen liegt demnach jeweils bei 150.000 Euro.\u00a0<\/p>\n<p class=\"fp-paragraph\">Bei den Auktionen am 26. August in Dresden und am 28. August in Leipzig werden 117 Immobilien aus verschiedenen Bundesl\u00e4ndern mit einem Gesamtmindestpreis von rund 4,9 Millionen Euro versteigert, 18 davon aus Sachsen-Anhalt. Unter den Hammer kommt auch eine ehemalige Getreidem\u00fchle in Wei\u00dfenfels im Burgenlandkreis, das Mindestgebot liegt hier bei 3.000 Euro.<\/p>\n","protected":false},"excerpt":{"rendered":"Dresden &#8211; Zwei Kirchen in Sachsen-Anhalt werden im kommenden Monat in Leipzig versteigert. Die Kirchen stehen in den&hellip;\n","protected":false},"author":2,"featured_media":1211348,"comment_status":"","ping_status":"","sticky":false,"template":"","format":"standard","meta":{"footnotes":"","_share_on_mastodon":"0"},"categories":[1835],"tags":[3274,2977,3364,29,2386,30,5331,859,860],"class_list":["post-1211347","post","type-post","status-publish","format-standard","has-post-thumbnail","category-dresden","tag-kirche","tag-auktion","tag-de","tag-deutschland","tag-dresden","tag-germany","tag-immobilien","tag-sachsen","tag-sachsen-anhalt"],"share_on_mastodon":{"url":"https:\/\/pubeurope.com\/@de\/117028887325114820","error":""},"_links":{"self":[{"href":"https:\/\/www.europesays.com\/de\/wp-json\/wp\/v2\/posts\/1211347","targetHints":{"allow":["GET"]}}],"collection":[{"href":"https:\/\/www.europesays.com\/de\/wp-json\/wp\/v2\/posts"}],"about":[{"href":"https:\/\/www.europesays.com\/de\/wp-json\/wp\/v2\/types\/post"}],"author":[{"embeddable":true,"href":"https:\/\/www.europesays.com\/de\/wp-json\/wp\/v2\/users\/2"}],"replies":[{"embeddable":true,"href":"https:\/\/www.europesays.com\/de\/wp-json\/wp\/v2\/comments?post=1211347"}],"version-history":[{"count":0,"href":"https:\/\/www.europesays.com\/de\/wp-json\/wp\/v2\/posts\/1211347\/revisions"}],"wp:featuredmedia":[{"embeddable":true,"href":"https:\/\/www.europesays.com\/de\/wp-json\/wp\/v2\/media\/1211348"}],"wp:attachment":[{"href":"https:\/\/www.europesays.com\/de\/wp-json\/wp\/v2\/media?parent=1211347"}],"wp:term":[{"taxonomy":"category","embeddable":true,"href":"https:\/\/www.europesays.com\/de\/wp-json\/wp\/v2\/categories?post=1211347"},{"taxonomy":"post_tag","embeddable":true,"href":"https:\/\/www.europesays.com\/de\/wp-json\/wp\/v2\/tags?post=1211347"}],"curies":[{"name":"wp","href":"https:\/\/api.w.org\/{rel}","templated":true}]}}