{"id":1211419,"date":"2026-08-03T01:50:17","date_gmt":"2026-08-03T01:50:17","guid":{"rendered":"https:\/\/www.europesays.com\/de\/1211419\/"},"modified":"2026-08-03T01:50:17","modified_gmt":"2026-08-03T01:50:17","slug":"brasilien-staatschef-lula-da-silva-tritt-erneut-bei-praesidentschaftswahl-an","status":"publish","type":"post","link":"https:\/\/www.europesays.com\/de\/1211419\/","title":{"rendered":"Brasilien: Staatschef Lula da Silva tritt erneut bei Pr\u00e4sidentschaftswahl an"},"content":{"rendered":"<p class=\"paragraph article__item\">Der brasilianische Staatschef <a href=\"https:\/\/www.zeit.de\/thema\/luiz-inacio-lula-da-silva\" target=\"_blank\" rel=\"nofollow noopener\">Luiz In\u00e1cio Lula da Silva<\/a> wird erneut zur Pr\u00e4sidentschaftswahl im Oktober antreten. Auf dem <a class=\"rtr-entity\" href=\"https:\/\/www.zeit.de\/thema\/parteitag\" rel=\"nofollow noopener\" target=\"_blank\">Parteitag<\/a> seiner linksgerichteten Arbeiterpartei (PT) in S\u00e3o Paulo wurde der 80-J\u00e4hrige offiziell als Kandidat gek\u00fcrt. Lula strebt damit seine insgesamt vierte Amtszeit an.\n<\/p>\n<p class=\"paragraph article__item\">Auf dem Parteitag erkl\u00e4rte Lula vor rund 3.000 Anh\u00e4ngerinnen und Anh\u00e4ngern, er sei in \u00bbbester Form\u00ab \u2013 er berichtete von seinen t\u00e4glichen Sport\u00fcbungen und davon, gegen das Altern anzuk\u00e4mpfen.  Seine Unterst\u00fctzer sangen, schwenkten die rote Flagge der PT und Plakate mit Aufschriften wie \u00bb<a class=\"rtr-entity\" href=\"https:\/\/www.zeit.de\/thema\/brasilien\" rel=\"nofollow noopener\" target=\"_blank\">Brasilien<\/a> gibt nicht auf\u00ab.\n<\/p>\n<p class=\"paragraph article__item\">Unter Lula erfuhr <a href=\"https:\/\/www.zeit.de\/thema\/brasilien\" target=\"_blank\" rel=\"nofollow noopener\">Brasilien<\/a>\u00a0zuletzt ein solides Wachstum und Rekordbesch\u00e4ftigungen. Gleichzeitig leiden die Menschen unter hohen Lebenshaltungskosten.\n<\/p>\n<p>            Herausforderer Bolsonaro junior            <\/p>\n<p class=\"paragraph article__item\">Lulas Herausforderer ist der mit 45 Jahren deutlich j\u00fcngere Fl\u00e1vio Bolsonaro. Der Sohn des ehemaligen Pr\u00e4sidenten Jair Bolsonaro, den Lula bei der Wahl 2022 knapp besiegt hatte, <a href=\"https:\/\/www.zeit.de\/politik\/ausland\/2026-07\/flavio-bolsonaro-brasilien-praesidentschaft-wahl-jair-luiz-inacio-lula-da-silva\" target=\"_blank\" rel=\"nofollow noopener\">wird f\u00fcr die rechtskonservative Partido Liberal (PL) als Kandidat antreten.<\/a> Bolsonaro wird unter anderem von dem <a href=\"https:\/\/www.zeit.de\/politik\/ausland\/2026-07\/argentinien-brasilien-javier-milei-luiz-inacio-lula-da-silva-gxe\" target=\"_blank\" rel=\"nofollow noopener\">rechtspopulistischen Pr\u00e4sidenten Argentiniens, Javier Milei<\/a>, sowie dem rechtsnationalen israelischen Premierminister Benjamin Netanjahu unterst\u00fctzt. Die Familie Bolsonaro unterh\u00e4lt zudem enge politische <a href=\"https:\/\/www.zeit.de\/wirtschaft\/2026-06\/strafzoelle-donald-trump-brasilien-usa\" target=\"_blank\" rel=\"nofollow noopener\">Beziehungen zu US-Pr\u00e4sident Donald Trump<\/a>.\n<\/p>\n<p class=\"paragraph article__item\">Die Pr\u00e4sidentenwahl in Brasilien soll am 4. Oktober stattfinden. Eine Stichwahl findet am 25. Oktober statt, sollte kein Kandidat die absolute Mehrheit erreichen. <a href=\"https:\/\/www1.folha.uol.com.br\/poder\/2026\/07\/datafolha-lula-tem-48-e-flavio-bolsonaro-43-no-segundo-turno.shtml\" target=\"_blank\" rel=\"nofollow noopener\">Umfragen sahen zuletzt<\/a> den linken Staatschef Lula mit 48 Prozent in der W\u00e4hlergunst leicht vor Bolsonaro. Dieser kam auf 43 Prozent.<\/p>\n","protected":false},"excerpt":{"rendered":"Der brasilianische Staatschef Luiz In\u00e1cio Lula da Silva wird erneut zur Pr\u00e4sidentschaftswahl im Oktober antreten. Auf dem Parteitag&hellip;\n","protected":false},"author":2,"featured_media":1211420,"comment_status":"","ping_status":"","sticky":false,"template":"","format":"standard","meta":{"footnotes":"","_share_on_mastodon":"0"},"categories":[3],"tags":[5697,13,42891,14,15,7784,16,5163,12,10,8,9,11,103,104],"class_list":["post-1211419","post","type-post","status-publish","format-standard","has-post-thumbnail","category-welt","tag-brasilien","tag-headlines","tag-luiz-inacio-lula-da-silva","tag-nachrichten","tag-news","tag-parteitag","tag-politik","tag-praesidentschaftswahl","tag-schlagzeilen","tag-top-news","tag-top-meldungen","tag-topmeldungen","tag-topnews","tag-welt","tag-world"],"share_on_mastodon":{"url":"","error":""},"_links":{"self":[{"href":"https:\/\/www.europesays.com\/de\/wp-json\/wp\/v2\/posts\/1211419","targetHints":{"allow":["GET"]}}],"collection":[{"href":"https:\/\/www.europesays.com\/de\/wp-json\/wp\/v2\/posts"}],"about":[{"href":"https:\/\/www.europesays.com\/de\/wp-json\/wp\/v2\/types\/post"}],"author":[{"embeddable":true,"href":"https:\/\/www.europesays.com\/de\/wp-json\/wp\/v2\/users\/2"}],"replies":[{"embeddable":true,"href":"https:\/\/www.europesays.com\/de\/wp-json\/wp\/v2\/comments?post=1211419"}],"version-history":[{"count":0,"href":"https:\/\/www.europesays.com\/de\/wp-json\/wp\/v2\/posts\/1211419\/revisions"}],"wp:featuredmedia":[{"embeddable":true,"href":"https:\/\/www.europesays.com\/de\/wp-json\/wp\/v2\/media\/1211420"}],"wp:attachment":[{"href":"https:\/\/www.europesays.com\/de\/wp-json\/wp\/v2\/media?parent=1211419"}],"wp:term":[{"taxonomy":"category","embeddable":true,"href":"https:\/\/www.europesays.com\/de\/wp-json\/wp\/v2\/categories?post=1211419"},{"taxonomy":"post_tag","embeddable":true,"href":"https:\/\/www.europesays.com\/de\/wp-json\/wp\/v2\/tags?post=1211419"}],"curies":[{"name":"wp","href":"https:\/\/api.w.org\/{rel}","templated":true}]}}