{"id":1211539,"date":"2026-08-03T03:23:19","date_gmt":"2026-08-03T03:23:19","guid":{"rendered":"https:\/\/www.europesays.com\/de\/1211539\/"},"modified":"2026-08-03T03:23:19","modified_gmt":"2026-08-03T03:23:19","slug":"s-bahn-berlin-ringbahn-ab-heute-unterbrochen","status":"publish","type":"post","link":"https:\/\/www.europesays.com\/de\/1211539\/","title":{"rendered":"S-Bahn Berlin: Ringbahn ab heute unterbrochen"},"content":{"rendered":"<p>S-Bahn Berlin <\/p>\n<p>Ringbahn ab heute eine Woche lang unterbrochen<\/p>\n<p>03.08.2026 &#8211; 04:00 UhrLesedauer: 1 Min.<\/p>\n<p><a href=\"#focus-0\" class=\"transition-colors block text-current relative\" data-sctrack=\"FocusGalleryImage.Reference\"><img fetchpriority=\"high\" data-testid=\"Opener.Image\"   loading=\"eager\" src=\"https:\/\/www.europesays.com\/de\/wp-content\/uploads\/2026\/08\/ringbahn-in-berlin-symbolbild.jpg\" alt=\"imago images 0386620841\" title=\"imago images 0386620841\" width=\"3573\" height=\"2010\" class=\"bg-[url:var(--lqipURL)] bg-cover bg-center flex h-full w-full max-w-full\" style=\"--lqipURL:url('https:\/\/images.t-online.de\/2025\/04\/dNXXkArJ3D9a\/213x0:3573x2010\/fit-in\/150x0\/filters:blur(25)\/ringbahn-in-berlin-symbolbild.jpg')\" decoding=\"async\"\/><img loading=\"lazy\" src=\"https:\/\/berlin.t-online.de\/s\/paper\/_next\/static\/media\/zoom-in.f7dae02f.svg\" alt=\"Vergr\u00f6\u00dfern des Bildes\" title=\"Vergr\u00f6\u00dfern des Bildes\" class=\"block h-[calc(var(--height)_\/_16_*_1rem)] w-[calc(var(--width)_\/_16_*_1rem)] max-w-none absolute right-8 bottom-8 rounded-4 bg-snow p-8\" style=\"--width:32;--height:32\" decoding=\"async\"\/><\/a><\/p>\n<p>Ringbahn in Berlin (Symbolbild): Zwischen Hermannstra\u00dfe und Tempelhof sind die Linien S41 und S42 unterbrochen. (Quelle: IMAGO\/Sabine Gudath)<\/p>\n<p><img loading=\"lazy\" src=\"https:\/\/berlin.t-online.de\/s\/paper\/_next\/static\/media\/audio-volume.6689034c.svg\" alt=\"\" title=\"\" class=\"block h-[calc(var(--height)_\/_16_*_1rem)] w-[calc(var(--width)_\/_16_*_1rem)] max-w-none group-hover:brightness-0 group-hover:invert\" style=\"--width:16;--height:16\" decoding=\"async\"\/>Vorlesen<\/p>\n<p>Aktuelle Zeit:0:00Gesamtdauer:0:00<\/p>\n<p>1x<\/p>\n<p class=\"text-center\">Jetzt neu bei t-online:<\/p>\n<p class=\"text-center\">Schriftgr\u00f6\u00dfe anpassen!<\/p>\n<p><img loading=\"lazy\" src=\"https:\/\/berlin.t-online.de\/s\/paper\/_next\/static\/media\/font-sizes.32942e33.svg\" alt=\"\" title=\"\" class=\"block h-[calc(var(--height)_\/_16_*_1rem)] w-[calc(var(--width)_\/_16_*_1rem)] max-w-none group-hover:hidden group-aria-expanded:hidden\" style=\"--width:16;--height:16\" decoding=\"async\"\/><img loading=\"lazy\" src=\"https:\/\/berlin.t-online.de\/s\/paper\/_next\/static\/media\/font-sizes-dark-mode.e382645c.svg\" alt=\"\" title=\"\" class=\"block h-[calc(var(--height)_\/_16_*_1rem)] w-[calc(var(--width)_\/_16_*_1rem)] max-w-none hidden group-hover:block group-aria-expanded:block\" style=\"--width:16;--height:16\" decoding=\"async\"\/><img loading=\"lazy\" src=\"https:\/\/berlin.t-online.de\/s\/paper\/_next\/static\/media\/sharing-menu-icon.1eb71368.svg\" alt=\"\" title=\"\" class=\"block h-[calc(var(--height)_\/_16_*_1rem)] w-[calc(var(--width)_\/_16_*_1rem)] max-w-none group-hover:brightness-0 group-hover:invert\" style=\"--width:16;--height:16\" decoding=\"async\"\/>Artikel teilen<\/p>\n<p class=\"font-bold text-18 leading-17 user-text-lg:text-22 user-text-xl:text-24\">Ab Montag f\u00e4hrt die Ringbahn im Berliner S\u00fcdosten mehrere Tage nicht. Auch andere Linien sind betroffen. Wo Fahrg\u00e4ste auf Ersatzverkehr umsteigen m\u00fcssen.<\/p>\n<p class=\"text-18 leading-17 user-text-lg:text-22 user-text-xl:text-24\">Zwischen Hermannstra\u00dfe und Tempelhof fahren ab Montag (4. August), 4 Uhr, bis zum 10. August um 1.30 Uhr, keine S-Bahnen. Betroffen sind die Ringbahn-Linien S41 und S42 sowie die S46 und S47. Die S-Bahn Berlin hat nach eigenen Angaben barrierefreie Ersatzbusse eingerichtet.<\/p>\n<p class=\"text-18 leading-17 user-text-lg:text-22 user-text-xl:text-24\">Die S41 f\u00e4hrt laut S-Bahn Berlin im Zehn-Minuten-Takt von Tempelhof \u00fcber S\u00fcdkreuz, Westkreuz, Gesundbrunnen und Ostkreuz nach Hermannstra\u00dfe. Auf dem Abschnitt S\u00fcdkreuz\u2013Ostkreuz verdichtet sich der Takt in der Hauptverkehrszeit auf f\u00fcnf Minuten. Die S42 f\u00e4hrt dieselbe Strecke in umgekehrter Richtung, ebenfalls im Zehn-Minuten-Takt mit entsprechender Verdichtung.<\/p>\n<p>S-Bahn Berlin: So fahren die S46 und S47<\/p>\n<p class=\"text-18 leading-17 user-text-lg:text-22 user-text-xl:text-24\">Die S46 f\u00e4hrt nach Angaben der S-Bahn Berlin zwischen K\u00f6nigs Wusterhausen und Hermannstra\u00dfe. Montags bis freitags fahren zwischen 6 und 19 Uhr zus\u00e4tzliche Z\u00fcge zwischen Gr\u00fcnau und Sch\u00f6neweide. Die Teilstrecke S\u00fcdkreuz\u2013Westend ist au\u00dferhalb der Hauptverkehrszeiten in Betrieb. Die S47 f\u00e4hrt zwischen Spindlersfeld und Hermannstra\u00dfe.<\/p>\n<p class=\"text-18 leading-17 user-text-lg:text-22 user-text-xl:text-24\">Zus\u00e4tzlich f\u00e4llt nach Angaben der S-Bahn Berlin Montagnacht die Linie S5 aus: Zwischen Hoppegarten und Strausberg Nord fahren zwischen 22 und 1.30 Uhr keine S-Bahnen; auch dort ist Ersatzverkehr eingerichtet. <\/p>\n","protected":false},"excerpt":{"rendered":"S-Bahn Berlin Ringbahn ab heute eine Woche lang unterbrochen 03.08.2026 &#8211; 04:00 UhrLesedauer: 1 Min. Ringbahn in Berlin&hellip;\n","protected":false},"author":2,"featured_media":1211540,"comment_status":"","ping_status":"","sticky":false,"template":"","format":"standard","meta":{"footnotes":"","_share_on_mastodon":"0"},"categories":[1825],"tags":[722,17161,246728,296,29,30,26790,2238,2071,2070,4846],"class_list":["post-1211539","post","type-post","status-publish","format-standard","has-post-thumbnail","category-berlin","tag-722","tag-17161","tag-246728","tag-berlin","tag-deutschland","tag-germany","tag-hermannstrasse","tag-ringbahn","tag-ringbahnstrecke","tag-s-bahn-berlin","tag-tempelhof"],"share_on_mastodon":{"url":"https:\/\/pubeurope.com\/@de\/117029439868214369","error":""},"_links":{"self":[{"href":"https:\/\/www.europesays.com\/de\/wp-json\/wp\/v2\/posts\/1211539","targetHints":{"allow":["GET"]}}],"collection":[{"href":"https:\/\/www.europesays.com\/de\/wp-json\/wp\/v2\/posts"}],"about":[{"href":"https:\/\/www.europesays.com\/de\/wp-json\/wp\/v2\/types\/post"}],"author":[{"embeddable":true,"href":"https:\/\/www.europesays.com\/de\/wp-json\/wp\/v2\/users\/2"}],"replies":[{"embeddable":true,"href":"https:\/\/www.europesays.com\/de\/wp-json\/wp\/v2\/comments?post=1211539"}],"version-history":[{"count":0,"href":"https:\/\/www.europesays.com\/de\/wp-json\/wp\/v2\/posts\/1211539\/revisions"}],"wp:featuredmedia":[{"embeddable":true,"href":"https:\/\/www.europesays.com\/de\/wp-json\/wp\/v2\/media\/1211540"}],"wp:attachment":[{"href":"https:\/\/www.europesays.com\/de\/wp-json\/wp\/v2\/media?parent=1211539"}],"wp:term":[{"taxonomy":"category","embeddable":true,"href":"https:\/\/www.europesays.com\/de\/wp-json\/wp\/v2\/categories?post=1211539"},{"taxonomy":"post_tag","embeddable":true,"href":"https:\/\/www.europesays.com\/de\/wp-json\/wp\/v2\/tags?post=1211539"}],"curies":[{"name":"wp","href":"https:\/\/api.w.org\/{rel}","templated":true}]}}