{"id":1211720,"date":"2026-08-03T05:33:17","date_gmt":"2026-08-03T05:33:17","guid":{"rendered":"https:\/\/www.europesays.com\/de\/1211720\/"},"modified":"2026-08-03T05:33:17","modified_gmt":"2026-08-03T05:33:17","slug":"muensterland-sternlauf-in-lippborg-start-zur-etappe-nach-muenster","status":"publish","type":"post","link":"https:\/\/www.europesays.com\/de\/1211720\/","title":{"rendered":"M\u00fcnsterland-Sternlauf in Lippborg: Start zur Etappe nach M\u00fcnster"},"content":{"rendered":"<p>Der M\u00fcnsterland-Sternlauf f\u00fchrt am 22. August von Lippborg nach M\u00fcnster. Die Aktion von L\u00e4uferherz verbindet Sport und Spenden.<\/p>\n<p>Lippborg (hi) &#8211; Zum 15. Mal begeben sich am Samstag, 22. August, L\u00e4ufer und Radfahrer aus der Region auf eine der f\u00fcnf Strecken des M\u00fcnsterland-Sternlaufs. Dabei handelt es sich um eine Aktion des Vereins L\u00e4uferherz zugunsten krebskranker Kinder.<\/p>\n<p class=\"contextmenu caption\">Start ist um 8.30 Uhr<\/p>\n<p>Lippborg ist der Ausgangspunkt f\u00fcr die Etappe S\u00fcd-Ost, die \u00fcber sieben Stationen und eine Gesamtdistanz von 76,3 Kilometern nach M\u00fcnster f\u00fchrt. Gelaufen wird in angemessenem Tempo, sodass alle L\u00e4ufer wohlbehalten ins Ziel kommen. Start ist um 8.30 Uhr an der Kirche Ss. Cornelius und Cyprianus.<\/p>\n<p>Zu beachten ist die Parkplatzsituation. Denn zum zweiten Mal findet der Lauf zeitgleich mit der Kirmes statt. \u201eSternlauf meets Lippborger Markt. B\u00fcrgermeister Tobias Nillies wird uns auf die Strecke schicken und nachmittags beim Fassanstich auf die Spendendose hinweisen\u201c, sagt Koordinatorin Gesine Willer. Mit Getr\u00e4nken, Vitaminen und Snacks versorgt werden die Sportler durch Mitglieder der Kolpingfamilien an insgesamt 41 Wechselstellen. Zudem begleitet sie das Deutsche Rote Kreuz auf den meisten Etappen. Staffelf\u00fchrer weisen ihnen den Weg und wollen garantieren, dass sie guter Laune in M\u00fcnster ankommen. Die Route f\u00fchrt \u00fcber Beckum, Ahlen, Drensteinfurt, Albersloh, Gremmendorf und St. Mauritz bis M\u00fcnster, wo die Teilnehmer gegen 19 Uhr erwartet werden.<\/p>\n<p>Gesine und Gerd Willer sind von Beginn an dabei, in den ersten drei Jahren als L\u00e4ufer und seit elf Jahren als Laufkoordinatoren. Sie freuen sich, wenn sie Menschen zur Teilnahme motivieren k\u00f6nnen.<\/p>\n<p class=\"contextmenu caption\">2025 spendet die Ludgerus-Grundschule<\/p>\n<p>Seit den Anf\u00e4ngen haben sich die Teilnehmerzahl und die Spendensumme vervielfacht, hei\u00dft es in einer Pressemitteilung. Bis heute spendete der Verein L\u00e4uferherz schon mehr als 300.000 Euro an die Kinderkrebshilfe M\u00fcnster. Mit den Spendengeldern soll die Zeit des schweren Krankenhausaufenthalts von an Krebs erkrankten Kindern und Jugendlichen etwas erleichtert werden. 2025 \u00fcberreichte der Verein L\u00e4uferherz im Ziel am Leonardo-Campus in M\u00fcnster die Spendensumme von 27.690 Euro. Allein die Spendendose der Ludgerus-Grundschule enthielt 1100 Euro. Die Organisatoren seien von der Aktion \u201eLippborger Kinder helfen Kindern\u201c begeistert gewesen, erz\u00e4hlt Gesine Willer. Auch im Ziel dabei: eine Wimpelkette der Kinder.<\/p>\n<p>Weitere Informationen und Anmeldung unter <a href=\"http:\/\/muensterland-sternlauf.de\" target=\"_blank\" class=\"contextmenu inlinelink\" idref=\"X0.4928319628455161\" rel=\"noreferrer nofollow noopener\">muensterland-sternlauf.de<\/a>. Koordinatoren: <a href=\"https:\/\/www.die-glocke.de\/mailto:gundgwiller@ms-sternlauf.de\" class=\"contextmenu inlinelink\" idref=\"X0.6283543442627157\" rel=\"nofollow noopener\" target=\"_blank\">gundgwiller@ms-sternlauf.de<\/a>.<\/p>\n<p>Texte und Fotos von die-glocke.de sind urheberrechtlich gesch\u00fctzt.<br \/>\n            Weiterverwendung nur mit Genehmigung der Chefredaktion.<\/p>\n","protected":false},"excerpt":{"rendered":"Der M\u00fcnsterland-Sternlauf f\u00fchrt am 22. August von Lippborg nach M\u00fcnster. Die Aktion von L\u00e4uferherz verbindet Sport und Spenden.&hellip;\n","protected":false},"author":2,"featured_media":1211721,"comment_status":"","ping_status":"","sticky":false,"template":"","format":"standard","meta":{"footnotes":"","_share_on_mastodon":"0"},"categories":[1843],"tags":[3364,29,30,252226,226137,8970,45568,1209,252225],"class_list":["post-1211720","post","type-post","status-publish","format-standard","has-post-thumbnail","category-muenster","tag-de","tag-deutschland","tag-germany","tag-laeuferherz","tag-lippetal","tag-muenster","tag-muensterland","tag-nordrhein-westfalen","tag-sternlauf"],"share_on_mastodon":{"url":"https:\/\/pubeurope.com\/@de\/117029949084690010","error":""},"_links":{"self":[{"href":"https:\/\/www.europesays.com\/de\/wp-json\/wp\/v2\/posts\/1211720","targetHints":{"allow":["GET"]}}],"collection":[{"href":"https:\/\/www.europesays.com\/de\/wp-json\/wp\/v2\/posts"}],"about":[{"href":"https:\/\/www.europesays.com\/de\/wp-json\/wp\/v2\/types\/post"}],"author":[{"embeddable":true,"href":"https:\/\/www.europesays.com\/de\/wp-json\/wp\/v2\/users\/2"}],"replies":[{"embeddable":true,"href":"https:\/\/www.europesays.com\/de\/wp-json\/wp\/v2\/comments?post=1211720"}],"version-history":[{"count":0,"href":"https:\/\/www.europesays.com\/de\/wp-json\/wp\/v2\/posts\/1211720\/revisions"}],"wp:featuredmedia":[{"embeddable":true,"href":"https:\/\/www.europesays.com\/de\/wp-json\/wp\/v2\/media\/1211721"}],"wp:attachment":[{"href":"https:\/\/www.europesays.com\/de\/wp-json\/wp\/v2\/media?parent=1211720"}],"wp:term":[{"taxonomy":"category","embeddable":true,"href":"https:\/\/www.europesays.com\/de\/wp-json\/wp\/v2\/categories?post=1211720"},{"taxonomy":"post_tag","embeddable":true,"href":"https:\/\/www.europesays.com\/de\/wp-json\/wp\/v2\/tags?post=1211720"}],"curies":[{"name":"wp","href":"https:\/\/api.w.org\/{rel}","templated":true}]}}