{"id":1211912,"date":"2026-08-03T07:28:18","date_gmt":"2026-08-03T07:28:18","guid":{"rendered":"https:\/\/www.europesays.com\/de\/1211912\/"},"modified":"2026-08-03T07:28:18","modified_gmt":"2026-08-03T07:28:18","slug":"fw-dresden-informationen-zum-einsatzgeschehen-von-feuerwehr-und-rettungsdienst-in-der-18","status":"publish","type":"post","link":"https:\/\/www.europesays.com\/de\/1211912\/","title":{"rendered":"FW Dresden: Informationen zum Einsatzgeschehen von Feuerwehr und Rettungsdienst in der &#8230;"},"content":{"rendered":"<p class=\"date\">03.08.2026 \u2013 08:49<\/p>\n<p class=\"customer\">\n                        <a class=\"story-customer\" title=\"weiter zum newsroom von Feuerwehr Dresden\" href=\"https:\/\/www.presseportal.de\/blaulicht\/nr\/154636\" rel=\"nofollow noopener\" target=\"_blank\">Feuerwehr Dresden<\/a>\n                    <\/p>\n<p><a class=\"glightbox event-trigger\" href=\"https:\/\/cache.pressmailing.net\/thumbnail\/story_hires\/23c7805b-24c4-45e2-8a34-4549908b38ec\/rh26080301rh0017.jpg.jpg\" data-description=\"\u00a9 Roland Halkasch Brandbek\u00e4mpfung \u00fcber Drehleiter an Balkonseite\" data-category=\"medialightbox\" data-action=\"click\" data-label=\"single\" data-value=\"6a703a13270000fd2c806b94\" rel=\"nofollow noopener\" target=\"_blank\"><img decoding=\"async\" height=\"540\" with=\"720\" src=\"https:\/\/www.europesays.com\/de\/wp-content\/uploads\/2026\/08\/fw-dresden-informationen-zum-einsatzgeschehen-von-feuerwehr-und-rettungsdienst-in-der-landeshauptsta.jpeg\"   alt=\"FW Dresden: Informationen zum Einsatzgeschehen von Feuerwehr und Rettungsdienst in der Landeshauptstadt Dresden vom 31. Juli bis 02.August 2026\" class=\"single\"\/><\/a><\/p>\n<p><a data-category=\"citylink-story-view\" data-action=\"click\" data-label=\"Citylink in Meldungsansicht\" class=\"story-city event-trigger\" href=\"https:\/\/www.presseportal.de\/regional\/Dresden\" title=\"News aus Dresden \" rel=\"nofollow noopener\" target=\"_blank\">Dresden<\/a> (ots)<\/p>\n<p>Rettungsdienst<\/p>\n<p>Am vergangenen Wochenende wurde der Rettungsdienst der Landeshauptstadt Dresden insgesamt 692-mal alarmiert. In 191 F\u00e4llen war der Einsatz eines Notarztes erforderlich. Dar\u00fcber hinaus wurden 237 qualifizierte Krankentransporte durchgef\u00fchrt. Der Rettungshubschrauber kam 13-mal im Leitstellenbereich zum Einsatz.<\/p>\n<p>Feuerwehr<\/p>\n<p>Die Feuerwehr Dresden verzeichnete im Berichtszeitraum insgesamt 79 Eins\u00e4tze. Neben 14 Brandeins\u00e4tzen und zw\u00f6lf Alarmierungen durch automatische Brandmeldeanlagen r\u00fcckten die Einsatzkr\u00e4fte zu 53 Hilfeleistungseins\u00e4tzen aus.<\/p>\n<p>Nachtrag zum Einsatzgeschehen vom Freitag, 31.07.2026<\/p>\n<p>Aufgrund der Sturmlage in der S\u00e4chsischen Schweiz im Bereich Rathen erh\u00f6hte die Integrierte Regionalleitstelle Dresden ihre Personalst\u00e4rke. Das deutlich gestiegene Einsatzaufkommen und die Vielzahl eingehender Notrufe machten eine personelle Verst\u00e4rkung erforderlich.<br \/>\nInsgesamt unterst\u00fctzten sieben zus\u00e4tzliche Mitarbeitende den Leitstellenbetrieb, um die Bew\u00e4ltigung des Gro\u00dfeinsatzes sicherzustellen. Die personelle Verst\u00e4rkung wurde unter anderem durch Einsatzkr\u00e4fte der Feuer- und Rettungswachen \u00dcbigau, Albertstadt und Altstadt gew\u00e4hrleistet.<\/p>\n<p>Wohnungsbrand in Mehrfamilienhaus &#8211; keine Verletzten<\/p>\n<p>Zeit: 02. August 2026, 00:41 &#8211; 05:57 Uhr<\/p>\n<p>Ort: Maria-Cebotari-Strasse, Johannstadt<\/p>\n<p>In der vergangenen Nacht wurde die Feuerwehr Dresden zu einem Wohnungsbrand in einem dreigeschossigen Mehrfamilienhaus alarmiert.<br \/>\nBeim Eintreffen der ersten Einsatzkr\u00e4fte drang dichter Rauch aus einer Wohnung im zweiten Obergeschoss. Zudem war Feuerschein im Bereich des Balkons sichtbar. Da zun\u00e4chst nicht ausgeschlossen werden konnte, dass sich noch Personen in der Wohnung befanden, wurde ein weiterer L\u00f6schzug nachalarmiert.<br \/>\nNach dem gewaltsamen \u00d6ffnen der Wohnungst\u00fcr gingen zwei Trupps unter Atemschutz zur Menschenrettung und Brandbek\u00e4mpfung in die Wohnung vor. Zeitgleich wurde \u00fcber eine Drehleiter ein Flammen\u00fcbergriff auf den dar\u00fcberliegenden Balkon verhindert und der Dachbereich kontrolliert. Die Wohnung wurde mehrfach abgesucht. Es wurden keine Personen aufgefunden. Das Feuer konnte z\u00fcgig gel\u00f6scht werden.<br \/>\nDie Bewohnerinnen und Bewohner des Hauses hatten das Geb\u00e4ude bereits vor Eintreffen der Feuerwehr verlassen. Sie blieben unverletzt und wurden w\u00e4hrend des Einsatzes betreut. Dazu stellten die Dresdner Verkehrsbetriebe einen Bus zur Verf\u00fcgung.<br \/>\nNach Abschluss der L\u00f6scharbeiten kontrollierten Einsatzkr\u00e4fte die angrenzenden Wohnungen sowie den Dachboden auf Schadstoffe. Nach Bel\u00fcftungsma\u00dfnahmen verliefen alle Kontrollmessungen ohne Feststellungen.<br \/>\nDie Brandwohnung ist aufgrund der Brandsch\u00e4den derzeit unbewohnbar. Die Polizei \u00fcbernahm die Einsatzstelle und hat die Ermittlungen zur Brandursache aufgenommen. Eine Nachkontrolle auf m\u00f6gliche Glutnester in den fr\u00fchen Morgenstunden verlief ohne Feststellungen.<\/p>\n<p>Bei dem Einsatz waren insgesamt 40 Einsatzkr\u00e4fte der Feuer- und Rettungswachen Striesen, \u00dcbigau, Altstadt der B-Dienst, der U-Dienst sowie die Rettungswache Johannstadt vor Ort.<\/p>\n<p class=\"contact-headline\">R\u00fcckfragen bitte an:<\/p>\n<p class=\"contact-text\">Feuerwehr Dresden<br \/>Pressestelle Feuerwehr Dresden<br \/>Pierre Steffen Bedrich<br \/>Telefon: 0351\/8155-297<br \/>Mobil: 0151 &#8211; 58239907<br \/>E-Mail: <a href=\"https:\/\/www.presseportal.de\/blaulicht\/pm\/154636\/mailto:feuerwehrpressestelle@dresden.de\" class=\"uri-mailto\" rel=\"nofollow noopener\" target=\"_blank\">feuerwehrpressestelle@dresden.de<\/a><br \/><a target=\"_blank\" class=\"uri-ext outbound\" rel=\"noopener nofollow\" href=\"https:\/\/www.dresden.de\/feuerwehr\">https:\/\/www.dresden.de\/feuerwehr<\/a><\/p>\n<p class=\"originator\">Original-Content von: Feuerwehr Dresden, \u00fcbermittelt durch news aktuell<\/p>\n","protected":false},"excerpt":{"rendered":"03.08.2026 \u2013 08:49 Feuerwehr Dresden Dresden (ots) Rettungsdienst Am vergangenen Wochenende wurde der Rettungsdienst der Landeshauptstadt Dresden insgesamt&hellip;\n","protected":false},"author":2,"featured_media":1211913,"comment_status":"","ping_status":"","sticky":false,"template":"","format":"standard","meta":{"footnotes":"","_share_on_mastodon":"0"},"categories":[1835],"tags":[2919,3364,29,2386,985,30,3908,178,180,179,181,859,14110,1284],"class_list":["post-1211912","post","type-post","status-publish","format-standard","has-post-thumbnail","category-dresden","tag-brand","tag-de","tag-deutschland","tag-dresden","tag-feuerwehr","tag-germany","tag-notfallrettung","tag-presse","tag-pressemeldung","tag-pressemitteilung","tag-pressemitteilungen","tag-sachsen","tag-sn","tag-unfall"],"share_on_mastodon":{"url":"","error":""},"_links":{"self":[{"href":"https:\/\/www.europesays.com\/de\/wp-json\/wp\/v2\/posts\/1211912","targetHints":{"allow":["GET"]}}],"collection":[{"href":"https:\/\/www.europesays.com\/de\/wp-json\/wp\/v2\/posts"}],"about":[{"href":"https:\/\/www.europesays.com\/de\/wp-json\/wp\/v2\/types\/post"}],"author":[{"embeddable":true,"href":"https:\/\/www.europesays.com\/de\/wp-json\/wp\/v2\/users\/2"}],"replies":[{"embeddable":true,"href":"https:\/\/www.europesays.com\/de\/wp-json\/wp\/v2\/comments?post=1211912"}],"version-history":[{"count":0,"href":"https:\/\/www.europesays.com\/de\/wp-json\/wp\/v2\/posts\/1211912\/revisions"}],"wp:featuredmedia":[{"embeddable":true,"href":"https:\/\/www.europesays.com\/de\/wp-json\/wp\/v2\/media\/1211913"}],"wp:attachment":[{"href":"https:\/\/www.europesays.com\/de\/wp-json\/wp\/v2\/media?parent=1211912"}],"wp:term":[{"taxonomy":"category","embeddable":true,"href":"https:\/\/www.europesays.com\/de\/wp-json\/wp\/v2\/categories?post=1211912"},{"taxonomy":"post_tag","embeddable":true,"href":"https:\/\/www.europesays.com\/de\/wp-json\/wp\/v2\/tags?post=1211912"}],"curies":[{"name":"wp","href":"https:\/\/api.w.org\/{rel}","templated":true}]}}