{"id":1211992,"date":"2026-08-03T08:14:21","date_gmt":"2026-08-03T08:14:21","guid":{"rendered":"https:\/\/www.europesays.com\/de\/1211992\/"},"modified":"2026-08-03T08:14:21","modified_gmt":"2026-08-03T08:14:21","slug":"historische-trachten-aus","status":"publish","type":"post","link":"https:\/\/www.europesays.com\/de\/1211992\/","title":{"rendered":"historische Trachten aus"},"content":{"rendered":"<p class=\"\">\n                    Der Laboer Trachtensommer feiert das 80-j\u00e4hrige Jubil\u00e4um Schleswig-Holsteins am Sonntag, 23. August, mit vielen historischen Trachtentr\u00e4gern aus dem ganzen Land. Es wird promeniert, getanzt, erkl\u00e4rt und gefeiert.\n            <\/p>\n<p>\n                                An der Laboer Musikmuschel<br \/>\n                            Foto: Michael Bohnsack<\/p>\n<p><img decoding=\"async\" src=\"https:\/\/www.europesays.com\/de\/wp-content\/uploads\/2026\/08\/30192f70f97050ad.jpg\" title=\"An der Laboer Musikmuschel\" alt=\"An der Laboer Musikmuschel\" class=\"lightbox__single-image__content__image-wrapper__img\" loading=\"lazy\" width=\"375\" height=\"210\"\/>Icon MaximizeIcon Lightbox Maximize<\/p>\n<p>SchliessenX ZeichenKleines Zeichen welches ein X symbolisiert<\/p>\n<p><img decoding=\"async\" class=\"lightbox--enabled__container__image-wrapper__img\" src=\"\" alt=\"\"\/><\/p>\n<p class=\"\">\n                    Gestartet wird mit einem Festumzug durch Laboe unter musikalischer Begleitung der Showbrassband Heikendorf um 12 Uhr zum Zielpunkt Probsteier Platz. Hier gibt es noch ein kurzes Platzkonzert, um dann bei Livemusik die regionalen Volkst\u00e4nze zu tanzen.\n            <\/p>\n<p>\n                                Umzug durch den Ort<br \/>\n                            Foto: Michael Bohnsack<\/p>\n<p><img decoding=\"async\" src=\"https:\/\/www.europesays.com\/de\/wp-content\/uploads\/2026\/08\/54f80542b4af1815.jpg\" title=\"Umzug durch den Ort\" alt=\"Umzug durch den Ort\" class=\"lightbox__single-image__content__image-wrapper__img\" loading=\"lazy\" width=\"375\" height=\"210\"\/>Icon MaximizeIcon Lightbox Maximize<\/p>\n<p>SchliessenX ZeichenKleines Zeichen welches ein X symbolisiert<\/p>\n<p><img decoding=\"async\" class=\"lightbox--enabled__container__image-wrapper__img\" src=\"\" alt=\"\"\/><\/p>\n<p class=\"\">\n                    Ab 15 Uhr geht es dann weiter an der Laboer Musikmuschel, direkt am Wasser, mit Trachten, T\u00e4nzen und Informationen \u00fcber die Trachten. Wir freuen uns und sind stolz, den Geburtstag mitzufeiern. Diese Veranstaltung erfolgt ehrenamtlich und ist kostenfrei. Lernen Sie die Kultur unserer Heimat kennen.\n            <\/p>\n<p>\n                                Alle Generationen tanzen zusammen<br \/>\n                            Foto: Michael Bohnsack<\/p>\n<p><img decoding=\"async\" src=\"https:\/\/www.europesays.com\/de\/wp-content\/uploads\/2026\/08\/ad6904fda087ee53.jpg\" title=\"Alle Generationen tanzen zusammen\" alt=\"Alle Generationen tanzen zusammen\" class=\"lightbox__single-image__content__image-wrapper__img\" loading=\"lazy\" width=\"375\" height=\"210\"\/>Icon MaximizeIcon Lightbox Maximize<\/p>\n<p>SchliessenX ZeichenKleines Zeichen welches ein X symbolisiert<\/p>\n<p><img decoding=\"async\" class=\"lightbox--enabled__container__image-wrapper__img\" src=\"\" alt=\"\"\/><\/p>\n<p class=\"\">\n                    Laboer Trachtensommer \u2013 echt achtzig!<br \/>Sonntag, 23. August, 12 Uhr bis 17 Uhr<\/p>\n<p>Dieser Text wurde erstellt von:<br \/>Michael Bohnsack<br \/>Tanz- und Trachtengruppe Laboe\n            <\/p>\n","protected":false},"excerpt":{"rendered":"Der Laboer Trachtensommer feiert das 80-j\u00e4hrige Jubil\u00e4um Schleswig-Holsteins am Sonntag, 23. August, mit vielen historischen Trachtentr\u00e4gern aus dem&hellip;\n","protected":false},"author":2,"featured_media":1211993,"comment_status":"","ping_status":"","sticky":false,"template":"","format":"standard","meta":{"footnotes":"","_share_on_mastodon":"0"},"categories":[1852],"tags":[3364,29,548,663,3934,17445,30,13,4949,14,15,68378,12,1971,3866],"class_list":["post-1211992","post","type-post","status-publish","format-standard","has-post-thumbnail","category-kiel","tag-de","tag-deutschland","tag-eu","tag-europa","tag-europe","tag-fest","tag-germany","tag-headlines","tag-kiel","tag-nachrichten","tag-news","tag-reisetip","tag-schlagzeilen","tag-schleswig-holstein","tag-veranstaltungen"],"share_on_mastodon":{"url":"https:\/\/pubeurope.com\/@de\/117030582366348245","error":""},"_links":{"self":[{"href":"https:\/\/www.europesays.com\/de\/wp-json\/wp\/v2\/posts\/1211992","targetHints":{"allow":["GET"]}}],"collection":[{"href":"https:\/\/www.europesays.com\/de\/wp-json\/wp\/v2\/posts"}],"about":[{"href":"https:\/\/www.europesays.com\/de\/wp-json\/wp\/v2\/types\/post"}],"author":[{"embeddable":true,"href":"https:\/\/www.europesays.com\/de\/wp-json\/wp\/v2\/users\/2"}],"replies":[{"embeddable":true,"href":"https:\/\/www.europesays.com\/de\/wp-json\/wp\/v2\/comments?post=1211992"}],"version-history":[{"count":0,"href":"https:\/\/www.europesays.com\/de\/wp-json\/wp\/v2\/posts\/1211992\/revisions"}],"wp:featuredmedia":[{"embeddable":true,"href":"https:\/\/www.europesays.com\/de\/wp-json\/wp\/v2\/media\/1211993"}],"wp:attachment":[{"href":"https:\/\/www.europesays.com\/de\/wp-json\/wp\/v2\/media?parent=1211992"}],"wp:term":[{"taxonomy":"category","embeddable":true,"href":"https:\/\/www.europesays.com\/de\/wp-json\/wp\/v2\/categories?post=1211992"},{"taxonomy":"post_tag","embeddable":true,"href":"https:\/\/www.europesays.com\/de\/wp-json\/wp\/v2\/tags?post=1211992"}],"curies":[{"name":"wp","href":"https:\/\/api.w.org\/{rel}","templated":true}]}}