{"id":1212052,"date":"2026-08-03T08:49:17","date_gmt":"2026-08-03T08:49:17","guid":{"rendered":"https:\/\/www.europesays.com\/de\/1212052\/"},"modified":"2026-08-03T08:49:17","modified_gmt":"2026-08-03T08:49:17","slug":"flughafen-nuernberg-streit-am-check-in-eskaliert-elf-personen-vom-flug-ausgeschlossen","status":"publish","type":"post","link":"https:\/\/www.europesays.com\/de\/1212052\/","title":{"rendered":"Flughafen N\u00fcrnberg: Streit am Check-in eskaliert \u2013 elf Personen vom Flug ausgeschlossen"},"content":{"rendered":"<p class=\"mb-6 text-xs-varying md:text-m lg:text-l font-serif group-[.font-sans]:font-sans \">\n    Statt ihren geplanten Flug anzutreten, endete die Reise f\u00fcr elf G\u00e4ste am N\u00fcrnberger Flughafen fr\u00fchzeitig. Denn am Freitagabend, 31. Juli, kam es zu einem Streit mit insgesamt 20 Beteiligten.\n  <\/p>\n<p class=\"mb-6 text-xs-varying md:text-m lg:text-l font-serif group-[.font-sans]:font-sans \">\n    Wie die Polizei mitteilte, gerieten zwei Gruppen am Abend gegen 22.30 Uhr am Check-in-Schalter in einen Streit. Der Grund: Die Polizei gibt an, es habe \u201eUnstimmigkeiten um den Anstellplatz\u201c gegeben.\n  <\/p>\n<p>            Pr\u00fcgelei in der Warteschlange: Mehrere Personen werden handgreiflich<\/p>\n<p class=\"mb-6 text-xs-varying md:text-m lg:text-l font-serif group-[.font-sans]:font-sans \">\n    Deswegen gerieten die Beteiligten zun\u00e4chst in eine verbale Auseinandersetzung. Doch die Gem\u00fcter erhitzten sich weiter, sodass ein 29-J\u00e4hriger schlie\u00dflich einem 43-J\u00e4hrigen ins Gesicht schlug. Daraufhin gingen beide Personengruppen aufeinander los.\n  <\/p>\n<p class=\"mb-6 text-xs-varying md:text-m lg:text-l font-serif group-[.font-sans]:font-sans \">\n    Die Beamten der Grenzpolizeiinspektion des N\u00fcrnberger Flughafens griffen ein und stellten die Personalien mehrerer Personen fest. Sie sicherten zudem in Zusammenarbeit mit Kr\u00e4ften der Polizeiinspektion N\u00fcrnberg-Ost und dem Unterst\u00fctzungskommando Mittelfranken (USK) Videoaufnahmen.\n  <\/p>\n<p>            Schl\u00e4gerei am Flughafen N\u00fcrnberg: Krankenhausbesuch nicht n\u00f6tig<\/p>\n<p class=\"mb-6 text-xs-varying md:text-m lg:text-l font-serif group-[.font-sans]:font-sans \">\n    Der Streit ging f\u00fcr die Beteiligten noch glimpflich aus: Ins Krankenhaus musste niemand gebracht werden. Ein Rettungswagen war vor Ort. Die Grenzpolizeiinspektion ermittelt nun zu n\u00e4heren Verletzungen und zur Beteiligung an den K\u00f6rperverletzungsdelikten.\n  <\/p>\n<p class=\"mb-6 text-xs-varying md:text-m lg:text-l font-serif group-[.font-sans]:font-sans \">\n    Elf der beteiligten Personen durften ihre Reise nicht antreten. Sie wurden vom urspr\u00fcnglich angestrebten Flug ausgeschlossen.\n  <\/p>\n","protected":false},"excerpt":{"rendered":"Statt ihren geplanten Flug anzutreten, endete die Reise f\u00fcr elf G\u00e4ste am N\u00fcrnberger Flughafen fr\u00fchzeitig. Denn am Freitagabend,&hellip;\n","protected":false},"author":2,"featured_media":1212053,"comment_status":"","ping_status":"","sticky":false,"template":"","format":"standard","meta":{"footnotes":"","_share_on_mastodon":"0"},"categories":[1837],"tags":[772,3364,29,6483,30,4156,3783,13481,121,4562,5989],"class_list":["post-1212052","post","type-post","status-publish","format-standard","has-post-thumbnail","category-nuernberg","tag-bayern","tag-de","tag-deutschland","tag-flughafen-nuernberg","tag-germany","tag-mittelfranken","tag-nuernberg","tag-nuernberg-ost","tag-polizei","tag-reise","tag-rettungswagen"],"share_on_mastodon":{"url":"https:\/\/pubeurope.com\/@de\/117030719679141391","error":""},"_links":{"self":[{"href":"https:\/\/www.europesays.com\/de\/wp-json\/wp\/v2\/posts\/1212052","targetHints":{"allow":["GET"]}}],"collection":[{"href":"https:\/\/www.europesays.com\/de\/wp-json\/wp\/v2\/posts"}],"about":[{"href":"https:\/\/www.europesays.com\/de\/wp-json\/wp\/v2\/types\/post"}],"author":[{"embeddable":true,"href":"https:\/\/www.europesays.com\/de\/wp-json\/wp\/v2\/users\/2"}],"replies":[{"embeddable":true,"href":"https:\/\/www.europesays.com\/de\/wp-json\/wp\/v2\/comments?post=1212052"}],"version-history":[{"count":0,"href":"https:\/\/www.europesays.com\/de\/wp-json\/wp\/v2\/posts\/1212052\/revisions"}],"wp:featuredmedia":[{"embeddable":true,"href":"https:\/\/www.europesays.com\/de\/wp-json\/wp\/v2\/media\/1212053"}],"wp:attachment":[{"href":"https:\/\/www.europesays.com\/de\/wp-json\/wp\/v2\/media?parent=1212052"}],"wp:term":[{"taxonomy":"category","embeddable":true,"href":"https:\/\/www.europesays.com\/de\/wp-json\/wp\/v2\/categories?post=1212052"},{"taxonomy":"post_tag","embeddable":true,"href":"https:\/\/www.europesays.com\/de\/wp-json\/wp\/v2\/tags?post=1212052"}],"curies":[{"name":"wp","href":"https:\/\/api.w.org\/{rel}","templated":true}]}}