{"id":1212241,"date":"2026-08-03T10:38:20","date_gmt":"2026-08-03T10:38:20","guid":{"rendered":"https:\/\/www.europesays.com\/de\/1212241\/"},"modified":"2026-08-03T10:38:20","modified_gmt":"2026-08-03T10:38:20","slug":"keine-zukunft-in-hamburg-dompe-vom-hsv-freigestellt","status":"publish","type":"post","link":"https:\/\/www.europesays.com\/de\/1212241\/","title":{"rendered":"Keine Zukunft in Hamburg &#8211; Domp\u00e9 vom HSV freigestellt"},"content":{"rendered":"<p>        <img decoding=\"async\" src=\"https:\/\/www.europesays.com\/de\/wp-content\/uploads\/2026\/08\/hsv-1120.webp\" alt=\"HSV-Spieler Jean-Luc Domp\u00e9.\" title=\"HSV-Spieler Jean-Luc Domp\u00e9. | Witters\" class=\"responsive\"\/><\/p>\n<p>AUDIO: Domp\u00e9 soll den HSV verlassen (5 Min)<\/p>\n<p>\n                Stand: 03.08.2026 12:36 Uhr<\/p>\n<p class=\"preface\">Jean-Luc Domp\u00e9 spielt in den Planungen des Hamburger SV keine Rolle mehr. Der 30 Jahre alte Franzose wurde vom Fu\u00dfball-Bundesligisten freigestellt und soll sich einen anderen Club suchen.<\/p>\n<p class=\"\">Domp\u00e9 reiste am Montag nicht mit ins Trainingslager nach Herzogenaurach und wird nach dem Willen des HSV nicht mehr f\u00fcr die Hamburger zum Einsatz kommen &#8211; trotz eines g\u00fcltigen Vertrags bis 2027.<\/p>\n<p class=\"\">&#8222;Seine sportliche Situation hat sich jedoch bereits im Laufe der vergangenen R\u00fcckrunde deutlich ver\u00e4ndert&#8220;, sagte Sportdirektor Claus Costa. &#8222;Nach enger Abstimmung mit den Trainern sind wir zu dem Entschluss gekommen, dass Jean-Luc in unseren Planungen f\u00fcr die anstehende Saison keine Perspektive mehr besitzt.&#8220;<\/p>\n<p>        <img decoding=\"async\" src=\"https:\/\/www.europesays.com\/de\/wp-content\/uploads\/2026\/08\/hsv-1802.webp\" alt=\"James Tarkowski (Everton) gegen Otto Stange (HSV)\" title=\"James Tarkowski (Everton) gegen Otto Stange (HSV) | Witters\" class=\"responsive\" loading=\"lazy\"\/><\/p>\n<p>Test der M\u00e4nner und Frauen<\/p>\n<p>Sowohl das M\u00e4nner- als auch das Frauen-Team der Hamburger unterlagen am Samstag den Engl\u00e4ndern.<\/p>\n<p class=\"\">Domp\u00e9 war im Sommer 2022 von Zulte Waregem aus Belgien zum HSV gekommen und bestritt bislang 87 Pflichtspiele f\u00fcr die Norddeutschen. Schon in der vergangenen Saison spielte der Franzose kaum eine Rolle bei Trainer Merlin Polzin.<\/p>\n<p>    &#8222;Ausschlie\u00dflich sportliche Gr\u00fcnde&#8220;<\/p>\n<p class=\"\">Ende Januar hatte er mit einer Alkoholfahrt f\u00fcr negative Schlagzeilen gesorgt und war zwischenzeitlich suspendiert worden. Zudem musste Domp\u00e9 eine Geldstrafe im sechsstelligen Bereich zahlen.<\/p>\n<p>        <img decoding=\"async\" src=\"https:\/\/www.europesays.com\/de\/wp-content\/uploads\/2026\/08\/hsv-1178.webp\" alt=\"HSV-Spieler Jean-Luc Domp\u00e9\" title=\"HSV-Spieler Jean-Luc Domp\u00e9 | WITTERS\" class=\"responsive\" loading=\"lazy\"\/><\/p>\n<p>Fu\u00dfball-Bundesliga<\/p>\n<p>Der Fl\u00fcgelspieler bliebt beim Hamburger Fu\u00dfball-Bundesligisten nach seiner Alkoholfahrt vorerst au\u00dfen vor. Zudem k\u00fcndigte der Club eine Rekordstrafe an.<\/p>\n<p class=\"\">Der jetzige Entschluss, den Franzosen freizustellen, sei aber &#8222;ausschlie\u00dflich aus sportlichen Gr\u00fcnden&#8220; erfolgt, sagte Sportvorst\u00e4ndin Kathleen Kr\u00fcger.<\/p>\n<p class=\"\">Neben Domp\u00e9 m\u00f6chte der HSV noch weitere Spieler &#8211; beispielsweise Immanuel Pherai, Emir Sahiti oder Fabio Bald\u00e9 &#8211; abgeben. Einen neuen Verein hat aber noch keiner der Abschiedskandidaten gefunden.<\/p>\n","protected":false},"excerpt":{"rendered":"AUDIO: Domp\u00e9 soll den HSV verlassen (5 Min) Stand: 03.08.2026 12:36 Uhr Jean-Luc Domp\u00e9 spielt in den Planungen&hellip;\n","protected":false},"author":2,"featured_media":1212242,"comment_status":"","ping_status":"","sticky":false,"template":"","format":"standard","meta":{"footnotes":"","_share_on_mastodon":"0"},"categories":[1826],"tags":[299,29,347,30,692,3150,5075,1552],"class_list":["post-1212241","post","type-post","status-publish","format-standard","has-post-thumbnail","category-hamburg","tag-bundesliga","tag-deutschland","tag-fussball","tag-germany","tag-hamburg","tag-hamburger-sv","tag-hsv","tag-newsticker"],"share_on_mastodon":{"url":"","error":""},"_links":{"self":[{"href":"https:\/\/www.europesays.com\/de\/wp-json\/wp\/v2\/posts\/1212241","targetHints":{"allow":["GET"]}}],"collection":[{"href":"https:\/\/www.europesays.com\/de\/wp-json\/wp\/v2\/posts"}],"about":[{"href":"https:\/\/www.europesays.com\/de\/wp-json\/wp\/v2\/types\/post"}],"author":[{"embeddable":true,"href":"https:\/\/www.europesays.com\/de\/wp-json\/wp\/v2\/users\/2"}],"replies":[{"embeddable":true,"href":"https:\/\/www.europesays.com\/de\/wp-json\/wp\/v2\/comments?post=1212241"}],"version-history":[{"count":0,"href":"https:\/\/www.europesays.com\/de\/wp-json\/wp\/v2\/posts\/1212241\/revisions"}],"wp:featuredmedia":[{"embeddable":true,"href":"https:\/\/www.europesays.com\/de\/wp-json\/wp\/v2\/media\/1212242"}],"wp:attachment":[{"href":"https:\/\/www.europesays.com\/de\/wp-json\/wp\/v2\/media?parent=1212241"}],"wp:term":[{"taxonomy":"category","embeddable":true,"href":"https:\/\/www.europesays.com\/de\/wp-json\/wp\/v2\/categories?post=1212241"},{"taxonomy":"post_tag","embeddable":true,"href":"https:\/\/www.europesays.com\/de\/wp-json\/wp\/v2\/tags?post=1212241"}],"curies":[{"name":"wp","href":"https:\/\/api.w.org\/{rel}","templated":true}]}}