{"id":1212382,"date":"2026-08-03T12:02:23","date_gmt":"2026-08-03T12:02:23","guid":{"rendered":"https:\/\/www.europesays.com\/de\/1212382\/"},"modified":"2026-08-03T12:02:23","modified_gmt":"2026-08-03T12:02:23","slug":"muenchen-34-jaehriger-stirbt-nach-polizeieinsatz-im-krankenhaus","status":"publish","type":"post","link":"https:\/\/www.europesays.com\/de\/1212382\/","title":{"rendered":"M\u00fcnchen: 34-J\u00e4hriger stirbt nach Polizeieinsatz im Krankenhaus"},"content":{"rendered":"<p class=\"mb-6 text-xs-varying md:text-m lg:text-l font-serif group-[.font-sans]:font-sans \">\n    Nach einem <a href=\"https:\/\/www.augsburger-allgemeine.de\/bayern\/schreiend-fahrzeuge-gestoppt-34-jaehriger-stirbt-nach-festnahme-in-muenchen-114943822\" target=\"_self\" class=\"underline \" rel=\"nofollow noopener\">Polizeieinsatz im M\u00fcnchner Stadtteil Hasenbergl<\/a> ist ein 34-j\u00e4hriger Mann verstorben. Das teilte die Polizei mit. Demnach gingen am Sonntagnachmittag gegen 15.15 Uhr mehrere Notrufe bei der M\u00fcnchner Polizei ein, wonach sich eine Person laut schreiend auf der Fahrbahn der Ittlingerstra\u00dfe und der Weitlstra\u00dfe aufhielt. Als die erste Polizeistreife eintraf, lief die Person laut der Mitteilung auf ein heranfahrendes <a href=\"https:\/\/www.ka-news.de\/auto\" target=\"_self\" class=\"underline \" rel=\"nofollow noopener\">Auto<\/a> zu und hielt sich daran fest. Nachdem das Auto angehalten hatte, griff der Mann der Polizei zufolge einen Fahrzeuginsassen an und schlug ihm mit der Faust ins Gesicht.\n  <\/p>\n<p>            Landeskriminalamt ermittelt zum Verhalten der Polizisten<\/p>\n<p class=\"mb-6 text-xs-varying md:text-m lg:text-l font-serif group-[.font-sans]:font-sans \">\n    Der Mann soll bei den polizeilichen Ma\u00dfnahmen erheblichen Widerstand geleistet haben. Dabei wurden laut Polizei zwei Beamte verletzt. Schlie\u00dflich wurde der Mann festgenommen, wobei Passanten ihn unterst\u00fctzten. W\u00e4hrend der Festnahme habe die Person das Bewusstsein verloren und sei reanimationspflichtig geworden, schreibt die Polizei. Die Polizeibeamten h\u00e4tten umgehend und bis zum Eintreffen von Notarzt und Rettungsdienst Reanimationsma\u00dfnahmen durchgef\u00fchrt, hei\u00dft es weiter. Anschlie\u00dfend wurde der 34-j\u00e4hrige Mann in ein Krankenhaus gebracht, wo er gegen Mitternacht verstarb.\n  <\/p>\n<p class=\"mb-6 text-xs-varying md:text-m lg:text-l font-serif group-[.font-sans]:font-sans \">\n    Das Bayerische Landeskriminalamt und die <a href=\"https:\/\/www.augsburger-allgemeine.de\/baden-wuerttemberg\/raubueberfall-14-jaehrige-soll-jugendliche-mit-messer-attackiert-haben-114943077\" target=\"_self\" class=\"underline \" rel=\"nofollow noopener\">Staatsanwaltschaft M\u00fcnchen<\/a> I ermitteln zu dem Fall und zum Verhalten der Polizeibeamten vor Ort. Auch zur genauen Todesursache des Mannes wird laut dpa noch ermittelt.\n  <\/p>\n","protected":false},"excerpt":{"rendered":"Nach einem Polizeieinsatz im M\u00fcnchner Stadtteil Hasenbergl ist ein 34-j\u00e4hriger Mann verstorben. Das teilte die Polizei mit. Demnach&hellip;\n","protected":false},"author":2,"featured_media":1212383,"comment_status":"","ping_status":"","sticky":false,"template":"","format":"standard","meta":{"footnotes":"","_share_on_mastodon":"0"},"categories":[1827],"tags":[513,772,29,980,30,2811,3824,48942,1268,4338,121,4908,36949],"class_list":["post-1212382","post","type-post","status-publish","format-standard","has-post-thumbnail","category-muenchen","tag-auto","tag-bayern","tag-deutschland","tag-festnahme","tag-germany","tag-hasenbergl","tag-lka","tag-lka-bayern","tag-muenchen","tag-notfall","tag-polizei","tag-polizeieinsatz","tag-staatsanwaltschaft-muenchen"],"share_on_mastodon":{"url":"https:\/\/pubeurope.com\/@de\/117031478776189585","error":""},"_links":{"self":[{"href":"https:\/\/www.europesays.com\/de\/wp-json\/wp\/v2\/posts\/1212382","targetHints":{"allow":["GET"]}}],"collection":[{"href":"https:\/\/www.europesays.com\/de\/wp-json\/wp\/v2\/posts"}],"about":[{"href":"https:\/\/www.europesays.com\/de\/wp-json\/wp\/v2\/types\/post"}],"author":[{"embeddable":true,"href":"https:\/\/www.europesays.com\/de\/wp-json\/wp\/v2\/users\/2"}],"replies":[{"embeddable":true,"href":"https:\/\/www.europesays.com\/de\/wp-json\/wp\/v2\/comments?post=1212382"}],"version-history":[{"count":0,"href":"https:\/\/www.europesays.com\/de\/wp-json\/wp\/v2\/posts\/1212382\/revisions"}],"wp:featuredmedia":[{"embeddable":true,"href":"https:\/\/www.europesays.com\/de\/wp-json\/wp\/v2\/media\/1212383"}],"wp:attachment":[{"href":"https:\/\/www.europesays.com\/de\/wp-json\/wp\/v2\/media?parent=1212382"}],"wp:term":[{"taxonomy":"category","embeddable":true,"href":"https:\/\/www.europesays.com\/de\/wp-json\/wp\/v2\/categories?post=1212382"},{"taxonomy":"post_tag","embeddable":true,"href":"https:\/\/www.europesays.com\/de\/wp-json\/wp\/v2\/tags?post=1212382"}],"curies":[{"name":"wp","href":"https:\/\/api.w.org\/{rel}","templated":true}]}}