{"id":1212410,"date":"2026-08-03T12:18:20","date_gmt":"2026-08-03T12:18:20","guid":{"rendered":"https:\/\/www.europesays.com\/de\/1212410\/"},"modified":"2026-08-03T12:18:20","modified_gmt":"2026-08-03T12:18:20","slug":"investorendeal-der-fifa-uefa-droht-gianni-infantino-mit-rechtlichen-schritten","status":"publish","type":"post","link":"https:\/\/www.europesays.com\/de\/1212410\/","title":{"rendered":"Investorendeal der Fifa: Uefa droht Gianni Infantino mit rechtlichen Schritten"},"content":{"rendered":"<p class=\"paragraph article__item\">Nach dem gescheiterten Investorendeal hat die Europ\u00e4ische Fu\u00dfball-Union (<a class=\"rtr-entity\" href=\"https:\/\/www.zeit.de\/thema\/uefa\" rel=\"nofollow noopener\" target=\"_blank\">Uefa<\/a>) <a href=\"https:\/\/www.zeit.de\/politik\/ausland\/2026-08\/gianni-infantino-fifa-forderung-ruecktritt-javier-tebas-gxe\" target=\"_blank\" rel=\"nofollow noopener\">Fifa-Chef Gianni Infantino<\/a> mit rechtlichen Schritten gedroht. Wie der Telegraph und die Financial Times berichteten, forderte die Uefa den Weltverbandspr\u00e4sidenten auf, s\u00e4mtliches Material im Kontext des Investitionsvorhabens nicht zu vernichten. Eine offizielle Best\u00e4tigung lag zun\u00e4chst nicht<br \/>\nvor.\n<\/p>\n<p class=\"paragraph article__item\">Der Gesch\u00e4ftsf\u00fchrer des Deutschen<br \/>\nFu\u00dfball-Bundes (DFB), <a class=\"rtr-entity\" href=\"https:\/\/www.zeit.de\/thema\/andreas-rettig\" rel=\"nofollow noopener\" target=\"_blank\">Andreas Rettig<\/a>, bezeichnete das Verh\u00e4ltnis  zu Infantino als auf Dauer<br \/>\nzerst\u00f6rt. \u00bbDas ist aus meiner Sicht ein irreparabler Vertrauensverlust \u2013<br \/>\n und nicht nur zum DFB\u00ab, sagte er in einem Interview mit dem stern. Rettig nannte als Gr\u00fcnde einerseits die \u00bbArt und Weise, wie diese<br \/>\nEntscheidung herbeigef\u00fchrt wurde, Stichwort stilles K\u00e4mmerlein, und<br \/>\ndie unlauteren K\u00f6der, die ausgeworfen wurden\u00ab. Zudem kritisierte er den<br \/>\nInhalt der Vorschl\u00e4ge: \u00bbDaran sieht man auch, dass Herr Infantino sich mittlerweile mit<br \/>\nMenschen umgeben hat, die von au\u00dferhalb des Fu\u00dfballs kommen.\u00ab\n<\/p>\n<p class=\"paragraph article__item\">Rettig verwies auf die\u00a0<a href=\"https:\/\/www.zeit.de\/sport\/2026-08\/uefa-fifa-gianni-infantino-wm-investoren-vertrauen\" target=\"_blank\" rel=\"nofollow noopener\">Erkl\u00e4rung der Uefa<\/a>: \u00bbWenn Mitglieder \u00f6ffentlich erkl\u00e4ren, dass sie<br \/>\nkein Vertrauen mehr in die F\u00fchrung haben, ist das ein sehr deutliches<br \/>\nSignal\u00ab, sagte Rettig. \u00bbAus meiner Sicht hat Herr Infantino<br \/>\n sehr viel Zeit, Geld und Energie in den Erhalt seines Machtapparates<br \/>\ninvestiert. Offenkundig dienten viele Entscheidungen in erster Linie<br \/>\ndazu, die eigene Position zu festigen.\u00ab\n<\/p>\n<p>            Wales unterst\u00fctzt Wiederwahl nicht            <\/p>\n<p class=\"paragraph article__item\">Als erster einzelner Fu\u00dfballverband entzog Wales \u00f6ffentlich seine Unterst\u00fctzung f\u00fcr die von <a class=\"rtr-entity\" href=\"https:\/\/www.zeit.de\/thema\/gianni-infantino\" rel=\"nofollow noopener\" target=\"_blank\">Gianni Infantino<\/a><br \/>\n beabsichtigte Wiederwahl im kommenden Jahr. \u00bbDie<br \/>\n j\u00fcngsten Defizite in den Bereichen verantwortungsvoller<br \/>\nVerbandsf\u00fchrung, Entscheidungsprozesse, F\u00fchrung, Werte,<br \/>\nStakeholder-Management, Kommunikation und Urteilsverm\u00f6gen haben dazu<br \/>\ngef\u00fchrt, dass Herr Infantino das<br \/>\nVertrauen des FAW verloren hat, weiterhin an der Spitze des <a href=\"https:\/\/www.zeit.de\/sport\/2026-07\/fifa-fussball-wm-aufstockung-64-teams-untersuchung\" target=\"_blank\" rel=\"nofollow noopener\">Weltfu\u00dfballs<\/a><br \/>\n zu stehen\u00ab, zitierte Sky News in England den walisischen Fu\u00dfballverband FAW.\n<\/p>\n<p class=\"paragraph article__item\">Der Co-Gastgeber der EM im kommenden Jahr im<br \/>\nVereinigten K\u00f6nigreich und Irland best\u00e4tige demnach \u00bbden Entzug seiner<br \/>\nUnterst\u00fctzung f\u00fcr die Kandidatur von Herrn Gianni Infantino<br \/>\n zur Wiederwahl als Fifa-Pr\u00e4sident f\u00fcr die Amtszeit 2027 bis 2031\u00ab. Dies<br \/>\n habe der Verband der <a class=\"rtr-entity\" href=\"https:\/\/www.zeit.de\/thema\/fifa\" rel=\"nofollow noopener\" target=\"_blank\">Fifa<\/a> auch schriftlich mitgeteilt. \u00bbDas Wohl des<br \/>\nFu\u00dfballs nicht an erste Stelle zu setzen, ist ein Versagen, das wir<br \/>\nnicht akzeptieren k\u00f6nnen.\u00ab<\/p>\n<p>                            \u00a9\u00a0unsplash.com<\/p>\n<p>\n                                        Newsletter<br \/>\n                                        Das tut mir gut \u2013 Der ZEIT-Gesundheitsnewsletter<\/p>\n<p class=\"newsletter-signup__text\">Einmal die Woche sammeln wir f\u00fcr Sie im ZEIT-Gesundheitsnewsletter die spannendsten Texte zu allem, was guttut. Darunter Tipps aus Psychologie und Medizin, Sport und Ern\u00e4hrung.<\/p>\n<p class=\"newsletter-signup__datapolicy\" hidden=\"\">\n            Mit Ihrer Registrierung nehmen Sie die <a href=\"https:\/\/datenschutz.zeit.de\/zon#Newsletter\" target=\"_blank\" rel=\"nofollow noopener\">Datenschutzerkl\u00e4rung<\/a><br \/>\n     zur Kenntnis.\n        <\/p>\n<p>    Vielen Dank! Wir haben Ihnen eine E-Mail geschickt.<\/p>\n<p>Pr\u00fcfen Sie Ihr Postfach und best\u00e4tigen Sie das Newsletter-Abonnement.<\/p>\n<p class=\"paragraph article__item\">Im kommenden Jahr steht die Wahl an. Am 18. M\u00e4rz 2027 m\u00f6chte sich Infantino, der seit 2016 an der Spitze des Weltverbands steht, in Rabat (Marokko) auf dem 77.<br \/>\nFifa-Kongress den Statuten zufolge ein letztes Mal f\u00fcr vier Jahre zum<br \/>\nPr\u00e4sidenten w\u00e4hlen lassen.\n<\/p>\n<p>            Kommerzialisierung der Fifa            <\/p>\n<p class=\"paragraph article__item\">Infantino hatte Pl\u00e4ne vorgestellt, Anteile an den<br \/>\nPremiumprodukten des <a href=\"https:\/\/www.zeit.de\/sport\/2026-08\/weltfussballverband-fifa-gibt-investorenplaene-auf-gxe\" target=\"_blank\" rel=\"nofollow noopener\">Weltverbands an private Investoren<\/a>\u00a0zu verkaufen.<br \/>\nGeldgeber h\u00e4tten rund 20 Prozent der Anteile an dem neu zu gr\u00fcndenden<br \/>\nTochterunternehmen Fifa Forward Enterprise (FFE) erwerben k\u00f6nnen, dessen<br \/>\n Wert zun\u00e4chst mit 20 Milliarden Dollar beziffert war.\n<\/p>\n<p class=\"paragraph article__item\">Die FFE<br \/>\nh\u00e4tte die kommerziellen Rechte an den Fifa-Wettbewerben wie der M\u00e4nner-<br \/>\nund Frauen-WM sowie der Klub-WM geb\u00fcndelt. Technologieinvestor Joshua<br \/>\nKushner, dessen Bruder Jared mit der Tochter von US-Pr\u00e4sident Donald<br \/>\nTrump, Ivanka, verheiratet ist, h\u00e4tte \u00fcber seine Investmentfirma Thrive<br \/>\neine Schl\u00fcsselrolle \u00fcbernehmen sollen. Auch er soll von der Uefa wegen<br \/>\nrechtlicher Schritte kontaktiert worden sein.\n<\/p>\n<p>Mehr zum Thema<\/p>\n<p>            Investitionspl\u00e4ne der Fifa        <\/p>\n<p>                <a href=\"https:\/\/www.zeit.de\/sport\/2026-07\/wm-boykott-uefa-gianni-infantino-fifa-fussball\" data-ct-label=\"WM-Boykott der Uefa: Gut, dass die Uefa vorangeht\" data-uuid=\"2f262658-376f-414a-ab64-0af3f2c3efbb\" rel=\"nofollow noopener\" target=\"_blank\"><\/p>\n<p>        Z+ (abopflichtiger Inhalt);<\/p>\n<p>    WM-Boykott der Uefa:<br \/>\n                        Gut, dass die Uefa vorangeht<\/p>\n<p>                <\/a><\/p>\n<p>                <a href=\"https:\/\/www.zeit.de\/sport\/2026-07\/gianni-infantino-investoren-plaene-fifa-wm-antoine-duval\" data-ct-label=\"Gianni Infantino: \u00bbDer einzige, f\u00fcr den das ein gutes Gesch\u00e4ft ist, hei\u00dft Infantino\u00ab\" data-uuid=\"6c80d810-e99f-48d0-9776-a8135364f79f\" rel=\"nofollow noopener\" target=\"_blank\"><\/p>\n<p>        Z+ (abopflichtiger Inhalt);<\/p>\n<p>    Gianni Infantino:<br \/>\n                        \u00bbDer einzige, f\u00fcr den das ein gutes Gesch\u00e4ft ist, hei\u00dft Infantino\u00ab<\/p>\n<p>                <\/a><\/p>\n","protected":false},"excerpt":{"rendered":"Nach dem gescheiterten Investorendeal hat die Europ\u00e4ische Fu\u00dfball-Union (Uefa) Fifa-Chef Gianni Infantino mit rechtlichen Schritten gedroht. Wie der&hellip;\n","protected":false},"author":2,"featured_media":1212411,"comment_status":"","ping_status":"","sticky":false,"template":"","format":"standard","meta":{"footnotes":"","_share_on_mastodon":"0"},"categories":[136],"tags":[70295,29,481,5695,347,30,5696,252340,265,1681],"class_list":["post-1212410","post","type-post","status-publish","format-standard","has-post-thumbnail","category-sport","tag-andreas-rettig","tag-deutschland","tag-dfb","tag-fifa","tag-fussball","tag-germany","tag-gianni-infantino","tag-investorendeal-der-fifa","tag-sport","tag-uefa"],"share_on_mastodon":{"url":"https:\/\/pubeurope.com\/@de\/117031541506862373","error":""},"_links":{"self":[{"href":"https:\/\/www.europesays.com\/de\/wp-json\/wp\/v2\/posts\/1212410","targetHints":{"allow":["GET"]}}],"collection":[{"href":"https:\/\/www.europesays.com\/de\/wp-json\/wp\/v2\/posts"}],"about":[{"href":"https:\/\/www.europesays.com\/de\/wp-json\/wp\/v2\/types\/post"}],"author":[{"embeddable":true,"href":"https:\/\/www.europesays.com\/de\/wp-json\/wp\/v2\/users\/2"}],"replies":[{"embeddable":true,"href":"https:\/\/www.europesays.com\/de\/wp-json\/wp\/v2\/comments?post=1212410"}],"version-history":[{"count":0,"href":"https:\/\/www.europesays.com\/de\/wp-json\/wp\/v2\/posts\/1212410\/revisions"}],"wp:featuredmedia":[{"embeddable":true,"href":"https:\/\/www.europesays.com\/de\/wp-json\/wp\/v2\/media\/1212411"}],"wp:attachment":[{"href":"https:\/\/www.europesays.com\/de\/wp-json\/wp\/v2\/media?parent=1212410"}],"wp:term":[{"taxonomy":"category","embeddable":true,"href":"https:\/\/www.europesays.com\/de\/wp-json\/wp\/v2\/categories?post=1212410"},{"taxonomy":"post_tag","embeddable":true,"href":"https:\/\/www.europesays.com\/de\/wp-json\/wp\/v2\/tags?post=1212410"}],"curies":[{"name":"wp","href":"https:\/\/api.w.org\/{rel}","templated":true}]}}