{"id":1212412,"date":"2026-08-03T12:19:14","date_gmt":"2026-08-03T12:19:14","guid":{"rendered":"https:\/\/www.europesays.com\/de\/1212412\/"},"modified":"2026-08-03T12:19:14","modified_gmt":"2026-08-03T12:19:14","slug":"elke-sommer-trauert-um-ihren-ehemann-mein-herz-ist-gebrochen-unterhaltung","status":"publish","type":"post","link":"https:\/\/www.europesays.com\/de\/1212412\/","title":{"rendered":"Elke Sommer trauert um ihren Ehemann: \u201eMein Herz ist gebrochen\u201c | Unterhaltung"},"content":{"rendered":"<p>Sie waren mehr als ein Glamour-Paar: F\u00fcr Schauspiel-Legende Elke Sommer (85) war Hotelmanager Wolf Walther seit 1989 ihr Lebensmensch, \u201ePapa B\u00e4r\u201c und eine St\u00fctze in allen Lebenslagen. Nun ist er in Bel Air im Kreis seiner engsten Familie im Alter von 77 Jahren an Krebs gestorben.<\/p>\n<p>\n<b>Wie Sommer und Walthers Sohn Sebastian die letzten Wochen erlebte, welche r\u00fchrenden Rituale der fu\u00dfballverr\u00fcckte \u201ePapa B\u00e4r\u201c bis zum Schluss liebte und wie es jetzt weitergeht, lesen Sie mit BILDplus.<\/b><\/p>\n","protected":false},"excerpt":{"rendered":"Sie waren mehr als ein Glamour-Paar: F\u00fcr Schauspiel-Legende Elke Sommer (85) war Hotelmanager Wolf Walther seit 1989 ihr&hellip;\n","protected":false},"author":2,"featured_media":1212413,"comment_status":"","ping_status":"","sticky":false,"template":"","format":"standard","meta":{"footnotes":"","_share_on_mastodon":"0"},"categories":[155],"tags":[772,13038,29,15868,214,4348,30,683,7893,1918,252341,227858,3259,215,12459],"class_list":["post-1212412","post","type-post","status-publish","format-standard","has-post-thumbnail","category-unterhaltung","tag-bayern","tag-bestattung","tag-deutschland","tag-ehemann","tag-entertainment","tag-franken","tag-germany","tag-hollywood","tag-los-angeles","tag-sohn","tag-sommer-elke","tag-team-deep","tag-tod","tag-unterhaltung","tag-von-mutius-franziska"],"share_on_mastodon":{"url":"","error":""},"_links":{"self":[{"href":"https:\/\/www.europesays.com\/de\/wp-json\/wp\/v2\/posts\/1212412","targetHints":{"allow":["GET"]}}],"collection":[{"href":"https:\/\/www.europesays.com\/de\/wp-json\/wp\/v2\/posts"}],"about":[{"href":"https:\/\/www.europesays.com\/de\/wp-json\/wp\/v2\/types\/post"}],"author":[{"embeddable":true,"href":"https:\/\/www.europesays.com\/de\/wp-json\/wp\/v2\/users\/2"}],"replies":[{"embeddable":true,"href":"https:\/\/www.europesays.com\/de\/wp-json\/wp\/v2\/comments?post=1212412"}],"version-history":[{"count":0,"href":"https:\/\/www.europesays.com\/de\/wp-json\/wp\/v2\/posts\/1212412\/revisions"}],"wp:featuredmedia":[{"embeddable":true,"href":"https:\/\/www.europesays.com\/de\/wp-json\/wp\/v2\/media\/1212413"}],"wp:attachment":[{"href":"https:\/\/www.europesays.com\/de\/wp-json\/wp\/v2\/media?parent=1212412"}],"wp:term":[{"taxonomy":"category","embeddable":true,"href":"https:\/\/www.europesays.com\/de\/wp-json\/wp\/v2\/categories?post=1212412"},{"taxonomy":"post_tag","embeddable":true,"href":"https:\/\/www.europesays.com\/de\/wp-json\/wp\/v2\/tags?post=1212412"}],"curies":[{"name":"wp","href":"https:\/\/api.w.org\/{rel}","templated":true}]}}