{"id":1212466,"date":"2026-08-03T12:52:26","date_gmt":"2026-08-03T12:52:26","guid":{"rendered":"https:\/\/www.europesays.com\/de\/1212466\/"},"modified":"2026-08-03T12:52:26","modified_gmt":"2026-08-03T12:52:26","slug":"devisenmarkt-japan-und-usa-stuetzen-fallenden-yen-wirtschaft","status":"publish","type":"post","link":"https:\/\/www.europesays.com\/de\/1212466\/","title":{"rendered":"Devisenmarkt: Japan und USA st\u00fctzen fallenden Yen &#8211; Wirtschaft"},"content":{"rendered":"<p data-manual=\"paragraph\" data-schema-org-speakable=\"true\" class=\"css-1eosz7k\"><a href=\"https:\/\/www.sueddeutsche.de\/thema\/Japan\" rel=\"nofollow noopener\" target=\"_blank\">Japan<\/a> hat erstmals seit Jahrzehnten gemeinsam mit den <a href=\"https:\/\/www.sueddeutsche.de\/thema\/USA\" rel=\"nofollow noopener\" target=\"_blank\">USA<\/a> am Devisenmarkt interveniert, um den schw\u00e4chelnden Yen zu st\u00fctzen. Finanzministerin Satsuki Katayama best\u00e4tigte, dass man in Abstimmung mit den Vereinigten Staaten Yen gekauft habe, um \u201e\u00fcberm\u00e4\u00dfige Volatilit\u00e4t und ungeordnete Bewegungen\u201c der japanischen Landesw\u00e4hrung einzud\u00e4mmen. Die Regierung in Tokio stehe weiterhin in engem Austausch mit den USA und werde bei Bedarf weitere Ma\u00dfnahmen am Devisenmarkt ergreifen.<\/p>\n<p data-manual=\"paragraph\" data-schema-org-speakable=\"true\" class=\"css-1eosz7k\">Der Yen war zuletzt stark unter Druck geraten und gegen\u00fcber dem US-Dollar auf den schw\u00e4chsten Stand seit etwa 40 Jahren gefallen. Zwar verbilligt eine schwache W\u00e4hrung die Exporte einer Volkswirtschaft, wovon Japan in den vergangenen Jahren deutlich profitierte. Gleichzeitig wird jedoch der Warenimport teurer und die Kaufkraft der eigenen Bev\u00f6lkerung vermindert.<\/p>\n<p>Zuletzt intervenierten die G-7-Staaten vor 15 Jahren<\/p>\n<p data-manual=\"paragraph\" data-schema-org-speakable=\"true\" class=\"css-1eosz7k\">US-Pr\u00e4sident Donald Trump wertete die gemeinsame Intervention als Beleg f\u00fcr die guten Beziehungen zwischen Tokio und Washington. \u201eSie haben einen schw\u00e4chelnden Yen und wollten ein bisschen Unterst\u00fctzung. Wir sind immer da, um Japan zu helfen\u201c, sagte er am Sonntagabend (Ortszeit) an Bord der Pr\u00e4sidentenmaschine auf dem Flug von New Jersey nach Washington. Der Eingriff komme auch der Weltwirtschaft zugute.<\/p>\n<p data-manual=\"paragraph\" data-schema-org-speakable=\"true\" class=\"css-1eosz7k\">Staatliche W\u00e4hrungsinterventionen kommen nur relativ selten vor. Zuletzt gab es eine solch bilateral abgestimmte Ma\u00dfnahme zwischen Tokio und Washington Ende der 1990er-Jahre.\u00a0Zudem intervenierten 2011 die Finanzminister und Zentralbanken der G-7-Staaten gemeinsam am Devisenmarkt, um den Yen nach der Erdbeben- und Tsunamikatastrophe von Fukushima zu st\u00fctzen. Auch wenn Russland bis 2014 noch Teil des G-8-Staatenbundes war, war es nicht an der Yen-Intervention beteiligt.<\/p>\n","protected":false},"excerpt":{"rendered":"Japan hat erstmals seit Jahrzehnten gemeinsam mit den USA am Devisenmarkt interveniert, um den schw\u00e4chelnden Yen zu st\u00fctzen.&hellip;\n","protected":false},"author":2,"featured_media":1212467,"comment_status":"","ping_status":"","sticky":false,"template":"","format":"standard","meta":{"footnotes":"","_share_on_mastodon":"0"},"categories":[3977],"tags":[331,332,147,252355,9776,666,13,372,148,14,15,12,149,4017,4018,4016,64,4019,4020,41310,55],"class_list":["post-1212466","post","type-post","status-publish","format-standard","has-post-thumbnail","category-usa","tag-aktuelle-nachrichten","tag-aktuelle-news","tag-ausland","tag-devisen-und-anleihen","tag-finanzmarkt","tag-geld","tag-headlines","tag-japan","tag-leserdiskussion","tag-nachrichten","tag-news","tag-schlagzeilen","tag-sueddeutsche-zeitung","tag-united-states","tag-united-states-of-america","tag-us","tag-usa","tag-vereinigte-staaten","tag-vereinigte-staaten-von-amerika","tag-waehrungspolitik","tag-wirtschaft"],"share_on_mastodon":{"url":"https:\/\/pubeurope.com\/@de\/117031675295734809","error":""},"_links":{"self":[{"href":"https:\/\/www.europesays.com\/de\/wp-json\/wp\/v2\/posts\/1212466","targetHints":{"allow":["GET"]}}],"collection":[{"href":"https:\/\/www.europesays.com\/de\/wp-json\/wp\/v2\/posts"}],"about":[{"href":"https:\/\/www.europesays.com\/de\/wp-json\/wp\/v2\/types\/post"}],"author":[{"embeddable":true,"href":"https:\/\/www.europesays.com\/de\/wp-json\/wp\/v2\/users\/2"}],"replies":[{"embeddable":true,"href":"https:\/\/www.europesays.com\/de\/wp-json\/wp\/v2\/comments?post=1212466"}],"version-history":[{"count":0,"href":"https:\/\/www.europesays.com\/de\/wp-json\/wp\/v2\/posts\/1212466\/revisions"}],"wp:featuredmedia":[{"embeddable":true,"href":"https:\/\/www.europesays.com\/de\/wp-json\/wp\/v2\/media\/1212467"}],"wp:attachment":[{"href":"https:\/\/www.europesays.com\/de\/wp-json\/wp\/v2\/media?parent=1212466"}],"wp:term":[{"taxonomy":"category","embeddable":true,"href":"https:\/\/www.europesays.com\/de\/wp-json\/wp\/v2\/categories?post=1212466"},{"taxonomy":"post_tag","embeddable":true,"href":"https:\/\/www.europesays.com\/de\/wp-json\/wp\/v2\/tags?post=1212466"}],"curies":[{"name":"wp","href":"https:\/\/api.w.org\/{rel}","templated":true}]}}