{"id":121250,"date":"2025-05-18T21:34:13","date_gmt":"2025-05-18T21:34:13","guid":{"rendered":"https:\/\/www.europesays.com\/de\/121250\/"},"modified":"2025-05-18T21:34:13","modified_gmt":"2025-05-18T21:34:13","slug":"gazakrieg-israel-will-wieder-hilfe-in-den-gazastreifen-lassen","status":"publish","type":"post","link":"https:\/\/www.europesays.com\/de\/121250\/","title":{"rendered":"Gazakrieg: Israel will wieder Hilfe in den Gazastreifen lassen"},"content":{"rendered":"<p class=\"paragraph article__item\">Die israelische Regierung will eine Grundversorgung mit Lebensmitteln in den <a class=\"rtr-entity\" href=\"https:\/\/www.zeit.de\/thema\/gazastreifen\" target=\"_blank\" rel=\"noopener\">Gazastreifen<\/a> erm\u00f6glichen. Das teilte das B\u00fcro von Ministerpr\u00e4sident Benjamin Netanjahu mit. &#8222;Israel wird eine Grundmenge an Lebensmitteln f\u00fcr die Bev\u00f6lkerung zulassen, um sicherzustellen, dass es im Gazastreifen nicht zu einer Hungerkrise kommt&#8220;, teilte Netanjahus B\u00fcro mit. Die Grundversorgung mit Lebensmitteln erfolge auf Empfehlung der israelischen Armee.\n<\/p>\n<p class=\"paragraph article__item\">Zuvor hatte Israels Armee im Zuge ihrer neuen Gro\u00dfoffensive den Beginn erweiterter Bodeneins\u00e4tze sowohl im n\u00f6rdlichen als auch im s\u00fcdlichen Gazastreifen angek\u00fcndigt. Angesichts dessen hat sich die Notlage der Menschen in dem abgeriegelten und nach mehr als anderthalb Jahren Krieg gro\u00dffl\u00e4chig zerst\u00f6rten Gebiet erneut versch\u00e4rft.\n<\/p>\n<p class=\"paragraph article__item\">Eine Hungersnot w\u00fcrde die Fortsetzung der Offensive gef\u00e4hrden, teilte<br \/>\ndas B\u00fcro mit. Hilfsg\u00fcter sollen israelischen Medienberichten zufolge auf<br \/>\n bisher genutzten Wegen in den Gazastreifen kommen, bis ein geplanter<br \/>\nneuer Mechanismus umgesetzt werde. Israel werde Ma\u00dfnahmen ergreifen,<br \/>\ndamit die Hilfe nicht in die H\u00e4nde der Hamas gelange. Details dazu wurden bisher nicht bekannt.\n<\/p>\n<p>        Keine Hilfslieferung seit M\u00e4rz        <\/p>\n<p class=\"paragraph article__item\">Seit Anfang M\u00e4rz hatte Israel keine Hilfslieferungen mehr in den Gazastreifen gelassen. Das Land wirft der Hamas vor, die Hilfsg\u00fcter gewinnbringend weiterzuverkaufen, um ihre K\u00e4mpfer und Waffen zu finanzieren.\n<\/p>\n<p class=\"paragraph article__item\">Die rund 2,2 Millionen Einwohner des Gazastreifens sind fast ausschlie\u00dflich auf Hilfe von au\u00dfen angewiesen, um zu \u00fcberleben. Der UN-Nothilfekoordinator hatte gemahnt, schon jetzt seien 2,1 Millionen Pal\u00e4stinenser wegen zur\u00fcckgehaltener humanit\u00e4rer Hilfe vom Hungertod bedroht.\n<\/p>\n<p>                            \u00a9\u00a0Lea Dohle<\/p>\n<p>\n                    Newsletter<\/p>\n<p>                    Was jetzt? \u2013 Der t\u00e4gliche Morgen\u00fcberblick<\/p>\n<p class=\"newsletter-signup__text\">Starten Sie mit unserem kurzen Nachrichten-Newsletter in den Tag. Erhalten Sie zudem freitags den US-Sonderletter &#8222;Was jetzt, America?&#8220; sowie das digitale Magazin ZEIT am Wochenende.<\/p>\n<p class=\"newsletter-signup__datapolicy\" hidden=\"\">\n            Mit Ihrer Registrierung nehmen Sie die <a href=\"https:\/\/datenschutz.zeit.de\/zon#Newsletter\" target=\"_blank\" rel=\"noopener\">Datenschutzerkl\u00e4rung<\/a> zur Kenntnis.\n        <\/p>\n<p>    Vielen Dank! Wir haben Ihnen eine E-Mail geschickt.<\/p>\n<p>Pr\u00fcfen Sie Ihr Postfach und best\u00e4tigen Sie das Newsletter-Abonnement.<\/p>\n<p class=\"paragraph article__item\">Seit Tagen fliegt die israelische Luftwaffe massive Angriffe auf Ziele im Gazastreifen. Am Sonntag k\u00fcndigte die Armee die Ausweitung der Bodentruppen an. Nach pal\u00e4stinensischen Angaben wurden zuletzt mindestens 110 Menschen get\u00f6tet. Augenzeugen zufolge fliehen etliche Menschen derzeit vom Norden in den S\u00fcden des Gebietes. Nach Angaben des von der Hamas kontrollierten Medienb\u00fcros fl\u00fcchteten in den vergangenen Tagen rund 200.000 Pal\u00e4stinenser aus den Orten Dschabalija und Beit Lahia im Norden des Gebiets. Diesen Angaben lassen sich nicht unabh\u00e4ngig pr\u00fcfen.\n<\/p>\n<p class=\"paragraph article__item\">Dieser Artikel wird weiter aktualisiert.<\/p>\n","protected":false},"excerpt":{"rendered":"Die israelische Regierung will eine Grundversorgung mit Lebensmitteln in den Gazastreifen erm\u00f6glichen. Das teilte das B\u00fcro von Ministerpr\u00e4sident&hellip;\n","protected":false},"author":2,"featured_media":121251,"comment_status":"","ping_status":"","sticky":false,"template":"","format":"standard","meta":{"footnotes":""},"categories":[5],"tags":[45930,738,13,14,15,16,12,10,8,9,11],"class_list":{"0":"post-121250","1":"post","2":"type-post","3":"status-publish","4":"format-standard","5":"has-post-thumbnail","7":"category-nachrichten","8":"tag-gazakrieg","9":"tag-gazastreifen","10":"tag-headlines","11":"tag-nachrichten","12":"tag-news","13":"tag-politik","14":"tag-schlagzeilen","15":"tag-top-news","16":"tag-top-meldungen","17":"tag-topmeldungen","18":"tag-topnews"},"share_on_mastodon":{"url":"https:\/\/pubeurope.com\/@de\/114530986784124194","error":""},"_links":{"self":[{"href":"https:\/\/www.europesays.com\/de\/wp-json\/wp\/v2\/posts\/121250","targetHints":{"allow":["GET"]}}],"collection":[{"href":"https:\/\/www.europesays.com\/de\/wp-json\/wp\/v2\/posts"}],"about":[{"href":"https:\/\/www.europesays.com\/de\/wp-json\/wp\/v2\/types\/post"}],"author":[{"embeddable":true,"href":"https:\/\/www.europesays.com\/de\/wp-json\/wp\/v2\/users\/2"}],"replies":[{"embeddable":true,"href":"https:\/\/www.europesays.com\/de\/wp-json\/wp\/v2\/comments?post=121250"}],"version-history":[{"count":0,"href":"https:\/\/www.europesays.com\/de\/wp-json\/wp\/v2\/posts\/121250\/revisions"}],"wp:featuredmedia":[{"embeddable":true,"href":"https:\/\/www.europesays.com\/de\/wp-json\/wp\/v2\/media\/121251"}],"wp:attachment":[{"href":"https:\/\/www.europesays.com\/de\/wp-json\/wp\/v2\/media?parent=121250"}],"wp:term":[{"taxonomy":"category","embeddable":true,"href":"https:\/\/www.europesays.com\/de\/wp-json\/wp\/v2\/categories?post=121250"},{"taxonomy":"post_tag","embeddable":true,"href":"https:\/\/www.europesays.com\/de\/wp-json\/wp\/v2\/tags?post=121250"}],"curies":[{"name":"wp","href":"https:\/\/api.w.org\/{rel}","templated":true}]}}