{"id":1212532,"date":"2026-08-03T13:29:18","date_gmt":"2026-08-03T13:29:18","guid":{"rendered":"https:\/\/www.europesays.com\/de\/1212532\/"},"modified":"2026-08-03T13:29:18","modified_gmt":"2026-08-03T13:29:18","slug":"prozess-in-muenchen-fahrgast-stranguliert-taxifahrer-muenchen","status":"publish","type":"post","link":"https:\/\/www.europesays.com\/de\/1212532\/","title":{"rendered":"Prozess in M\u00fcnchen: Fahrgast stranguliert Taxifahrer &#8211; M\u00fcnchen"},"content":{"rendered":"<p data-manual=\"paragraph\" data-schema-org-speakable=\"true\" class=\"css-1eosz7k\">\u201eSie werden heute festgenommen\u201c, sagt die Staatsanw\u00e4ltin und der angeklagte Samuel W. (Name ge\u00e4ndert) blickt erschrocken auf. Vor gut eineinhalb Jahren soll der heute 28-J\u00e4hrige auf der Leopoldstra\u00dfe einen Taxifahrer gebissen, geschlagen und mit seinem Sicherheitsgurt stranguliert haben. \u201eAber ich habe einen Filmriss, ich kann mich an nichts erinnern\u201c, versichert W. vor dem Landgericht <a href=\"https:\/\/www.sueddeutsche.de\/thema\/M%C3%BCnchen\" rel=\"nofollow noopener\" target=\"_blank\">M\u00fcnchen<\/a> I. Daf\u00fcr hat der Taxifahrer die Ereignisse jener Nacht noch lebhaft im Kopf: \u201eEr hat mich fast erw\u00fcrgt\u201c, sagt der 50-J\u00e4hrige.<\/p>\n<p data-manual=\"paragraph\" data-schema-org-speakable=\"true\" class=\"css-1eosz7k\">Basierend auf den Aussagen des Fahrers hat die <a href=\"https:\/\/www.sueddeutsche.de\/thema\/Staatsanwaltschaft\" rel=\"nofollow noopener\" target=\"_blank\">Staatsanwaltschaft<\/a> die Nacht auf den 17. November 2024 rekonstruiert: Kurz vor 3 Uhr fr\u00fch stieg Samuel W. am Maximiliansplatz in das <a href=\"https:\/\/www.sueddeutsche.de\/thema\/Taxi\" rel=\"nofollow noopener\" target=\"_blank\">Taxi<\/a>, nahm direkt hinter dem Fahrer Platz und gab als Fahrziel \u201eLeopoldstra\u00dfe stadtausw\u00e4rts\u201c an. An der Kreuzung zum Petuelring hielt der Taxler an einer roten Ampel. Laut Anklage soll Samuel W. erkl\u00e4rt haben, das sei die falsche Richtung, der Taxler solle umdrehen, um dann zu befinden, dass er nun aussteigen wolle.<\/p>\n<p data-manual=\"paragraph\" data-schema-org-speakable=\"true\" class=\"css-1eosz7k\">Der Taxifahrer stoppte das Taxameter, hatte noch das Automatikgetriebe auf Fahrbetrieb eingestellt und hielt den Wagen mit dem Fu\u00df auf der Bremse im Stehen. 21 Euro sollte Samuel W. f\u00fcr die Fahrt entrichten, doch dar\u00fcber entspann sich ein Streit. Als W. die Schiebet\u00fcre des Wagens \u00f6ffnen wollte, griff der Taxler nach hinten, um ihn am Verlassen des Fahrzeugs zu hindern.<\/p>\n<p data-manual=\"paragraph\" data-schema-org-speakable=\"true\" class=\"css-1eosz7k\">Was dann folgte, sei \u201eschrecklich\u201c, sagt der Angeklagte, \u201enicht in Worte zu fassen\u201c. Es tue ihm unendlich leid und dieser Kontrollverlust mache ihm Angst. Denn W. soll den Taxler in den Unterarm gebissen und seinen Kopf vor allem im Augenbereich mit F\u00e4usten traktiert haben. Dann soll der 28-J\u00e4hrige von hinten den Sicherheitsgurt fest angezogen und den Taxifahrer stranguliert haben. Die F\u00fc\u00dfe hatte W. gegen den Fahrersitz gestemmt, so steht es in der Anklage, und gleichzeitig zog er noch mehrfach ruckartig am Gurt mit den Worten: \u201eIch brech\u2019 Dir Dein Genick.\u201c<\/p>\n<p data-manual=\"paragraph\" data-schema-org-speakable=\"true\" class=\"css-1eosz7k\">Aufgrund der Attacke, so erz\u00e4hlt es der Taxifahrer vor Gericht, habe er keine Luft mehr bekommen, sein Fu\u00df sei vom Bremspedal gerutscht, das Taxi rollte gegen einen Betonblock. \u201eDurch den Ruck beim Aufprall konnte ich mich befreien und den Gurt \u00fcber meinen Kopf ziehen.\u201c Drau\u00dfen kam es noch zu einer Rangelei zwischen den beiden M\u00e4nnern und die inzwischen von einem anderen Taxifahrer informierte <a href=\"https:\/\/www.sueddeutsche.de\/thema\/Polizei\" rel=\"nofollow noopener\" target=\"_blank\">Polizei<\/a> hatte alle M\u00fche, Samuel W. zu fesseln und auf die Wache zu bringen. Dort schlug er so heftig gegen die Zellent\u00fcr, dass das Schloss besch\u00e4digt wurde und von der Feuerwehr aufgebohrt werden musste.<\/p>\n<p data-manual=\"paragraph\" data-schema-org-speakable=\"true\" class=\"css-1eosz7k\">Der Taxifahrer erlitt unter anderem eine offene Bisswunde am Unterarm, ein W\u00fcrgetrauma, Prellungen, Strangulationsmarken sowie einen Bruch an einem Schildknorpel des Kehlkopfs. Nach dem Vorfall hatte der 50-J\u00e4hrige massive Kopfschmerzen, Sehst\u00f6rungen sowie Schlaf- und Angstst\u00f6rungen. Bis heute leide er unter Angstzust\u00e4nden, wenn er nachts arbeite, sagt er.<\/p>\n<p data-manual=\"paragraph\" data-schema-org-speakable=\"true\" class=\"css-1eosz7k\">Samuel W. erz\u00e4hlt, dass er sich an jenem Tag nach zweij\u00e4hriger Beziehung von seiner Freundin getrennt habe. Schon am fr\u00fchen Abend habe er mit Alkohol und <a href=\"https:\/\/www.sueddeutsche.de\/thema\/Kokain\" rel=\"nofollow noopener\" target=\"_blank\">Kokain<\/a> begonnen in der Bar Lenbachs, \u201ewo ich danach war, wei\u00df ich nicht mehr\u201c. Er habe einen exzessiven \u201eAusrei\u00dfer\u201c gehabt. \u201eSolche Ausrei\u00dfer hatten sie fr\u00fcher auch schon\u201c, h\u00e4lt ihm Richterin Elke Schulz vor. \u201eJa\u201c, antwortet W., \u201eich hatte keine leichte Jugend.\u201c Er sei bei seiner Mutter aufgewachsen; als sein Vater ins Gef\u00e4ngnis kam, habe er mit ihm gebrochen. Er habe fr\u00fcher schon als Auflage des Gerichts Therapiestunden wegen seiner Alkohol- und Kokainprobleme absolvieren m\u00fcssen. \u201eHatte das irgendeinen Effekt\u201c, fragt die Richterin. \u201eNicht wirklich\u201c, sagt er.<\/p>\n<p data-manual=\"paragraph\" data-schema-org-speakable=\"true\" class=\"css-1eosz7k\">Heute organisiert W. Veranstaltungen, etwa bei einem Sommerfestival in M\u00fcnchen, gleichzeitig habe er eine App auf den Markt gebracht, quasi einen \u201eNightlife-Guide\u201c mit exklusiven Events f\u00fcr Mitglieder. Deshalb halte er sich derzeit oft in Madrid auf. Vermutlich hat die Staatsanwaltschaft W. wegen Fluchtgefahr die Festnahme erkl\u00e4rt.<\/p>\n<p data-manual=\"paragraph\" data-schema-org-speakable=\"true\" class=\"css-1eosz7k\">Heute k\u00f6nne er \u201ekontrollierter trinken\u201c als fr\u00fcher, behauptet W., aber ganz ohne Kokain und Alkohol gehe es nicht, \u201edie Versuchung ist zu gro\u00df\u201c. Das Gericht wird am 21. August ein Urteil sprechen.<\/p>\n","protected":false},"excerpt":{"rendered":"\u201eSie werden heute festgenommen\u201c, sagt die Staatsanw\u00e4ltin und der angeklagte Samuel W. (Name ge\u00e4ndert) blickt erschrocken auf. Vor&hellip;\n","protected":false},"author":2,"featured_media":1212533,"comment_status":"","ping_status":"","sticky":false,"template":"","format":"standard","meta":{"footnotes":"","_share_on_mastodon":"0"},"categories":[1827],"tags":[772,29,2816,2634,30,1346,2553,1268,121,2814,1997,18328,149,10021],"class_list":["post-1212532","post","type-post","status-publish","format-standard","has-post-thumbnail","category-muenchen","tag-bayern","tag-deutschland","tag-freimann","tag-gerichtsprozesse-in-muenchen","tag-germany","tag-kokain","tag-landgericht-muenchen","tag-muenchen","tag-polizei","tag-schwabing-freimann","tag-staatsanwaltschaft","tag-sucht-und-drogen","tag-sueddeutsche-zeitung","tag-taxi"],"share_on_mastodon":{"url":"https:\/\/pubeurope.com\/@de\/117031820586637305","error":""},"_links":{"self":[{"href":"https:\/\/www.europesays.com\/de\/wp-json\/wp\/v2\/posts\/1212532","targetHints":{"allow":["GET"]}}],"collection":[{"href":"https:\/\/www.europesays.com\/de\/wp-json\/wp\/v2\/posts"}],"about":[{"href":"https:\/\/www.europesays.com\/de\/wp-json\/wp\/v2\/types\/post"}],"author":[{"embeddable":true,"href":"https:\/\/www.europesays.com\/de\/wp-json\/wp\/v2\/users\/2"}],"replies":[{"embeddable":true,"href":"https:\/\/www.europesays.com\/de\/wp-json\/wp\/v2\/comments?post=1212532"}],"version-history":[{"count":0,"href":"https:\/\/www.europesays.com\/de\/wp-json\/wp\/v2\/posts\/1212532\/revisions"}],"wp:featuredmedia":[{"embeddable":true,"href":"https:\/\/www.europesays.com\/de\/wp-json\/wp\/v2\/media\/1212533"}],"wp:attachment":[{"href":"https:\/\/www.europesays.com\/de\/wp-json\/wp\/v2\/media?parent=1212532"}],"wp:term":[{"taxonomy":"category","embeddable":true,"href":"https:\/\/www.europesays.com\/de\/wp-json\/wp\/v2\/categories?post=1212532"},{"taxonomy":"post_tag","embeddable":true,"href":"https:\/\/www.europesays.com\/de\/wp-json\/wp\/v2\/tags?post=1212532"}],"curies":[{"name":"wp","href":"https:\/\/api.w.org\/{rel}","templated":true}]}}