{"id":1212562,"date":"2026-08-03T13:47:28","date_gmt":"2026-08-03T13:47:28","guid":{"rendered":"https:\/\/www.europesays.com\/de\/1212562\/"},"modified":"2026-08-03T13:47:28","modified_gmt":"2026-08-03T13:47:28","slug":"sonja-zietlow-und-die-verraeter-was-in-der-1-folge-der-show-passiert-betrug-ist-mir-nicht-fremd-unterhaltung","status":"publish","type":"post","link":"https:\/\/www.europesays.com\/de\/1212562\/","title":{"rendered":"Sonja Zietlow und \u201eDie Verr\u00e4ter\u201c: Was in der 1. Folge der Show passiert! \u201eBetrug ist mir nicht fremd\u201c | Unterhaltung"},"content":{"rendered":"<p><a class=\"skip-content skip-content--link\" href=\"#in-content-skip-link-target-v-0-0\">TTS-Player \u00fcberspringen\u21b5<\/a><a id=\"in-content-skip-link-target-v-0-0\" class=\"skip-content--target-link-hidden skip-content skip-content--target-link\" href=\"#in-content-skip-link-target-v-0-0\">Artikel weiterlesen<\/a><\/p>\n<p data-32581ace=\"0-2737\">Jemeppe-sur-Sambre (Belgien) \u2013 <b>Heute startet bei RTL+ die 4. Staffel von \u201eDie Verr\u00e4ter \u2013 Vertraue Niemandem!\u201c In der Show k\u00fcrt Gastgeberin Sonja Zietlow (58) einige Promis heimlich zu \u201eVerr\u00e4tern\u201c, die den Rest der Gruppe t\u00e4uschen m\u00fcssen. Nacht f\u00fcr Nacht werfen sie verdeckt Kandidaten aus dem Spiel, w\u00e4hrend die \u201eLoyalen\u201c versuchen, die Betr\u00fcger zu entlarven. Bei den \u201eVerr\u00e4tern\u201c entscheidet jedes Wort \u00fcber Sieg oder Rauswurf. <\/b><\/p>\n<p data-32581ace=\"0-2737\">Umso heikler, wenn man sich selbst verd\u00e4chtig macht. Genau das passierte jetzt einem frisch ernannten \u201eVerr\u00e4ter\u201c schon kurz nach seiner geheimen Mission &#8230;<\/p>\n<p data-32581ace=\"0-2737\"><b>ACHTUNG, SPOILER! Wenn Sie nicht wissen m\u00f6chten, was in der ersten Folge von \u201eDie Verr\u00e4ter\u201c passiert, sollten Sie ab hier nicht weiterlesen.<\/b><\/p>\n<p><img decoding=\"async\" width=\"992\" height=\"558\" alt=\"Psst, das sind meine neuen Kandidaten! Moderatorin Sonja Zietlow (58, vorne, 3.v.r.) pr\u00e4sentiert auf diesem Gruppenfoto ihre neuen \u201eVerr\u00e4ter\u201c-Promis (hinten v.l.): Max Kruse (38), Gabriel Kelly (24),  Marcel Nguyen (38),  Ralph Morgenstern (69),  Alexa Maria Surholt (58), Papis Loveday (49), Hardy Kr\u00fcger Jr. (58),  Philipp Fleiter (40), Urs Meier (67), Nina und Julia Meise (beide 41) und  Joelina Drews (30) sowie (vorne v.l.) Ann-Kathrin Bendixen (26, \u201eAffe auf Bike\u201c), Ania Niedieck (42),  Peyman Amin (55), Cathy Hummels (37),   Tine Wittler (53) und Marijke Amado (72)\" loading=\"lazy\" src=\"https:\/\/www.europesays.com\/de\/wp-content\/uploads\/2026\/08\/6c0218b3375ccee7a3ef3ba489ef3cdf,98ecb598.jpeg\"   class=\"landscape\"\/><\/p>\n<p class=\"fig__caption__text\">Zietlow (vorne, 3.v.r.) pr\u00e4sentiert ihre neuen \u201eVerr\u00e4ter\u201c-Promis (hinten v.l.): Max Kruse (38), Gabriel Kelly (24), Marcel Nguyen (38), Ralph Morgenstern (69), Alexa Maria Surholt (58), Papis Loveday (49), Hardy Kr\u00fcger Jr. (58), Philipp Fleiter (40), Urs Meier (67), Nina und Julia Meise (beide 41) und Joelina Drews (30) sowie (vorne v.l.) Ann-Kathrin Bendixen (26, \u201eAffe auf Bike\u201c), Ania Niedieck (42), Peyman Amin (55), Cathy Hummels (37), Tine Wittler (53) und Marijke Amado (72)<\/p>\n<p>Foto: picture alliance\/Stefan Gregorowius<\/p>\n<p>Diese drei Promis werden bei RTL zu \u201eVerr\u00e4tern\u201c<\/p>\n<p data-32581ace=\"0-2737\">Zu den \u201eVerr\u00e4tern\u201c der Staffel ernennt Sonja Zietlow Marijke Amado (72), Ralph Morgenstern (69) und Ex-Nationalspieler Max Kruse (38). Doch ausgerechnet Kruse stellt sich in seiner neuen Geheimrolle nicht gerade geschickt an. Bereits in einem der ersten Gespr\u00e4che spricht er \u00fcber die \u201eVerr\u00e4ter\u201c und sagt pl\u00f6tzlich: \u201eWir haben das auch \u00fcberlegt.\u201c Ein kleines Wort mit gro\u00dfer Wirkung. Denn das \u201eWir\u201c deutet darauf hin, dass Kruse selbst zu der geheimen Verr\u00e4ter-Gruppe geh\u00f6rt. Eigentlich ein Detail, das er um jeden Preis f\u00fcr sich behalten sollte. Ups!<\/p>\n<p><img decoding=\"async\" width=\"992\" height=\"1178\" alt=\"Neuer Verr\u00e4ter bei RTL: Ex-Nationalkicker Max Kruse\" loading=\"lazy\" src=\"https:\/\/www.europesays.com\/de\/wp-content\/uploads\/2026\/08\/9f4ddde1f0b97ac7743a5a4759479d74,dfa05a3b.jpeg\"   class=\"portrait\"\/><\/p>\n<p class=\"fig__caption__text\">Neuer Verr\u00e4ter bei RTL: Ex-Nationalkicker Max Kruse<\/p>\n<p>Foto: picture alliance\/Stefan Gregorowius<\/p>\n<p><img decoding=\"async\" width=\"992\" height=\"1178\" alt=\"Neuer Verr\u00e4terin bei RTL: TV-Moderatorin Marijke Amado\" loading=\"lazy\" src=\"https:\/\/www.europesays.com\/de\/wp-content\/uploads\/2026\/08\/b788f1ed49c6aee428db59475ede2e5d,678ddc06.jpeg\"   class=\"portrait\"\/><\/p>\n<p class=\"fig__caption__text\">Neue Verr\u00e4terin bei RTL: TV-Moderatorin Marijke Amado<\/p>\n<p>Foto: picture alliance\/Stefan Gregorowius<\/p>\n<p><img decoding=\"async\" width=\"992\" height=\"1178\" alt=\"Neuer Verr\u00e4terin bei RTL: TV-Moderator Ralph Morgenstern\" loading=\"lazy\" src=\"https:\/\/www.europesays.com\/de\/wp-content\/uploads\/2026\/08\/76c93db9d9aa1c061866560a38ea5256,354947fd.jpeg\"   class=\"portrait\"\/><\/p>\n<p class=\"fig__caption__text\">Neuer Verr\u00e4ter bei RTL: TV-Moderator Ralph Morgenstern<\/p>\n<p>Foto: picture alliance\/Stefan Gregorowius<\/p>\n<p>Mehr zum Thema<\/p>\n<p data-32581ace=\"0-2737\">Kurios: Den meisten anderen Kandidaten f\u00e4llt das Ganze kaum auf. Nur Schauspielerin Ania Niedieck (42, \u201eAlles was z\u00e4hlt\u201c) wird stutzig. Sie beschuldigt ihn gegen\u00fcber den anderen Kandidaten (\u201eDer Max hat sich da verplappert\u201c), will ihn herausw\u00e4hlen lassen\u00a0\u2013 und schaufelt sich so ihr eigenes Grab. Denn Max Kruse dreht den Spie\u00df einfach um und beschuldigt stattdessen Niedieck, ihm nur etwas B\u00f6ses zu unterstellen: \u201eIch habe etwas anderes gemeint.\u201c Und der teuflische Plan geht auf. Niedieck wird mit sieben Stimmen ausgew\u00e4hlt, Kruse (vier Stimmen) darf bleiben. Gl\u00fcck gehabt!<\/p>\n<p><img decoding=\"async\" width=\"992\" height=\"1178\" alt=\"Ania Niedick durchschaute Max Kruse und klagte ihn an \u2013 was sie aber selbst aus der Show katapultierte\" loading=\"lazy\" src=\"https:\/\/www.europesays.com\/de\/wp-content\/uploads\/2026\/08\/9d9e48c9bc90a0154dfeb8c77873dda2,e942fae6.jpeg\"   class=\"portrait\"\/><\/p>\n<p class=\"fig__caption__text\">Ania Niedieck durchschaute Max Kruse und klagte ihn an \u2013 was sie aber selbst aus der Show katapultierte<\/p>\n<p>Foto: picture alliance\/Stefan Gregorowius<\/p>\n<p>Warum Marijke Amado gerne mal betr\u00fcgen m\u00f6chte<\/p>\n<p data-32581ace=\"0-2737\">Amado und Morgenstern machen es cleverer. Sie hat noch keinen der anderen Kandidaten als \u201eb\u00f6sen Gegenspieler\u201c auf dem Schirm. Ausgerechnet die <a href=\"https:\/\/www.bild.de\/unterhaltung\/stars-und-leute\/marijke-amado-ueber-die-mini-playback-show-als-die-falten-kamen-hiess-es-verschwinde-6926da17a7ffaf1fe5c741f8\" class=\"text-link\" rel=\"nofollow noopener\" target=\"_blank\">\u201eMini Playback Show\u201c-Ikone<\/a> intrigiert aber mit Wonne \u2013 und erkl\u00e4rt auch, warum: \u201eBetrug ist mir nicht fremd, aber bisher war ich immer das Opfer. Das m\u00f6chte ich gerne \u00e4ndern.\u201c Eine Spitze gegen ihren Ex Kees van den Herik, der sich nach einer schmerzhaften Langzeitbeziehung mit Amado als Heiratsschwindler entlarvte. \u00dcbrigens: Bei der K\u00fcr der neuen \u201eVerr\u00e4ter\u201c gab es in diesem Jahr auch ein Novum. Zun\u00e4chst wurden nur Kruse und Amado in der \u00fcblichen Zeremonie bestimmt. Ralph Morgenstern erhielt sp\u00e4ter einen Anruf, wurde also quasi als \u201eVerr\u00e4ter\u201c nachnominiert. \u201eDas gab es bei uns noch nie\u201c, verriet Zietlow ihm sp\u00e4ter.<\/p>\n","protected":false},"excerpt":{"rendered":"TTS-Player \u00fcberspringen\u21b5Artikel weiterlesen Jemeppe-sur-Sambre (Belgien) \u2013 Heute startet bei RTL+ die 4. Staffel von \u201eDie Verr\u00e4ter \u2013 Vertraue&hellip;\n","protected":false},"author":2,"featured_media":1212563,"comment_status":"","ping_status":"","sticky":false,"template":"","format":"standard","meta":{"footnotes":"","_share_on_mastodon":"0"},"categories":[155],"tags":[29,30760,933,214,30,12015,640,138370,215,35497],"class_list":["post-1212562","post","type-post","status-publish","format-standard","has-post-thumbnail","category-unterhaltung","tag-deutschland","tag-die-verraeter","tag-dschungelcamp","tag-entertainment","tag-germany","tag-reality-show","tag-rtl","tag-team-first","tag-unterhaltung","tag-zietlow-sonja"],"share_on_mastodon":{"url":"https:\/\/pubeurope.com\/@de\/117031893515111230","error":""},"_links":{"self":[{"href":"https:\/\/www.europesays.com\/de\/wp-json\/wp\/v2\/posts\/1212562","targetHints":{"allow":["GET"]}}],"collection":[{"href":"https:\/\/www.europesays.com\/de\/wp-json\/wp\/v2\/posts"}],"about":[{"href":"https:\/\/www.europesays.com\/de\/wp-json\/wp\/v2\/types\/post"}],"author":[{"embeddable":true,"href":"https:\/\/www.europesays.com\/de\/wp-json\/wp\/v2\/users\/2"}],"replies":[{"embeddable":true,"href":"https:\/\/www.europesays.com\/de\/wp-json\/wp\/v2\/comments?post=1212562"}],"version-history":[{"count":0,"href":"https:\/\/www.europesays.com\/de\/wp-json\/wp\/v2\/posts\/1212562\/revisions"}],"wp:featuredmedia":[{"embeddable":true,"href":"https:\/\/www.europesays.com\/de\/wp-json\/wp\/v2\/media\/1212563"}],"wp:attachment":[{"href":"https:\/\/www.europesays.com\/de\/wp-json\/wp\/v2\/media?parent=1212562"}],"wp:term":[{"taxonomy":"category","embeddable":true,"href":"https:\/\/www.europesays.com\/de\/wp-json\/wp\/v2\/categories?post=1212562"},{"taxonomy":"post_tag","embeddable":true,"href":"https:\/\/www.europesays.com\/de\/wp-json\/wp\/v2\/tags?post=1212562"}],"curies":[{"name":"wp","href":"https:\/\/api.w.org\/{rel}","templated":true}]}}