{"id":1212588,"date":"2026-08-03T14:03:24","date_gmt":"2026-08-03T14:03:24","guid":{"rendered":"https:\/\/www.europesays.com\/de\/1212588\/"},"modified":"2026-08-03T14:03:24","modified_gmt":"2026-08-03T14:03:24","slug":"buergermeister-tauschen-sich-bei-jaehrlicher-wiesenbegehung-ueber-aktuelle-herausforderungen-aus","status":"publish","type":"post","link":"https:\/\/www.europesays.com\/de\/1212588\/","title":{"rendered":"B\u00fcrgermeister tauschen sich bei j\u00e4hrlicher Wiesenbegehung \u00fcber aktuelle Herausforderungen aus"},"content":{"rendered":"<p><img loading=\"lazy\" decoding=\"async\" src=\"https:\/\/www.europesays.com\/de\/wp-content\/uploads\/2026\/08\/Wiesenbegehung-1.jpg\" alt=\"Wiesenbegehung\" width=\"500\" height=\"317\" class=\"alignnone size-full wp-image-648313\"\/>Br\u00fchl\/Rhein-Neckar-Kreis\/Metropolregion Rhein-Neckar. Die Schwetzinger Wiesen standen bei der traditionellen Wiesenbegehung der B\u00fcrgermeisterin und B\u00fcrgermeister der Nachbarkommunen im Mittelpunkt, zu der B\u00fcrgermeister Dr. Ralf G\u00f6ck seine Kollegin und Kollegen aus den Anliegergemeinden Schwetzingen und Edingen-Neckarhausen eingeladen hatte. Gemeinsam nahmen Lisa Schl\u00fcter, Florian K\u00f6nig und Dr. Ralf G\u00f6ck die aktuelle Situation in den Blick. Nat\u00fcrlich interessierte auch die ungew\u00f6hnliche Niedrigwasser-Situation am Rhein. An dem Vor-Ort-Termin nahmen au\u00dferdem Uwe Baumann von Verm\u00f6gen und Bau Baden-W\u00fcrttemberg, gr\u00f6\u00dfter Grundbesitzer vor Ort, der Ortsbaumeister der Gemeinde Edingen-Neckarhausen Dominik Eberle, der Haupt- und Ordnungsamtsleiter der Gemeinde Br\u00fchl, Jochen Ungerer, sowie die Umweltberaterin der Gemeinde Br\u00fchl, Elena Ziesling, teil. Im Rahmen einer Vorbesprechung im Br\u00fchler Rathaus wurden zun\u00e4chst die derzeit wichtigsten Themen rund um die Schwetzinger Wiesen er\u00f6rtert. Im Mittelpunkt standen die Bek\u00e4mpfung der Nutrias und Bisams am Leimbach, die geplante Freilegung der R\u00fccklaufgr\u00e4ben auf den Schwetzinger Wiesen in Richtung Rhein sowie die Auswirkungen des anhaltenden Niedrigwassers und der aktuellen Hitzewelle.<\/p>\n<p>Anschlie\u00dfend begab sich die Delegation nach Rohrhof auf den Sommerdamm. Dort wurden die abgeschlossenen Reparaturarbeiten an der Schlie\u00dfe und am Sommerdamm besichtigt. Vor Ort verschafften sich die Teilnehmer zudem einen Eindruck vom Zustand der teilweise stark zugewachsenen Abflussgr\u00e4ben. Nach einer Machbarkeitsstudie des Landes ist ein Nebeneinander von Landwirtschaft und Naturschutz m\u00f6glich. Nach einem entsprechenden Naturschutz-Gutachten wird eine Vereinbarung aller Beteiligter angestrebt, die immer weiter zuwachsenden Abflussgr\u00e4ben freizulegen und den Wasserabfluss zu erm\u00f6glichen. Bei hochsommerlichen Temperaturen f\u00fchrte die Exkursion anschlie\u00dfend noch zum Anleger der Kollerf\u00e4hre am Rhein. Dort machten sich die Teilnehmer ein Bild von den Auswirkungen des derzeitigen Niedrigwassers. Einigkeit bestand dar\u00fcber, dass sich extreme Wetterlagen wie langanhaltende Hitzeperioden und Niedrigwasser infolge des Klimawandels k\u00fcnftig voraussichtlich h\u00e4ufiger einstellen werden und die Kommunen vor neue Herausforderungen stellen. Bei der abschlie\u00dfenden Besprechung bei einem kleinen Mittagessen in der Ratsstube vereinbarten sie, den bew\u00e4hrten fachlichen Austausch auch im kommenden Jahr fortzusetzen und sich 2027 erneut zur gemeinsamen Wiesenbegehung zu treffen.<img loading=\"lazy\" decoding=\"async\" src=\"https:\/\/www.europesays.com\/de\/wp-content\/uploads\/2026\/08\/Wiesenbegeheung-2.jpg\" alt=\"Wiesenbegeheung\" width=\"500\" height=\"600\" class=\"alignnone size-full wp-image-648315\"  \/><\/p>\n<p>Quelle<br \/>B\u00fcrgermeisteramt Br\u00fchl <\/p>\n<p class=\"post-modified-info\">Zuletzt aktualisiert am 3. August 2026, 15:22<\/p>\n","protected":false},"excerpt":{"rendered":"Br\u00fchl\/Rhein-Neckar-Kreis\/Metropolregion Rhein-Neckar. Die Schwetzinger Wiesen standen bei der traditionellen Wiesenbegehung der B\u00fcrgermeisterin und B\u00fcrgermeister der Nachbarkommunen im Mittelpunkt,&hellip;\n","protected":false},"author":2,"featured_media":1212589,"comment_status":"","ping_status":"","sticky":false,"template":"","format":"standard","meta":{"footnotes":"","_share_on_mastodon":"0"},"categories":[1845],"tags":[5587,1634,4194,8389,252369,3364,29,252370,156071,548,663,3934,11867,252371,30,13,252372,1236,7739,4615,2096,25488,25489,14,953,14480,15,2218,5206,28951,67084,252373,12,17315,7115,4201,37864],"class_list":["post-1212588","post","type-post","status-publish","format-standard","has-post-thumbnail","category-mannheim","tag-baden","tag-baden-wuerttemberg","tag-bruehl","tag-buergermeister","tag-buergermeister-dr-ralf-goeck","tag-de","tag-deutschland","tag-dr-ralf-goeck","tag-edingen-neckarhausen","tag-eu","tag-europa","tag-europe","tag-gemeinde","tag-gemeinde-bruehl","tag-germany","tag-headlines","tag-jochen-ungerer","tag-kommunen","tag-kreis","tag-landwirtschaft","tag-mannheim","tag-metropolregion","tag-metropolregion-rhein-neckar","tag-nachrichten","tag-naturschutz","tag-neckar","tag-news","tag-rathaus","tag-rhein","tag-rhein-neckar","tag-rhein-neckar-kreis","tag-rohrhof","tag-schlagzeilen","tag-schwetzingen","tag-teilnehmer","tag-treffen","tag-vereinbarung"],"share_on_mastodon":{"url":"","error":"Validation failed: Text character limit of 500 exceeded"},"_links":{"self":[{"href":"https:\/\/www.europesays.com\/de\/wp-json\/wp\/v2\/posts\/1212588","targetHints":{"allow":["GET"]}}],"collection":[{"href":"https:\/\/www.europesays.com\/de\/wp-json\/wp\/v2\/posts"}],"about":[{"href":"https:\/\/www.europesays.com\/de\/wp-json\/wp\/v2\/types\/post"}],"author":[{"embeddable":true,"href":"https:\/\/www.europesays.com\/de\/wp-json\/wp\/v2\/users\/2"}],"replies":[{"embeddable":true,"href":"https:\/\/www.europesays.com\/de\/wp-json\/wp\/v2\/comments?post=1212588"}],"version-history":[{"count":0,"href":"https:\/\/www.europesays.com\/de\/wp-json\/wp\/v2\/posts\/1212588\/revisions"}],"wp:featuredmedia":[{"embeddable":true,"href":"https:\/\/www.europesays.com\/de\/wp-json\/wp\/v2\/media\/1212589"}],"wp:attachment":[{"href":"https:\/\/www.europesays.com\/de\/wp-json\/wp\/v2\/media?parent=1212588"}],"wp:term":[{"taxonomy":"category","embeddable":true,"href":"https:\/\/www.europesays.com\/de\/wp-json\/wp\/v2\/categories?post=1212588"},{"taxonomy":"post_tag","embeddable":true,"href":"https:\/\/www.europesays.com\/de\/wp-json\/wp\/v2\/tags?post=1212588"}],"curies":[{"name":"wp","href":"https:\/\/api.w.org\/{rel}","templated":true}]}}