{"id":1212669,"date":"2026-08-03T14:56:16","date_gmt":"2026-08-03T14:56:16","guid":{"rendered":"https:\/\/www.europesays.com\/de\/1212669\/"},"modified":"2026-08-03T14:56:16","modified_gmt":"2026-08-03T14:56:16","slug":"kriminell-glamouroeser-auftakt-rtl-feiert-die-4-staffel-von-die-verraeter","status":"publish","type":"post","link":"https:\/\/www.europesays.com\/de\/1212669\/","title":{"rendered":"Kriminell glamour\u00f6ser Auftakt \/ RTL feiert die 4. Staffel von &#8222;Die Verr\u00e4ter &#8211; &#8230;"},"content":{"rendered":"<p class=\"date\">03.08.2026 \u2013 16:45<\/p>\n<p class=\"customer\">\n                        <a class=\"story-customer\" title=\"weiter zum newsroom von RTL Television GmbH\" href=\"https:\/\/www.presseportal.de\/nr\/7847\" rel=\"nofollow noopener\" target=\"_blank\">RTL Television GmbH<\/a>\n                    <\/p>\n<p><a data-category=\"citylink-story-view\" data-action=\"click\" data-label=\"Citylink in Meldungsansicht\" class=\"story-city event-trigger\" href=\"https:\/\/www.presseportal.de\/regional\/K%F6ln\" title=\"News aus K\u00f6ln \" rel=\"nofollow noopener\" target=\"_blank\">K\u00f6ln<\/a> (ots)<\/p>\n<p>Gro\u00dfer Auftritt f\u00fcr Deutschlands spannendstes Krimispiel: Mit einer exklusiven Kino-Premiere im K\u00f6lner Cinenova feierte RTL am heutigen Montag den Start der 4. Staffel von &#8222;Die Verr\u00e4ter &#8211; Vertraue Niemandem!&#8220;. Gemeinsam mit Moderatorin Sonja Zietlow, dem prominenten Cast, ehemaligen &#8222;Die Verr\u00e4ter&#8220;-Stars sowie Medienvertretern wurde die erste Folge auf der gro\u00dfen Leinwand pr\u00e4sentiert &#8211; ein glamour\u00f6ser Auftakt voller Spannung, \u00dcberraschungen und prominenter G\u00e4ste.<\/p>\n<p>+ + + Bildmaterial von der Premiere <b> <a target=\"_blank\" class=\"uri-ext outbound\" rel=\"noopener nofollow\" href=\"https:\/\/media.rtl.com\/bildproduktion\/Kriminell-glamouroeser-Auftakt\/\">hier downloaden<\/a><\/b>. + + +<\/p>\n<p>\u00dcber den roten Teppich liefen unter anderem Sonja Zietlow, Marijke Amado, Max Kruse, Cathy Hummels, Urs Meier, Peyman Amin, Marcel Nguyen, Gabriel Kelly, Papis Loveday, Ania Niedieck, Philipp Fleiter, Ann-Kathrin Bendixen, Joelina Drews, Alexa Maria Surholt sowie Julia und Nina Meise. Auch Publikumslieblinge aus den vergangenen Staffeln, wie Charlotte Engelhardt und Marie Reim, lie\u00dfen sich das Wiedersehen im &#8222;Verr\u00e4ter&#8220;-Kosmos nicht entgehen und machten den Nachmittag zu einem echten Klassentreffen.<\/p>\n<p>Im Kinosaal f\u00fchrte RTL-Moderatorin Stephanie Brungs durch das Programm und sprach mit Sonja Zietlow \u00fcber den au\u00dfergew\u00f6hnlichen Cast und die Frage, ob die Loyalen nach drei Verr\u00e4ter-Siegen endlich das Blatt wenden k\u00f6nnen. Anschlie\u00dfend erlebten die G\u00e4ste die erste Folge gemeinsam auf der gro\u00dfen Leinwand &#8211; und die sorgte vom ersten Moment an f\u00fcr reichlich Gespr\u00e4chsstoff.<\/p>\n<p>Gleich zum Auftakt fallen die ersten Masken: Marijke Amado und Max Kruse werden als Verr\u00e4ter auserw\u00e4hlt und beginnen ihr gef\u00e4hrliches Doppelspiel. Doch damit ist die Riege der Verr\u00e4ter noch l\u00e4ngst nicht komplett. Die 4. Staffel \u00fcberrascht mit einem spektakul\u00e4ren neuen Kniff: Erstmals wird vor den Augen aller Spieler ein weiterer Verr\u00e4ter durch einen geheimnisvollen Telefonanruf bestimmt, doch niemand wei\u00df, wen der geheimnisvolle Anruf erreicht hat. F\u00fcr einen Spieler beginnt damit von einer Sekunde auf die andere ein riskantes Spiel voller T\u00e4uschung und Geheimnisse.<\/p>\n<p>Auch dar\u00fcber hinaus wartet die neue Staffel mit einigen Premieren auf: Zum ersten Mal k\u00e4mpfen 18 statt 16 Prominente um den Sieg. F\u00fcr zus\u00e4tzliche Verwirrung sorgen erstmals Zwillinge im Spiel: Julia und Nina Meise. Au\u00dferdem kehrt mit Tine Wittler ein bekanntes TV-Gesicht zur\u00fcck auf den Bildschirm.<\/p>\n<p>&#8222;Die Verr\u00e4ter &#8211; Vertraue Niemandem!&#8220; startet am 17. August bei RTL und wird zum zweiw\u00f6chigen Krimi-Event im Free TV: In acht Folgen, montags bis donnerstags um 20:15 Uhr, wird gelogen, verd\u00e4chtigt und taktiert. Auf RTL+ hat das R\u00e4tselraten bereits heute begonnen &#8211; mit neuen Folgen jede Woche immer montags und mittwochs.<\/p>\n<p class=\"contact-headline\">Pressekontakt:<\/p>\n<p class=\"contact-text\">RTL Television GmbH<br \/>Ein Unternehmen von RTL Deutschland<br \/><a href=\"https:\/\/www.presseportal.de\/pm\/7847\/mailto:kommunikation@rtl.de\" class=\"uri-mailto\" rel=\"nofollow noopener\" target=\"_blank\">kommunikation@rtl.de<\/a><\/p>\n<p class=\"originator\">Original-Content von: RTL Television GmbH, \u00fcbermittelt durch news aktuell<\/p>\n","protected":false},"excerpt":{"rendered":"03.08.2026 \u2013 16:45 RTL Television GmbH K\u00f6ln (ots) Gro\u00dfer Auftritt f\u00fcr Deutschlands spannendstes Krimispiel: Mit einer exklusiven Kino-Premiere&hellip;\n","protected":false},"author":2,"featured_media":1184682,"comment_status":"","ping_status":"","sticky":false,"template":"","format":"standard","meta":{"footnotes":"","_share_on_mastodon":"0"},"categories":[1828],"tags":[1801,29,441,42105,30,95,1420,62,1209,178,180,179,181,1806,3882,1897,6406,215],"class_list":["post-1212669","post","type-post","status-publish","format-standard","has-post-thumbnail","category-koeln","tag-celebrities","tag-deutschland","tag-fernsehen","tag-fernsehproduktion","tag-germany","tag-kino","tag-koeln","tag-medien","tag-nordrhein-westfalen","tag-presse","tag-pressemeldung","tag-pressemitteilung","tag-pressemitteilungen","tag-serie","tag-show","tag-streaming","tag-tv-ausblick","tag-unterhaltung"],"share_on_mastodon":{"url":"https:\/\/pubeurope.com\/@de\/117032162979847385","error":""},"_links":{"self":[{"href":"https:\/\/www.europesays.com\/de\/wp-json\/wp\/v2\/posts\/1212669","targetHints":{"allow":["GET"]}}],"collection":[{"href":"https:\/\/www.europesays.com\/de\/wp-json\/wp\/v2\/posts"}],"about":[{"href":"https:\/\/www.europesays.com\/de\/wp-json\/wp\/v2\/types\/post"}],"author":[{"embeddable":true,"href":"https:\/\/www.europesays.com\/de\/wp-json\/wp\/v2\/users\/2"}],"replies":[{"embeddable":true,"href":"https:\/\/www.europesays.com\/de\/wp-json\/wp\/v2\/comments?post=1212669"}],"version-history":[{"count":0,"href":"https:\/\/www.europesays.com\/de\/wp-json\/wp\/v2\/posts\/1212669\/revisions"}],"wp:featuredmedia":[{"embeddable":true,"href":"https:\/\/www.europesays.com\/de\/wp-json\/wp\/v2\/media\/1184682"}],"wp:attachment":[{"href":"https:\/\/www.europesays.com\/de\/wp-json\/wp\/v2\/media?parent=1212669"}],"wp:term":[{"taxonomy":"category","embeddable":true,"href":"https:\/\/www.europesays.com\/de\/wp-json\/wp\/v2\/categories?post=1212669"},{"taxonomy":"post_tag","embeddable":true,"href":"https:\/\/www.europesays.com\/de\/wp-json\/wp\/v2\/tags?post=1212669"}],"curies":[{"name":"wp","href":"https:\/\/api.w.org\/{rel}","templated":true}]}}