{"id":1212672,"date":"2026-08-03T14:58:16","date_gmt":"2026-08-03T14:58:16","guid":{"rendered":"https:\/\/www.europesays.com\/de\/1212672\/"},"modified":"2026-08-03T14:58:16","modified_gmt":"2026-08-03T14:58:16","slug":"duerre-macht-keine-sommerferien-kritik-an-muenchens-ob","status":"publish","type":"post","link":"https:\/\/www.europesays.com\/de\/1212672\/","title":{"rendered":"&#8222;D\u00fcrre macht keine Sommerferien&#8220;: Kritik an M\u00fcnchens OB"},"content":{"rendered":"<p>Hat Oberb\u00fcrgermeister <a href=\"https:\/\/www.abendzeitung-muenchen.de\/person\/dominik-krause\/\" rel=\"nofollow noopener\" target=\"_blank\">Dominik Krause<\/a> (Gr\u00fcne) voreilig gehandelt, als er am vergangenen Donnerstag (30. Juli) verk\u00fcndete, dass die M\u00fcnchner Wassersparma\u00dfnahmen (oder die Allgemeinverf\u00fcgung zur Wassernutzung, wie sie auf Beh\u00f6rdendeutsch hie\u00df) nun nicht mehr n\u00f6tig seien?<\/p>\n<p>Zwei Wochen lang durften unter anderem G\u00e4rten tags\u00fcber nicht gegossen, private Pools nicht bef\u00fcllt und Autos nicht zu Hause gewaschen werden. Schon vorher hatte die Stadt zehn Zierbrunnen abgeschaltet, unter anderem den Fischbrunnen am <a href=\"https:\/\/www.abendzeitung-muenchen.de\/thema\/marienplatz\/\" rel=\"nofollow noopener\" target=\"_blank\">Marienplatz<\/a>. Per 1. August lie\u00df die Stadt die Sparma\u00dfnahmen auslaufen.<\/p>\n<p>        An dieser Stelle finden Sie einen externen Inhalt (Instagram). Sie k\u00f6nnen sich Inhalte dieses Anbieters mit einem Klick anzeigen lassen und wieder ausblenden.<\/p>\n<p>\n        Anzeigen\n        <\/p>\n<p>\n        Externe Inhalte ausblenden\n        <\/p>\n<p>\n        Anzeige f\u00fcr den Anbieter Instagram \u00fcber den Consent-Anbieter verweigert\n    <\/p>\n<p>Voreilig findet das zumindest die Fraktion \u00d6DP\/B\u00fcndnis Kultur\/M\u00fcnchen-Liste im Stadtrat. Sie fordert jetzt in einem Antrag, dass die Wasser-Verbote wieder eingef\u00fchrt werden \u2013 und kritisiert vor allem die Begr\u00fcndung der Stadt, dass die Spargebote nicht weiter gelten.<\/p>\n<p>&#8222;Mit dem Beginn der Sommerferien und der Reisezeit sinkt erfahrungsgem\u00e4\u00df der Wasserverbrauch in M\u00fcnchen&#8220;, sagte OB Krause zur Begr\u00fcndung, die Allgemeinverf\u00fcgung auslaufen zu lassen. Es bleibe aber dennoch wichtig, sparsam mit dem Trinkwasser umzugehen.<\/p>\n<p>     <img decoding=\"async\" loading=\"lazy\" src=\"https:\/\/www.europesays.com\/de\/wp-content\/uploads\/2026\/08\/1722851_tobias-ruff_artikelbild-75proz_1Gs77__m64LaO.jpg\" alt=\"\u00d6DP-Fraktionschef Tobias Ruff kritisiert, dass die Stadt die Wassersparma\u00dfnahmen nicht weiterf\u00fchrt.\" title=\"\u00d6DP-Fraktionschef Tobias Ruff kritisiert, dass die Stadt die Wassersparma\u00dfnahmen nicht weiterf\u00fchrt.\" width=\"609\" height=\"914\"\/><\/p>\n<p>      \u00d6DP-Fraktionschef Tobias Ruff kritisiert, dass die Stadt die Wassersparma\u00dfnahmen nicht weiterf\u00fchrt.<br \/>\n      \u00a9 \u00d6DP<\/p>\n<p>    \u00d6DP-Fraktionschef Tobias Ruff kritisiert, dass die Stadt die Wassersparma\u00dfnahmen nicht weiterf\u00fchrt.<\/p>\n<p>von \u00d6DP <\/p>\n<p>&#8222;}&#8220;&gt; <\/p>\n<p>&#8222;Die D\u00fcrre macht keine Sommerferien&#8220;, entgegnet dem nun Fraktionschef Tobias Ruff (\u00d6DP). &#8222;Nur weil in M\u00fcnchen vor\u00fcbergehend etwas weniger Wasser verbraucht wird, sind unsere Grundwasserspeicher noch lange nicht wieder gef\u00fcllt&#8220;, sagt er.<\/p>\n<p>&#8222;D\u00fcrre macht keine Sommerferien&#8220;<\/p>\n<p>Besonders dramatisch zeige sich die <a href=\"https:\/\/www.abendzeitung-muenchen.de\/muenchen\/sengende-hitze-kein-regen-hunderte-fische-verenden-in-muenchen-art-1147716\" target=\"_blank\" rel=\"noopener nofollow\" title=\"Sengende Hitze, kein Regen: Hunderte Fische verenden in M\u00fcnchen\">Lage am H\u00fcllgraben<\/a>, so die \u00d6DP. Das &#8222;massive Fischsterben&#8220; mache deutlich, dass die nat\u00fcrlichen Gew\u00e4sser unter dem Wassermangel leiden.<\/p>\n<p>    <a href=\"https:\/\/www.abendzeitung-muenchen.de\/muenchen\/wassermangel-in-muenchen-haben-die-ersten-verbote-wirklich-geholfen-art-1147994\" data-mrf-recirculation=\"Artikel-Link\" rel=\"nofollow noopener\" target=\"_blank\"><img decoding=\"async\" loading=\"lazy\" src=\"https:\/\/www.europesays.com\/de\/wp-content\/uploads\/2026\/08\/1721154_wassersparen-in-muenchen_mehrzumthema_1GqNyk_bEIJoO.jpg\" alt=\"Der Fischbrunnen auf dem Marienplatz ist einer von zehn st\u00e4dtischen Brunnen, die aktuell au\u00dfer Betrieb sind, um Wasser zu sparen.\" title=\"Der Fischbrunnen auf dem Marienplatz ist einer von zehn st\u00e4dtischen Brunnen, die aktuell au\u00dfer Betrieb sind, um Wasser zu sparen.\" width=\"696\" height=\"390\"\/><\/a><\/p>\n<p>        <a href=\"https:\/\/www.abendzeitung-muenchen.de\/muenchen\/wassermangel-in-muenchen-haben-die-ersten-verbote-wirklich-geholfen-art-1147994\" data-mrf-recirculation=\"Artikel-Link\" rel=\"nofollow noopener\" target=\"_blank\">Wassermangel in M\u00fcnchen: Haben die ersten Verbote wirklich geholfen?        <\/a><\/p>\n<p>                X<\/p>\n<p>Sie haben den Artikel der Merkliste hinzugef\u00fcgt. <\/p>\n<p>                <a href=\"https:\/\/www.abendzeitung-muenchen.de\/meine-az\/merkliste\/\" title=\"Zur Merkliste\" rel=\"nofollow noopener\" target=\"_blank\"><br \/>\n                zur Merkliste<br \/>\n                <\/a>  <\/p>\n<p>&#8222;Das Fischsterben im H\u00fcllgraben\u00a0zeigt auf erschreckende Weise, dass der Wassermangel l\u00e4ngst in unseren \u00d6kosystemen angekommen ist&#8220;, so Ruff. &#8222;Wenn B\u00e4che austrocknen und Tiere ihre Lebensgrundlage verlieren, k\u00f6nnen wir nicht einfach zur Tagesordnung \u00fcbergehen&#8220;, findet er.<\/p>\n<p>\u00d6DP will sogar sch\u00e4rfere Ma\u00dfnahmen<\/p>\n<p>Seine Fraktion fordert darum in ihrem Antrag im Stadtrat darum sogar, dass die Ma\u00dfnahmen noch versch\u00e4rft werden.<\/p>\n<p>Die bisherige Allgemeinverf\u00fcgung verbot das Gie\u00dfen privater G\u00e4rten zwischen 9 Uhr und 19 Uhr tags\u00fcber. Die \u00d6DP fordert, dass private G\u00e4rten grunds\u00e4tzlich nur mit einer Gie\u00dfkanne oder per Schlauch mit Handventil oder Tr\u00f6pfchenbew\u00e4sserung gegossen werden d\u00fcrfen.<\/p>\n<p>Und: Innerhalb von 24 Stunden nach oder vor angek\u00fcndigtem &#8222;ergiebigem Niederschlag&#8220; soll ein generelles Gie\u00dfverbot mit Trinkwasser gelten.<\/p>\n<p>    <a href=\"https:\/\/www.abendzeitung-muenchen.de\/muenchen\/viele-brunnen-bleiben-trocken-muenchner-stadtspaziergaenger-begibt-sich-auf-wassersuche-art-1148625\" data-mrf-recirculation=\"Artikel-Link\" rel=\"nofollow noopener\" target=\"_blank\"><img decoding=\"async\" loading=\"lazy\" src=\"https:\/\/www.europesays.com\/de\/wp-content\/uploads\/2026\/08\/1722385_brunnen-28-7-26-foto-sigi-mueller_mehrzumthema_1GrMSc_1rFQJd.jpg\" alt=\"L\u00e4uft noch: der Wittelsbacherbrunnen am Lenbachplatz.\" title=\"L\u00e4uft noch: der Wittelsbacherbrunnen am Lenbachplatz.\" width=\"696\" height=\"390\"\/><\/a><\/p>\n<p>        <a href=\"https:\/\/www.abendzeitung-muenchen.de\/muenchen\/viele-brunnen-bleiben-trocken-muenchner-stadtspaziergaenger-begibt-sich-auf-wassersuche-art-1148625\" data-mrf-recirculation=\"Artikel-Link\" rel=\"nofollow noopener\" target=\"_blank\">Viele Brunnen bleiben trocken: M\u00fcnchner Stadtspazierg\u00e4nger begibt sich auf &#8230;        <\/a><\/p>\n<p>                X<\/p>\n<p>Sie haben den Artikel der Merkliste hinzugef\u00fcgt. <\/p>\n<p>                <a href=\"https:\/\/www.abendzeitung-muenchen.de\/meine-az\/merkliste\/\" title=\"Zur Merkliste\" rel=\"nofollow noopener\" target=\"_blank\"><br \/>\n                zur Merkliste<br \/>\n                <\/a>  <\/p>\n<p>Die f\u00fcrs Trinkwasser in M\u00fcnchen verantwortlichen Stadtwerke (<a href=\"https:\/\/www.abendzeitung-muenchen.de\/organisation\/stadtwerke-muenchen\/\" rel=\"nofollow noopener\" target=\"_blank\">SWM<\/a>) betonen, dass die Ma\u00dfnahmen der letzten Wochen zur Stabilisierung der Wasserversorgung beigetragen haben. Es sei aber &#8222;weiterhin Ma\u00dfhalten erforderlich&#8220;, so SWM-Chef Florian Bieberbach vergangene Woche.<\/p>\n<p>Die Stadt und die Stadtwerke wollen gemeinsam die Entwicklung der Wasserversorgung weiter beobachten. Man pr\u00fcfe weitere Ma\u00dfnahmen, wenn sich die Lage erneut versch\u00e4rfen sollte.<\/p>\n","protected":false},"excerpt":{"rendered":"Hat Oberb\u00fcrgermeister Dominik Krause (Gr\u00fcne) voreilig gehandelt, als er am vergangenen Donnerstag (30. Juli) verk\u00fcndete, dass die M\u00fcnchner&hellip;\n","protected":false},"author":2,"featured_media":1212673,"comment_status":"","ping_status":"","sticky":false,"template":"","format":"standard","meta":{"footnotes":"","_share_on_mastodon":"0"},"categories":[1827],"tags":[5312,772,29,2177,30,252385,36684,2013,1268,3748,26708,6397,6423,4106,235620],"class_list":["post-1212672","post","type-post","status-publish","format-standard","has-post-thumbnail","category-muenchen","tag-allgemeinverfuegung","tag-bayern","tag-deutschland","tag-dominik-krause","tag-germany","tag-giessverbot","tag-grundwasser","tag-gruene","tag-muenchen","tag-oberbuergermeister","tag-oedp","tag-stadtwerke","tag-trinkwasser","tag-wasser","tag-wassersparen"],"share_on_mastodon":{"url":"https:\/\/pubeurope.com\/@de\/117032172934000734","error":""},"_links":{"self":[{"href":"https:\/\/www.europesays.com\/de\/wp-json\/wp\/v2\/posts\/1212672","targetHints":{"allow":["GET"]}}],"collection":[{"href":"https:\/\/www.europesays.com\/de\/wp-json\/wp\/v2\/posts"}],"about":[{"href":"https:\/\/www.europesays.com\/de\/wp-json\/wp\/v2\/types\/post"}],"author":[{"embeddable":true,"href":"https:\/\/www.europesays.com\/de\/wp-json\/wp\/v2\/users\/2"}],"replies":[{"embeddable":true,"href":"https:\/\/www.europesays.com\/de\/wp-json\/wp\/v2\/comments?post=1212672"}],"version-history":[{"count":0,"href":"https:\/\/www.europesays.com\/de\/wp-json\/wp\/v2\/posts\/1212672\/revisions"}],"wp:featuredmedia":[{"embeddable":true,"href":"https:\/\/www.europesays.com\/de\/wp-json\/wp\/v2\/media\/1212673"}],"wp:attachment":[{"href":"https:\/\/www.europesays.com\/de\/wp-json\/wp\/v2\/media?parent=1212672"}],"wp:term":[{"taxonomy":"category","embeddable":true,"href":"https:\/\/www.europesays.com\/de\/wp-json\/wp\/v2\/categories?post=1212672"},{"taxonomy":"post_tag","embeddable":true,"href":"https:\/\/www.europesays.com\/de\/wp-json\/wp\/v2\/tags?post=1212672"}],"curies":[{"name":"wp","href":"https:\/\/api.w.org\/{rel}","templated":true}]}}