{"id":1212851,"date":"2026-08-03T16:42:18","date_gmt":"2026-08-03T16:42:18","guid":{"rendered":"https:\/\/www.europesays.com\/de\/1212851\/"},"modified":"2026-08-03T16:42:18","modified_gmt":"2026-08-03T16:42:18","slug":"oliver-baumann-packt-ueber-telefonat-mit-nagelsmann-nach-der-wm-aus-sport","status":"publish","type":"post","link":"https:\/\/www.europesays.com\/de\/1212851\/","title":{"rendered":"Oliver Baumann packt \u00fcber Telefonat mit Nagelsmann nach der WM aus | Sport"},"content":{"rendered":"<p><a class=\"skip-content skip-content--link\" href=\"#in-content-skip-link-target-v-0-0\">TTS-Player \u00fcberspringen\u21b5<\/a><a id=\"in-content-skip-link-target-v-0-0\" class=\"skip-content--target-link-hidden skip-content skip-content--target-link\" href=\"#in-content-skip-link-target-v-0-0\">Artikel weiterlesen<\/a><\/p>\n<p data-21134c99=\"0-2585\">Seefeld (\u00d6sterreich) &#8211; <b>Jetzt kommt ein brisantes Gespr\u00e4ch ans Licht! DFB-Torwart <\/b><a href=\"https:\/\/www.bild.de\/sport\/fussball\/wm-2026-nagelsmann-erklaertden-torwart-knall-ein-schlag-fuer-olli-6a0ee63c3b7096456ac7e565\" class=\"text-link\" rel=\"nofollow noopener\" target=\"_blank\"><b>Oliver Baumann (36) wurde kurz vor der Weltmeisterschaft von Ex-Bundestrainer Julian Nagelsmann (39) degradiert<\/b><\/a><b>, stattdessen stand Bayern-Keeper Manuel Neuer (40) im Tor. Jetzt hat Baumann im TSG-Trainingslager in Seefeld (\u00d6sterreich) verraten, dass es im Anschluss an die WM ein kl\u00e4rendes Gespr\u00e4ch zwischen ihm und dem ehemaligen Bundestrainer gab!<\/b><\/p>\n<p data-21134c99=\"0-2585\">Baumann verr\u00e4t: \u201eWir haben eine knappe Stunde telefoniert, und das, was mir wichtig war, habe ich ihm gesagt. Das war alles gar nicht emotional, auch nicht von oben herab oder besserwisserisch, sondern wir haben einfach ganz sauber \u00fcber verschiedene Sachen gesprochen.\u201c Baumanns Fazit: \u201eEs tat ihm schon leid, wie am Ende alles gelaufen ist.\u201c<\/p>\n<p>Mehr zum Thema<\/p>\n<p data-21134c99=\"0-2585\">Doch wie kam es \u00fcberhaupt zu dieser Aussprache und wie ging Baumann abseits des Platzes mit der bitteren Entt\u00e4uschung um? Der Keeper gibt einen ehrlichen Einblick in sein Gef\u00fchlsleben nach der Degradierung: \u201eIch habe das viel mit mir selbst ausgemacht und nat\u00fcrlich zu Hause mit meiner Frau. Dazu kommen nat\u00fcrlich immer wieder Freunde und Bekannte, die Bescheid wissen wollten und das Thema so immer wieder hervorgerufen haben. Aber das war nicht schlimm. Mit Julian hatte ich zeitnah nach der <a href=\"https:\/\/www.bild.de\/sport\/fussball\/fifa-wm-2026-QNToDBgFYEJ5vy2KN6mE\" class=\"text-link\" rel=\"nofollow noopener\" target=\"_blank\">WM<\/a> kurz SMS-Kontakt, und dann haben wir abgemacht, dass wir mal telefonieren.\u201c<\/p>\n<p data-21134c99=\"0-2585\">Trotz des Schocks kurz vor dem Turnier hat der 36-J\u00e4hrige die harte Entscheidung extrem professionell weggesteckt: \u201eEs ist verarbeitet und auch verdaut. Das haben mir die Jungs hier und alle anderen auch einfach gemacht, aber es war phasenweise nicht einfach und hat Energie gekostet. Ich habe es aber sehr gut geschafft \u2013 auch weil ich es wollte \u2013, der Mannschaft und den Jungs viel Energie zu geben. Ich finde schon, dass ich von meiner Seite aus den Grundstein so gelegt habe, dass dem Erfolg eigentlich nichts im Wege stand.\u201c<\/p>\n<p>Die neue \u00c4ra unter J\u00fcrgen Klopp<\/p>\n<p data-21134c99=\"0-2585\"><a href=\"https:\/\/www.bild.de\/sport\/fussball\/juergen-klopp-als-bundestrainer-seine-botschaft-ich-mache-es-fuer-euch-6a63317675bf9495cb6ada41\" class=\"text-link\" rel=\"nofollow noopener\" target=\"_blank\">Die Nationalmannschaft startet nun mit J\u00fcrgen Klopp (59) als neuem Bundestrainer<\/a> in eine v\u00f6llig neue \u00c4ra. Wie sieht Baumann seine Chancen unter dem Star-Coach? Er schickt ein klares Signal der Vorfreude: \u201eIch freue mich auf alles, was in der Zukunft kommt, und freue mich auf neue Aufgaben. Wir haben bisher noch keinen Kontakt gehabt, aber f\u00fcr mich pers\u00f6nlich \u00e4ndert sich nichts. Ich bin da, freue mich, wenn er sich meldet, und freue mich auf das, was kommt.\u201c<\/p>\n<p data-21134c99=\"0-2585\">F\u00fcr die kommende EM ist Baumann optimistisch: \u201eWir haben extrem viel Talent und extrem viel Qualit\u00e4t im Land. Wir haben einen Top-Trainer, es wird sich zeigen, wie sich die Mannschaft findet.\u201c<\/p>\n","protected":false},"excerpt":{"rendered":"TTS-Player \u00fcberspringen\u21b5Artikel weiterlesen Seefeld (\u00d6sterreich) &#8211; Jetzt kommt ein brisantes Gespr\u00e4ch ans Licht! DFB-Torwart Oliver Baumann (36) wurde&hellip;\n","protected":false},"author":2,"featured_media":1212852,"comment_status":"","ping_status":"","sticky":false,"template":"","format":"standard","meta":{"footnotes":"","_share_on_mastodon":"0"},"categories":[136],"tags":[1263,106109,1260,29,481,38029,30,7645,24705,5134,265,469,1576,1261],"class_list":["post-1212851","post","type-post","status-publish","format-standard","has-post-thumbnail","category-sport","tag-aufmacher-bereich","tag-baumann-oliver","tag-deutsche-nationalmannschaft","tag-deutschland","tag-dfb","tag-fussball-wm-2026","tag-germany","tag-klopp-juergen","tag-nagelsmann-julian","tag-quad-teaser","tag-sport","tag-sport-leuchtturm-zentral","tag-super-a-teaser","tag-toralarm-top-news"],"share_on_mastodon":{"url":"https:\/\/pubeurope.com\/@de\/117032579804456190","error":""},"_links":{"self":[{"href":"https:\/\/www.europesays.com\/de\/wp-json\/wp\/v2\/posts\/1212851","targetHints":{"allow":["GET"]}}],"collection":[{"href":"https:\/\/www.europesays.com\/de\/wp-json\/wp\/v2\/posts"}],"about":[{"href":"https:\/\/www.europesays.com\/de\/wp-json\/wp\/v2\/types\/post"}],"author":[{"embeddable":true,"href":"https:\/\/www.europesays.com\/de\/wp-json\/wp\/v2\/users\/2"}],"replies":[{"embeddable":true,"href":"https:\/\/www.europesays.com\/de\/wp-json\/wp\/v2\/comments?post=1212851"}],"version-history":[{"count":0,"href":"https:\/\/www.europesays.com\/de\/wp-json\/wp\/v2\/posts\/1212851\/revisions"}],"wp:featuredmedia":[{"embeddable":true,"href":"https:\/\/www.europesays.com\/de\/wp-json\/wp\/v2\/media\/1212852"}],"wp:attachment":[{"href":"https:\/\/www.europesays.com\/de\/wp-json\/wp\/v2\/media?parent=1212851"}],"wp:term":[{"taxonomy":"category","embeddable":true,"href":"https:\/\/www.europesays.com\/de\/wp-json\/wp\/v2\/categories?post=1212851"},{"taxonomy":"post_tag","embeddable":true,"href":"https:\/\/www.europesays.com\/de\/wp-json\/wp\/v2\/tags?post=1212851"}],"curies":[{"name":"wp","href":"https:\/\/api.w.org\/{rel}","templated":true}]}}