{"id":1212861,"date":"2026-08-03T16:47:15","date_gmt":"2026-08-03T16:47:15","guid":{"rendered":"https:\/\/www.europesays.com\/de\/1212861\/"},"modified":"2026-08-03T16:47:15","modified_gmt":"2026-08-03T16:47:15","slug":"obersulm-14-jaehrige-wegen-versuchten-mordes-in-u-haft-regional","status":"publish","type":"post","link":"https:\/\/www.europesays.com\/de\/1212861\/","title":{"rendered":"Obersulm: 14-J\u00e4hrige wegen versuchten Mordes in U-Haft | Regional"},"content":{"rendered":"<p><a class=\"skip-content skip-content--link\" href=\"#in-content-skip-link-target-v-0-0\">TTS-Player \u00fcberspringen\u21b5<\/a><a id=\"in-content-skip-link-target-v-0-0\" class=\"skip-content--target-link-hidden skip-content skip-content--target-link\" href=\"#in-content-skip-link-target-v-0-0\">Artikel weiterlesen<\/a><\/p>\n<p>Obersulm (Baden-W\u00fcrttemberg) \u2013 <b>Blutige Messer-Attacke am Bahnhof einer schw\u00e4bischen Gemeinde. Die Tatverd\u00e4chtige ist gerade einmal 14 Jahre alt und sitzt jetzt wegen versuchten Mordes in U-Haft.<\/b><\/p>\n<p>Der Vorfall ereignete sich bereits am 23. Juli 2026 gegen 13.35 Uhr im 14.000-Einwohner-Ort Obersulm (<a href=\"https:\/\/www.bild.de\/regional\/baden-wuerttemberg\/home-aK1F2gtJlD2xs4m3tWkn\" class=\"text-link\" rel=\"nofollow noopener\" target=\"_blank\">Baden-W\u00fcrttemberg)<\/a>. Eine Sprecherin der <a href=\"https:\/\/www.bild.de\/regional\/aktuelles\/polizei\/polizeieinsatz-alle-infos-76681760.bild.html\" class=\"text-link\" rel=\"nofollow noopener\" target=\"_blank\">Polizei<\/a>: \u201eDer 14-J\u00e4hrigen wird vorgeworfen, eine ihr bis dato unbekannte 16-J\u00e4hrige auf einen Feldweg am Rand des Ortsteils Willsbach gelockt und dann zun\u00e4chst unter Vorhalt eines Messers die Herausgabe des Mobiltelefons des Opfers gefordert zu haben.\u201c<\/p>\n<p>Opfer erleidet mehrere Schnittverletzungen<\/p>\n<p>Die 16-J\u00e4hrige soll dem j\u00fcngeren M\u00e4dchen ihr Handy ausgeh\u00e4ndigt haben. Doch dann soll die 14-J\u00e4hrige mit dem Messer auf ihr Opfer losgegangen sein. Laut Polizei erlitt die 16-J\u00e4hrige bei dem Angriff mehrere Schnittverletzungen. Die Polizeisprecherin: \u201eErst das Eintreffen aufmerksamer Zeugen beendete die Tat. Die eingreifenden Erwachsenen trennten die M\u00e4dchen voneinander und alarmierten die Polizei.\u201c<\/p>\n<p>Mehr zum Thema<\/p>\n<p>Zun\u00e4chst blieb die mutma\u00dfliche Angreiferin auf freiem Fu\u00df. Doch die Kripo ermittelte weiter \u2013 und fand Hinweise auf ein versuchtes T\u00f6tungsdelikt. Das <a href=\"https:\/\/www.bild.de\/themen\/organisationen\/gerichte\/news-fotos-videos-17024270.bild.html\" class=\"text-link\" rel=\"nofollow noopener\" target=\"_blank\">Amtsgericht<\/a> Heilbronn erlie\u00df am 29. Juli einen Haftbefehl, die 14-j\u00e4hrige Teenagerin wurde festgenommen. Die Jugendliche sitzt jetzt in U-Haft in einem Frauengef\u00e4ngnis. Mareike Hafend\u00f6rfer, Sprecherin der Heilbronner Staatsanwaltschaft: \u201eDie Beschuldigte hat sich beim Haftrichter zu den Vorw\u00fcrfen eingelassen. Zum Inhalt dieser Einlassung, der Gegenstand der Ermittlungen ist, geben wir derzeit keine Auskunft. Wir ermitteln wegen des Verdachts des schweren Raubs in Tateinheit mit versuchtem <a href=\"https:\/\/www.bild.de\/themen\/ereignisse\/mord\/nachrichten-news-fotos-videos-21394242.bild.html\" class=\"text-link\" rel=\"nofollow noopener\" target=\"_blank\">Mord<\/a> und gef\u00e4hrlicher K\u00f6rperverletzung.\u201c<\/p>\n","protected":false},"excerpt":{"rendered":"TTS-Player \u00fcberspringen\u21b5Artikel weiterlesen Obersulm (Baden-W\u00fcrttemberg) \u2013 Blutige Messer-Attacke am Bahnhof einer schw\u00e4bischen Gemeinde. Die Tatverd\u00e4chtige ist gerade einmal&hellip;\n","protected":false},"author":2,"featured_media":1212862,"comment_status":"","ping_status":"","sticky":false,"template":"","format":"standard","meta":{"footnotes":"","_share_on_mastodon":"0"},"categories":[2],"tags":[225124,1634,29,30,13,18401,4579,252410,4577,1981,5514,2290,17930,14,15,121,12,1997,138370,10,8,9,11,4853],"class_list":["post-1212861","post","type-post","status-publish","format-standard","has-post-thumbnail","category-deutschland","tag-amtsgericht-heilbronn","tag-baden-wuerttemberg","tag-deutschland","tag-germany","tag-headlines","tag-heilbronn","tag-jugendlicher","tag-jva-schwaebisch-gmuend","tag-kriminalpolizei","tag-messer","tag-messerstecherei","tag-mordkommission","tag-mordversuch","tag-nachrichten","tag-news","tag-polizei","tag-schlagzeilen","tag-staatsanwaltschaft","tag-team-first","tag-top-news","tag-top-meldungen","tag-topmeldungen","tag-topnews","tag-untersuchungshaft"],"share_on_mastodon":{"url":"https:\/\/pubeurope.com\/@de\/117032599127418914","error":""},"_links":{"self":[{"href":"https:\/\/www.europesays.com\/de\/wp-json\/wp\/v2\/posts\/1212861","targetHints":{"allow":["GET"]}}],"collection":[{"href":"https:\/\/www.europesays.com\/de\/wp-json\/wp\/v2\/posts"}],"about":[{"href":"https:\/\/www.europesays.com\/de\/wp-json\/wp\/v2\/types\/post"}],"author":[{"embeddable":true,"href":"https:\/\/www.europesays.com\/de\/wp-json\/wp\/v2\/users\/2"}],"replies":[{"embeddable":true,"href":"https:\/\/www.europesays.com\/de\/wp-json\/wp\/v2\/comments?post=1212861"}],"version-history":[{"count":0,"href":"https:\/\/www.europesays.com\/de\/wp-json\/wp\/v2\/posts\/1212861\/revisions"}],"wp:featuredmedia":[{"embeddable":true,"href":"https:\/\/www.europesays.com\/de\/wp-json\/wp\/v2\/media\/1212862"}],"wp:attachment":[{"href":"https:\/\/www.europesays.com\/de\/wp-json\/wp\/v2\/media?parent=1212861"}],"wp:term":[{"taxonomy":"category","embeddable":true,"href":"https:\/\/www.europesays.com\/de\/wp-json\/wp\/v2\/categories?post=1212861"},{"taxonomy":"post_tag","embeddable":true,"href":"https:\/\/www.europesays.com\/de\/wp-json\/wp\/v2\/tags?post=1212861"}],"curies":[{"name":"wp","href":"https:\/\/api.w.org\/{rel}","templated":true}]}}