{"id":1212883,"date":"2026-08-03T17:01:14","date_gmt":"2026-08-03T17:01:14","guid":{"rendered":"https:\/\/www.europesays.com\/de\/1212883\/"},"modified":"2026-08-03T17:01:14","modified_gmt":"2026-08-03T17:01:14","slug":"gefahr-durch-baum-strasse-nicht-mehr-gesperrt-maximiliansau","status":"publish","type":"post","link":"https:\/\/www.europesays.com\/de\/1212883\/","title":{"rendered":"Gefahr durch Baum: Stra\u00dfe nicht mehr gesperrt &#8211; Maximiliansau"},"content":{"rendered":"<p><b\/> [Aktualisierung 3. August 18.30 Uhr] Ein Baum drohte in der Stra\u00dfe Im R\u00fcsten im W\u00f6rther Stadtteil  <a class=\"rtr-entity\" data-rtr-entity=\"Maximiliansau\" data-rtr-id=\"8de774a49689c19fea1a090da5cfe95bbdaaa010\" data-rtr-score=\"23.02173913043478\" data-rtr-etype=\"location\" data-rtr-index=\"2\" href=\"https:\/\/www.rheinpfalz.de\/themen\/maximiliansau\" rel=\"nofollow noopener\" target=\"_blank\">Maximiliansau<\/a> umzust\u00fcrzen.  Deshalb musste die Stra\u00dfe auf  H\u00f6he der K\u00f6nigsberger Stra\u00dfe 1 ab vergangenem Mittwochmittag bis auf Weiteres f\u00fcr den Fahrzeug- und Fu\u00dfg\u00e4ngerverkehr voll gesperrt werden. Das teilte die Stadt <a class=\"rtr-entity\" data-rtr-entity=\"W\u00f6rth\" data-rtr-id=\"c68b4afdf45a0ab361d35b4a6813e0800f76b867\" data-rtr-score=\"6.065217391304348\" data-rtr-etype=\"location\" data-rtr-index=\"4\" href=\"https:\/\/www.rheinpfalz.de\/themen\/woerth-am-rhein\" rel=\"nofollow noopener\" target=\"_blank\">W\u00f6rth<\/a> mit. Am Montag kam Entwarnung von der Verwaltung: Die Gefahr durch den Baum wurde beseitigt, die Sperrung wurde aufgehoben. <\/p>\n","protected":false},"excerpt":{"rendered":"[Aktualisierung 3. August 18.30 Uhr] Ein Baum drohte in der Stra\u00dfe Im R\u00fcsten im W\u00f6rther Stadtteil Maximiliansau umzust\u00fcrzen.&hellip;\n","protected":false},"author":2,"featured_media":1212884,"comment_status":"","ping_status":"","sticky":false,"template":"","format":"standard","meta":{"footnotes":"","_share_on_mastodon":"0"},"categories":[1844],"tags":[1634,3364,29,30,8903,142646,4060,27216,26148],"class_list":["post-1212883","post","type-post","status-publish","format-standard","has-post-thumbnail","category-karlsruhe","tag-baden-wuerttemberg","tag-de","tag-deutschland","tag-germany","tag-karlsruhe","tag-koenigsberger-strasse","tag-lokal","tag-maximiliansau","tag-woerth"],"share_on_mastodon":{"url":"https:\/\/pubeurope.com\/@de\/117032654513664780","error":""},"_links":{"self":[{"href":"https:\/\/www.europesays.com\/de\/wp-json\/wp\/v2\/posts\/1212883","targetHints":{"allow":["GET"]}}],"collection":[{"href":"https:\/\/www.europesays.com\/de\/wp-json\/wp\/v2\/posts"}],"about":[{"href":"https:\/\/www.europesays.com\/de\/wp-json\/wp\/v2\/types\/post"}],"author":[{"embeddable":true,"href":"https:\/\/www.europesays.com\/de\/wp-json\/wp\/v2\/users\/2"}],"replies":[{"embeddable":true,"href":"https:\/\/www.europesays.com\/de\/wp-json\/wp\/v2\/comments?post=1212883"}],"version-history":[{"count":0,"href":"https:\/\/www.europesays.com\/de\/wp-json\/wp\/v2\/posts\/1212883\/revisions"}],"wp:featuredmedia":[{"embeddable":true,"href":"https:\/\/www.europesays.com\/de\/wp-json\/wp\/v2\/media\/1212884"}],"wp:attachment":[{"href":"https:\/\/www.europesays.com\/de\/wp-json\/wp\/v2\/media?parent=1212883"}],"wp:term":[{"taxonomy":"category","embeddable":true,"href":"https:\/\/www.europesays.com\/de\/wp-json\/wp\/v2\/categories?post=1212883"},{"taxonomy":"post_tag","embeddable":true,"href":"https:\/\/www.europesays.com\/de\/wp-json\/wp\/v2\/tags?post=1212883"}],"curies":[{"name":"wp","href":"https:\/\/api.w.org\/{rel}","templated":true}]}}