{"id":1212923,"date":"2026-08-03T17:26:20","date_gmt":"2026-08-03T17:26:20","guid":{"rendered":"https:\/\/www.europesays.com\/de\/1212923\/"},"modified":"2026-08-03T17:26:20","modified_gmt":"2026-08-03T17:26:20","slug":"schlossnaechte-oberhausen-das-sommer-open-air-event","status":"publish","type":"post","link":"https:\/\/www.europesays.com\/de\/1212923\/","title":{"rendered":"Schlossn\u00e4chte Oberhausen \u2013 Das Sommer-Open-Air Event"},"content":{"rendered":"<p class=\"wp-block-paragraph\" id=\"h-\"><strong>Theater, Kabarett und Live-H\u00f6rspiel unter freiem Himmel \u2013 darauf d\u00fcrfen sich Besucherinnen und Besucher bei den Oberhausener Schlossn\u00e4chten freuen. Von Ende Juli bis Anfang August 2026 verwandelt sich der Schlosshof in einen Treffpunkt f\u00fcr Kulturinteressierte und Open-Air-Fans. Besucherinnen und Besucher k\u00f6nnen sich auf acht abwechslungsreiche Vorstellungen freuen.<\/strong><\/p>\n<p><img loading=\"lazy\" decoding=\"async\" width=\"640\" height=\"539\" src=\"data:image\/svg+xml,%3Csvg%20xmlns=\" http:=\"\" alt=\"Bei den Oberhausener Schlossn\u00e4chten k\u00f6nnen sich Besucherinnen und Besucher auf Theater und Kabarett unter freien Himmel freuen. Foto: Uwe Muth\/Sensitive\" class=\"wp-image-69007\" data-lazy-src=\"https:\/\/www.europesays.com\/de\/wp-content\/uploads\/2026\/08\/Oberhausen-Schlossnaechte-Bild-1.jpg\"\/>Sascha von Zambelly, Susanne von Zambelly und Grimme Preistr\u00e4ger Michael M\u00fcller bei den Oberhausener Schlossn\u00e4chten. Foto: Uwe Muth\/Sensitive Colours <\/p>\n<p class=\"wp-block-paragraph\"><strong>[ruhr-guide]<\/strong> Bereits zum vierten Mal finden die Oberhausener Schlossn\u00e4chte statt. Auf dem Programm stehen unter anderem das Live-H\u00f6rspiel \u201eAchtsam Morden\u201c, eine moderne Neuinterpretation von \u201eK\u00f6nig \u00d6dipus\u201c, sowie ein vielfach ausgezeichnetes Kabarettprogramm \u201eDie orangene Gefahr \u2013 Die Holl\u00e4nder kommen\u201c von Patrick Nederkoorn.<\/p>\n<p>Sommerabende voller Kultur<\/p>\n<p class=\"wp-block-paragraph\">Auch in diesem Jahr verwandelt sich der Innenhof von <a href=\"https:\/\/www.ruhr-guide.de\/kultur\/kultur-im-ruhrgebiet\/museen-im-revier\/schloss-oberhausen\/\" rel=\"nofollow noopener\" target=\"_blank\">Schloss Oberhausen<\/a> wieder in eine stimmungsvolle Kulturb\u00fchne. Unter freiem Himmel erwartet die Besucherinnen und Besucher ein abwechslungsreiches Programm, das von Theater \u00fcber Live-H\u00f6rspiel bis hin zu Kabarett reicht. Die historische Schlosskulisse sorgt dabei f\u00fcr eine besondere Atmosph\u00e4re und macht jeden Veranstaltungsabend zu einem besonderen Erlebnis. Vorstellungsbeginn ist immer um 19:30 Uhr und Einlass ab 18:30 Uhr.<\/p>\n<p class=\"wp-block-paragraph\">Organisiert werden die Schlossn\u00e4chte von der Schwimmhilfe Oberhausen e. V. und von der Eventagentur Sensitive Colours. Veranstalter Uwe Muth von Sensitive Colours, betont: \u201eWir machen den Schlosshof wieder zum Anziehungspunkt f\u00fcr alle, die Spa\u00df an Open-Air-Theater und -Kabarett haben. Seit 2021, also bereits im sechsten Jahr, pr\u00e4sentieren wir Ihnen die Schlossn\u00e4chte Oberhausen, vormals Burgfestspiele Burg Vondern, mit gro\u00dfem Enthusiasmus. Unser Ziel ist es, Ihnen vielf\u00e4ltige, spannende und unterhaltsame K\u00fcnstlerinnen und K\u00fcnstler aus der Region und ganz Deutschland vorzustellen und die Kulturlandschaft im Ruhrgebiet zu bereichern.\u201c<\/p>\n<p>Auftakt mit \u201eAchtsam morden\u201c<\/p>\n<p class=\"wp-block-paragraph\">Den Auftakt der Schlossn\u00e4chte macht am <strong>30. Juli<\/strong> das Live-H\u00f6rspiel <strong>\u201eAchtsam morden\u201c<\/strong> nach dem gleichnamigen Bestseller von Karsten Dusse. Bereits im vergangenen Jahr begeisterte das Schlossensemble mit der Inszenierung das Publikum. Aufgrund der gro\u00dfen Nachfrage kehrt das Erfolgsst\u00fcck nun zur\u00fcck auf den Schlosshof und wird au\u00dferdem am <strong>1. und 2. August<\/strong> aufgef\u00fchrt.<\/p>\n<p class=\"wp-block-paragraph\">Der Roman beginnt mit einem Satz, der sofort neugierig macht: \u201eEins vorweg, ich bin kein gewaltt\u00e4tiger Mensch. Ganz im Gegenteil. Ich habe mich zum Beispiel in meinem ganzen Leben noch nie gepr\u00fcgelt. Und den ersten Menschen habe ich auch erst mit zweiundvierzig Jahren umgebracht.\u201c<\/p>\n<p class=\"wp-block-paragraph\">Was folgt, ist ein rasantes und schwarzhumoriges Kriminalst\u00fcck voller \u00fcberraschender Wendungen, und jeder Menge Wortwitz auf das sich das Publikum freuen kann.<\/p>\n<p>K\u00f6nig \u00d6dipus \u2013 neu inszeniert<\/p>\n<p class=\"wp-block-paragraph\">Ein weiteres Highlight ist die Vorf\u00fchrung der Trag\u00f6die K\u00f6nig \u00d6dipus nach Sophokles. Die Inszenierung von Bodo Wartke, Sven Sch\u00fctze, Carmen Kalisch ist kurzweilig, frech und am\u00fcsant und ein wahres Feuerwerk an Sprachwitz und Unterhaltung. Den meisten d\u00fcrfte Bodo Wartke sp\u00e4testens seit seinem viralen Zungenbrecher-Rap <strong>\u201eBarbaras Rhabarberbar\u201c<\/strong> ein Begriff sein. Seine B\u00fchnenfassung erz\u00e4hlt die Geschichte des \u00d6dipus vollst\u00e4ndig in modernen Reimen und kommt mit nur wenigen Requisiten sowie kabarettistischen Liedern aus. So wird die klassische Geschichte von K\u00f6nig \u00d6dipus, der unwissend seinen eigenen Vater t\u00f6tet, auf unterhaltsame und zugleich zeitgem\u00e4\u00dfe Weise neu interpretiert. Die Auff\u00fchrung ist eine Kooperation zwischen dem <strong>GRENDTheater Essen<\/strong> und den Schlossn\u00e4chten Oberhausen. Auf der B\u00fchne \u00fcbernehmen die Schauspieler <strong>Thos Renneberg<\/strong> und <strong>Thorsten Strunk<\/strong> insgesamt 14 verschiedene Rollen und sorgen mit ihren rasanten Rollenwechseln f\u00fcr eine abwechslungsreiche Vorstellung. Die Auff\u00fchrung dauert rund <strong>90 Minuten inklusive Pause<\/strong>. Wer sich vorab einen Eindruck schaffen m\u00f6chte, kann sich den Trailer zum St\u00fcck anschauen, unter: <a href=\"https:\/\/grend.de\/theater-freudenhaus-konig-odipus\/\" rel=\"nofollow noopener\" target=\"_blank\">https:\/\/grend.de\/theater-freudenhaus-konig-odipus\/<\/a>.<\/p>\n<p>Die orangene Gefahr\u2013 Die Holl\u00e4nder kommen<\/p>\n<p class=\"wp-block-paragraph\">Was passiert, wenn durch den Anstieg des Meeresspiegels 17 Millionen orangefarbene Klimafl\u00fcchtlinge mit ihren Wohnwagen auf der linken Spur nach Deutschland rollen? Sind die Deutschen dann bereit, die so geliebten Holl\u00e4nder aufzunehmen? Die orangene Gefahr \u2013 Die Holl\u00e4nder kommen , so hei\u00dft das erste deutschsprachige Programm de Niederl\u00e4nders Kabarettisten Patrick Nederkoorn. Das Programm feiert seine Premiere im Haus der Springmaus in Bonn. Der Kabarettist setzt sich in seinem Programm auf eine am\u00fcsante und bitterb\u00f6se Art der beiden Nationen und dem Thema \u201eMigration im Klimawandel\u201c auseinander. Das Programm wurde ausgezeichnet f\u00fcr den Obernburger M\u00fchlstein, den Komiker Jackpot, den Silbernen Reinheimer Satirel\u00f6we und den Zweiten Preis der Tuttlinger Kr\u00e4he. Und nominiert f\u00fcr den Grand Prix Pantheon. Patrick Nederkoorn tritt am 6. August auf. Einen Trailer zum Programm gibt es auf: <a href=\"https:\/\/www.youtube.com\/watch?v=yqCRjVO3Xmw&amp;t=16s\" rel=\"nofollow noopener\" target=\"_blank\">https:\/\/www.youtube.com\/watch?v=yqCRjVO3Xmw&amp;t=16s<\/a>.<\/p>\n<p><img loading=\"lazy\" decoding=\"async\" width=\"1024\" height=\"768\" src=\"data:image\/svg+xml,%3Csvg%20xmlns=\" http:=\"\" alt=\"Der niederl\u00e4ndische Kabarettist Patrick Nederkoorn tritt mit seinem ersten deutschsprachigen Programm auf. Foto: Nico Brons\" class=\"wp-image-69005\" data-lazy- data-lazy- data-lazy-src=\"https:\/\/www.europesays.com\/de\/wp-content\/uploads\/2026\/08\/Schlossnaechte-Oberhausen-Bild-2-1024x768.jpg\"\/>Patrick Nederkoorn tritt mit seinem Programm Die orangene Gefahr \u2013\u00a0Die Holl\u00e4nder kommen\u201c am 6. August auf. Foto: Nico Brons<\/p>\n<p class=\"wp-block-paragraph\">Neben diesen Veranstaltungen gibt es noch weitere. Hier einmal das ganze Programm im \u00dcberblick:<\/p>\n<p class=\"wp-block-paragraph\">30. Juli 2026: Achtsam Morden \u2013 das Live-H\u00f6rspiel<\/p>\n<p class=\"wp-block-paragraph\">31. Juli 2026: K\u00f6nig \u00d6dipus \u2013 Grendtheater Essen<\/p>\n<p class=\"wp-block-paragraph\">1. August 2026: Achtsam Morden \u2013 das Live-H\u00f6rspiel<\/p>\n<p class=\"wp-block-paragraph\">2. August 2026: Achtsam Morden \u2013 das Live-H\u00f6rspiel<\/p>\n<p class=\"wp-block-paragraph\">6. August 2026: Patrik Nederkoorn \u2013 Kabarett<\/p>\n<p class=\"wp-block-paragraph\">7. August 2026: Nito Torres \u2013 N\u00fctzt ja nix \u2013 Kabarett<\/p>\n<p class=\"wp-block-paragraph\">8. August 2026: Schillers s\u00e4mtliche Werke \u2013 leicht gek\u00fcrzt<\/p>\n<p class=\"wp-block-paragraph\">9. August 2026: Schillers s\u00e4mtliche Werke \u2013 leicht gek\u00fcrzt<\/p>\n<p class=\"wp-block-paragraph\">Zum Ende der Schlossn\u00e4chte findet au\u00dferdem noch das \u201eDinner in Wei\u00df\u201c im Schlosshof statt. G\u00e4ste bringen alles mit, vom Tisch und Stuhl \u00fcber Dekoration bis hin zu Essen und Getr\u00e4nken. Die einzige Bedingung ist, dass G\u00e4ste wei\u00dfe Kleidung tragen und nat\u00fcrlich gute Laune mitbringen.<\/p>\n<p>Schlossn\u00e4chte Oberhausen 2026<\/p>\n<p class=\"wp-block-paragraph\">30. Juli bis 9. August 2026<\/p>\n<p class=\"wp-block-paragraph\">Schloss Oberhausen<\/p>\n<p class=\"wp-block-paragraph\">Konrad-Adenauer-Allee 46<\/p>\n<p class=\"wp-block-paragraph\">46047 Oberhausen<\/p>\n<p class=\"wp-block-paragraph\">Tickets:<\/p>\n<p class=\"wp-block-paragraph\">Vorverkauf: 25 Euro unter <a href=\"https:\/\/www.ebertbad.de\/\" rel=\"nofollow noopener\" target=\"_blank\">https:\/\/www.ebertbad.de\/<\/a> oder telefonisch unter 0208 81 06 570.<\/p>\n<p class=\"wp-block-paragraph\">Abendkasse: 28 Euro<\/p>\n<p class=\"wp-block-paragraph\">Weitere Informationen finden Sie auf der Veranstaltungswebsite:<\/p>\n<p class=\"wp-block-paragraph\"><a href=\"https:\/\/www.xn--oberhausener-schlossnchte-5ec.de\" rel=\"nofollow noopener\" target=\"_blank\">https:\/\/www.xn--oberhausener-schlossnchte-5ec.de<\/a><\/p>\n<p class=\"wp-block-paragraph\">Foto 1: Uwe Muth\/Sensitive Colours<\/p>\n<p class=\"wp-block-paragraph\">Foto 2: Nico Brons<\/p>\n","protected":false},"excerpt":{"rendered":"Theater, Kabarett und Live-H\u00f6rspiel unter freiem Himmel \u2013 darauf d\u00fcrfen sich Besucherinnen und Besucher bei den Oberhausener Schlossn\u00e4chten&hellip;\n","protected":false},"author":2,"featured_media":1212924,"comment_status":"","ping_status":"","sticky":false,"template":"","format":"standard","meta":{"footnotes":"","_share_on_mastodon":"0"},"categories":[1838],"tags":[3364,29,3715,30,16860,1209,3728,252424,78064,94],"class_list":["post-1212923","post","type-post","status-publish","format-standard","has-post-thumbnail","category-duisburg","tag-de","tag-deutschland","tag-duisburg","tag-germany","tag-kabarett","tag-nordrhein-westfalen","tag-oberhausen","tag-schlossnaechte","tag-startseite","tag-theater"],"share_on_mastodon":{"url":"https:\/\/pubeurope.com\/@de\/117032752714068951","error":""},"_links":{"self":[{"href":"https:\/\/www.europesays.com\/de\/wp-json\/wp\/v2\/posts\/1212923","targetHints":{"allow":["GET"]}}],"collection":[{"href":"https:\/\/www.europesays.com\/de\/wp-json\/wp\/v2\/posts"}],"about":[{"href":"https:\/\/www.europesays.com\/de\/wp-json\/wp\/v2\/types\/post"}],"author":[{"embeddable":true,"href":"https:\/\/www.europesays.com\/de\/wp-json\/wp\/v2\/users\/2"}],"replies":[{"embeddable":true,"href":"https:\/\/www.europesays.com\/de\/wp-json\/wp\/v2\/comments?post=1212923"}],"version-history":[{"count":0,"href":"https:\/\/www.europesays.com\/de\/wp-json\/wp\/v2\/posts\/1212923\/revisions"}],"wp:featuredmedia":[{"embeddable":true,"href":"https:\/\/www.europesays.com\/de\/wp-json\/wp\/v2\/media\/1212924"}],"wp:attachment":[{"href":"https:\/\/www.europesays.com\/de\/wp-json\/wp\/v2\/media?parent=1212923"}],"wp:term":[{"taxonomy":"category","embeddable":true,"href":"https:\/\/www.europesays.com\/de\/wp-json\/wp\/v2\/categories?post=1212923"},{"taxonomy":"post_tag","embeddable":true,"href":"https:\/\/www.europesays.com\/de\/wp-json\/wp\/v2\/tags?post=1212923"}],"curies":[{"name":"wp","href":"https:\/\/api.w.org\/{rel}","templated":true}]}}