{"id":121293,"date":"2025-05-18T21:58:10","date_gmt":"2025-05-18T21:58:10","guid":{"rendered":"https:\/\/www.europesays.com\/de\/121293\/"},"modified":"2025-05-18T21:58:10","modified_gmt":"2025-05-18T21:58:10","slug":"erster-eu-uk-gipfel-nach-brexit","status":"publish","type":"post","link":"https:\/\/www.europesays.com\/de\/121293\/","title":{"rendered":"Erster EU-UK Gipfel nach Brexit"},"content":{"rendered":"<p>              18.05.2025 21:39<\/p>\n<p>              (Akt. 18.05.2025 21:39)<\/p>\n<p>      <img decoding=\"async\" src=\"https:\/\/www.europesays.com\/de\/wp-content\/uploads\/2025\/05\/1486464164_BLD_Online-4-3-400533033-533x400.jpg\"   alt=\"Keir Starmer (links) wird Antonio Costa empfangen (Archivbild)\" title=\"Keir Starmer (links) wird Antonio Costa empfangen (Archivbild)\"\/><\/p>\n<p>                    Keir Starmer (links) wird Antonio Costa empfangen (Archivbild)<br \/>\n                     \u00a9APA\/AFP\/POOL<\/p>\n<p>\n        F\u00fcnf Jahre nach dem Brexit wollen sich Gro\u00dfbritannien und die Europ\u00e4ische Union wieder etwas ann\u00e4hern. Am Montag kommen beide Seiten bei einem Gipfeltreffen in London zusammen. Der britische Premierminister Keir Starmer empf\u00e4ngt den EU-Ratspr\u00e4sidenten Ant\u00f3nio Costa und EU-Kommissionspr\u00e4sidentin Ursula von der Leyen. Verhandelt wird \u00fcber eine Reihe von Themen, darunter einen Verteidigungspakt.\n      <\/p>\n<p>Die EU plant einen Fonds von 150 Milliarden Euro f\u00fcr R\u00fcstungsprojekte. London will, dass die britische R\u00fcstungsindustrie von Auftr\u00e4gen profitiert. Ein Verteidigungs- und Sicherheitsabkommen soll den Weg daf\u00fcr bahnen.<\/p>\n","protected":false},"excerpt":{"rendered":"18.05.2025 21:39 (Akt. 18.05.2025 21:39) Keir Starmer (links) wird Antonio Costa empfangen (Archivbild) \u00a9APA\/AFP\/POOL F\u00fcnf Jahre nach dem&hellip;\n","protected":false},"author":2,"featured_media":121294,"comment_status":"","ping_status":"","sticky":false,"template":"","format":"standard","meta":{"footnotes":""},"categories":[3976],"tags":[331,332,6025,13935,508,548,29479,551,13,5554,14,15,16,30628,45935,12,3992,3993,3994,1493,3995,3996,3997,4961,45934],"class_list":{"0":"post-121293","1":"post","2":"type-post","3":"status-publish","4":"format-standard","5":"has-post-thumbnail","7":"category-vereinigtes-koenigreich","8":"tag-aktuelle-nachrichten","9":"tag-aktuelle-news","10":"tag-antonio-costa","11":"tag-brexit","12":"tag-diplomatie","13":"tag-eu","14":"tag-gipfeltreffen","15":"tag-grossbritannien","16":"tag-headlines","17":"tag-keir-starmer","18":"tag-nachrichten","19":"tag-news","20":"tag-politik","21":"tag-primavista","22":"tag-ruestungsprojekte","23":"tag-schlagzeilen","24":"tag-uk","25":"tag-united-kingdom","26":"tag-united-kingdom-of-great-britain-and-northern-ireland","27":"tag-ursula-von-der-leyen","28":"tag-vereinigtes-koenigreich","29":"tag-vereinigtes-koenigreich-grossbritannien-und-nordirland","30":"tag-vereinigtes-koenigreich-von-grossbritannien-und-nordirland","31":"tag-verteidigung","32":"tag-verteidigungspakt"},"share_on_mastodon":{"url":"https:\/\/pubeurope.com\/@de\/114531081735679702","error":""},"_links":{"self":[{"href":"https:\/\/www.europesays.com\/de\/wp-json\/wp\/v2\/posts\/121293","targetHints":{"allow":["GET"]}}],"collection":[{"href":"https:\/\/www.europesays.com\/de\/wp-json\/wp\/v2\/posts"}],"about":[{"href":"https:\/\/www.europesays.com\/de\/wp-json\/wp\/v2\/types\/post"}],"author":[{"embeddable":true,"href":"https:\/\/www.europesays.com\/de\/wp-json\/wp\/v2\/users\/2"}],"replies":[{"embeddable":true,"href":"https:\/\/www.europesays.com\/de\/wp-json\/wp\/v2\/comments?post=121293"}],"version-history":[{"count":0,"href":"https:\/\/www.europesays.com\/de\/wp-json\/wp\/v2\/posts\/121293\/revisions"}],"wp:featuredmedia":[{"embeddable":true,"href":"https:\/\/www.europesays.com\/de\/wp-json\/wp\/v2\/media\/121294"}],"wp:attachment":[{"href":"https:\/\/www.europesays.com\/de\/wp-json\/wp\/v2\/media?parent=121293"}],"wp:term":[{"taxonomy":"category","embeddable":true,"href":"https:\/\/www.europesays.com\/de\/wp-json\/wp\/v2\/categories?post=121293"},{"taxonomy":"post_tag","embeddable":true,"href":"https:\/\/www.europesays.com\/de\/wp-json\/wp\/v2\/tags?post=121293"}],"curies":[{"name":"wp","href":"https:\/\/api.w.org\/{rel}","templated":true}]}}