{"id":1213004,"date":"2026-08-03T18:11:17","date_gmt":"2026-08-03T18:11:17","guid":{"rendered":"https:\/\/www.europesays.com\/de\/1213004\/"},"modified":"2026-08-03T18:11:17","modified_gmt":"2026-08-03T18:11:17","slug":"iphone-18-pro-analyst-prognostiziert-preisschock-von-bis-zu-300-us-dollar","status":"publish","type":"post","link":"https:\/\/www.europesays.com\/de\/1213004\/","title":{"rendered":"iPhone 18 Pro: Analyst prognostiziert Preisschock von bis zu 300 US-Dollar"},"content":{"rendered":"<p>Das <a href=\"https:\/\/www.heise.de\/thema\/iPhone\" rel=\"external noopener nofollow\" target=\"_blank\">iPhone<\/a> 18 Pro k\u00f6nnte bis zu 300 US-Dollar im Preis steigen. Das sagt der Analyst Jeff Pu voraus. Der Fachmann von GF Securities, einer der gr\u00f6\u00dften chinesischen Wertpapier- und Investmentbanken, rechnet mit einem Preisschock, der auch die Nachfrage nach dem neuen Smartphone z\u00fcgeln k\u00f6nnte.<\/p>\n<p>        Weiterlesen nach der Anzeige<\/p>\n<p>Als Grund <a href=\"https:\/\/x.com\/sssjeffpu\/status\/2083138918766219327\" rel=\"external noopener nofollow\" target=\"_blank\">nennt Pu<\/a> erwartungsgem\u00e4\u00df die aktuelle Speicherkrise in der Technikbranche. Durch hohe Nachfrage von KI-Rechenzentrums-Betreibern sind sowohl Arbeitsspeicher als auch Festspeicher knapp und damit teuer geworden. Apple hat bereits f\u00fcr iPads, Macs, HomePods, das Apple TV und die Vision Pro die Preise erh\u00f6ht \u2013 <a href=\"https:\/\/www.heise.de\/news\/iPhone-Preiserhoehung-Kommt-sie-noch-im-Sommer-11343674.html\" rel=\"nofollow noopener\" target=\"_blank\">das iPhone hatte Apple zun\u00e4chst ausgeklammert<\/a>. Das iPhone blieb bislang davon erspart, doch die Anzeichen mehren sich, dass im Herbst die gro\u00dfe Preiserh\u00f6hung folgt. In Japan hat Apple <a href=\"https:\/\/www.heise.de\/news\/iPhone-Preise-beginnen-zu-steigen-aber-vorerst-nur-in-einem-Land-11370154.html\" rel=\"nofollow noopener\" target=\"_blank\">die iPhone-Preise bereits angehoben<\/a> \u2013 vielleicht als eine Art Testmarkt, bevor die gro\u00dfen Herbst-Modelle erscheinen.<\/p>\n<p>Zwei-Nanometer-Chip sorgt f\u00fcr h\u00f6here Kosten<\/p>\n<p>Pu geht aber noch weiter und sieht auch den erstmaligen Einbau eines Zwei-Nanometer-Chips als Kostentreiber an. Dessen Fertigung sei f\u00fcr Apple teurer als die der bisherigen Chips in Drei-Nanometer-Bauweise. Dies komme ungl\u00fccklich mit der Speicherkrise zusammen und zwinge Apple dazu, die Preise anzuheben, wenn der Hersteller nicht auf Teile seiner Marge verzichten will. Pu h\u00e4lt Erh\u00f6hungen zwischen 250 und 300 US-Dollar f\u00fcr realistisch. Eine <a href=\"https:\/\/www.heise.de\/news\/300-US-Dollar-mehr-allein-fuer-die-Teile-iPhone-18-Pro-Max-koennte-teuer-werden-11362056.html\" rel=\"nofollow noopener\" target=\"_blank\">Komponentenanalyse von Counterpoint<\/a> best\u00e4tigt diese Gr\u00f6\u00dfenordnung: Allein die Teilekosten des iPhone 18 Pro Max sollen um bis zu 300 US-Dollar steigen.<\/p>\n<p>Der g\u00fcnstigste Preis f\u00fcr ein neues iPhone d\u00fcrfte damit von 1099 US-Dollar beim iPhone 17 Pro auf 1349 bis 1399 US-Dollar beim 18 Pro steigen. Der Einstiegspreis beim iPhone 18 Pro Max erh\u00f6he sich analog von 1199 Dollar beim Vorg\u00e4nger auf nunmehr bis zu 1499 US-Dollar. Tim Cook hatte die <a href=\"https:\/\/www.heise.de\/news\/Tim-Cook-zur-Speicherkrise-Apple-kuendigt-Preiserhoehung-an-11336693.html\" rel=\"nofollow noopener\" target=\"_blank\">Preiserh\u00f6hungen als \u201eunvermeidlich\u201c<\/a> bezeichnet, nachdem Apple seine aktuellen Quartalszahlen vorgestellt hatte. Die waren eigentlich gut, doch der Ausblick f\u00fcrs laufende Quartal liegt leicht unter den Erwartungen der Analysten.<\/p>\n<p>Unsicherheit bei der Nachfrage<\/p>\n<p>Insgesamt rechnen Marktbeobachter beim iPhone 18 Pro nur mit leichten Verbesserungen gegen\u00fcber dem 16 Pro und 17 Pro. Einen \u00dcberblick \u00fcber die <a href=\"https:\/\/www.heise.de\/news\/iPhone-18-Pro-und-18-Pro-Max-Das-erwarten-wir-11370906.html\" rel=\"nofollow noopener\" target=\"_blank\">geplanten Neuerungen bei iPhone 18 Pro und 18 Pro Max<\/a> \u2013 von der variablen Blende \u00fcber den A20-Pro-Chip bis zur verkleinerten Dynamic Island \u2013 bietet unsere Zusammenfassung. Der h\u00f6here Preis bei gleichzeitig kleinem Zusatznutzen f\u00fchre zu einer Nachfrage-Unsicherheit, analysiert Pu. Da Apples Aktie zuletzt eine \u00fcberdurchschnittlich gute Entwicklung genommen hat, stufte er das Unternehmen von \u201eKaufen\u201c auf \u201eHalten\u201c um. Pu hat offenbar neue Erkenntnisse gewonnen: Noch im Mai ging er davon aus, dass Apple das iPhone 18 Pro trotz steigender Speicherpreise nicht oder nicht deutlich teurer verkaufen wolle \u2013 eine Einsch\u00e4tzung, die auch <a href=\"https:\/\/www.heise.de\/news\/Apple-will-angeblich-mit-Preisstabilitaet-beim-iPhone-den-Markt-aufmischen-11207791.html\" rel=\"nofollow noopener\" target=\"_blank\">ein Analystenbericht vom M\u00e4rz<\/a> gest\u00fctzt hatte, der Apple eine Strategie der Preisstabilit\u00e4t zur Marktanteilsgewinnung zuschrieb.<\/p>\n<p>        Weiterlesen nach der Anzeige<\/p>\n<p>        Lesen Sie auchMehr anzeigenWeniger anzeigen<\/p>\n<p>(<a class=\"redakteurskuerzel__link\" href=\"https:\/\/www.heise.de\/news\/mailto:mki@heise.de\" title=\"Malte Kirchner\" rel=\"nofollow noopener\" target=\"_blank\">mki<\/a>)<\/p>\n<p>\n      Dieser Link ist leider nicht mehr g\u00fcltig.\n    <\/p>\n<p>Links zu verschenkten Artikeln werden ung\u00fcltig,<br \/>\n      wenn diese \u00e4lter als 7\u00a0Tage sind oder zu oft aufgerufen wurden.\n    <\/p>\n<p><strong>Sie ben\u00f6tigen ein heise+ Paket, um diesen Artikel zu lesen. Jetzt eine Woche unverbindlich testen \u2013 ohne Verpflichtung!<\/strong><\/p>\n","protected":false},"excerpt":{"rendered":"Das iPhone 18 Pro k\u00f6nnte bis zu 300 US-Dollar im Preis steigen. Das sagt der Analyst Jeff Pu&hellip;\n","protected":false},"author":2,"featured_media":1213005,"comment_status":"","ping_status":"","sticky":false,"template":"","format":"standard","meta":{"footnotes":"","_share_on_mastodon":"0"},"categories":[135],"tags":[231,29,30,11172,1274,5553,41396,1273,3379,190,189,194,191,193,192],"class_list":["post-1213004","post","type-post","status-publish","format-standard","has-post-thumbnail","category-wissenschaft-technik","tag-apple","tag-deutschland","tag-germany","tag-hardware","tag-ios","tag-iphone","tag-marktanalyse","tag-mobiles","tag-preise","tag-science","tag-science-technology","tag-technik","tag-technology","tag-wissenschaft","tag-wissenschaft-technik"],"share_on_mastodon":{"url":"https:\/\/pubeurope.com\/@de\/117032929592392804","error":""},"_links":{"self":[{"href":"https:\/\/www.europesays.com\/de\/wp-json\/wp\/v2\/posts\/1213004","targetHints":{"allow":["GET"]}}],"collection":[{"href":"https:\/\/www.europesays.com\/de\/wp-json\/wp\/v2\/posts"}],"about":[{"href":"https:\/\/www.europesays.com\/de\/wp-json\/wp\/v2\/types\/post"}],"author":[{"embeddable":true,"href":"https:\/\/www.europesays.com\/de\/wp-json\/wp\/v2\/users\/2"}],"replies":[{"embeddable":true,"href":"https:\/\/www.europesays.com\/de\/wp-json\/wp\/v2\/comments?post=1213004"}],"version-history":[{"count":0,"href":"https:\/\/www.europesays.com\/de\/wp-json\/wp\/v2\/posts\/1213004\/revisions"}],"wp:featuredmedia":[{"embeddable":true,"href":"https:\/\/www.europesays.com\/de\/wp-json\/wp\/v2\/media\/1213005"}],"wp:attachment":[{"href":"https:\/\/www.europesays.com\/de\/wp-json\/wp\/v2\/media?parent=1213004"}],"wp:term":[{"taxonomy":"category","embeddable":true,"href":"https:\/\/www.europesays.com\/de\/wp-json\/wp\/v2\/categories?post=1213004"},{"taxonomy":"post_tag","embeddable":true,"href":"https:\/\/www.europesays.com\/de\/wp-json\/wp\/v2\/tags?post=1213004"}],"curies":[{"name":"wp","href":"https:\/\/api.w.org\/{rel}","templated":true}]}}