{"id":1213120,"date":"2026-08-03T19:24:32","date_gmt":"2026-08-03T19:24:32","guid":{"rendered":"https:\/\/www.europesays.com\/de\/1213120\/"},"modified":"2026-08-03T19:24:32","modified_gmt":"2026-08-03T19:24:32","slug":"niners-chemnitz-eroeffnen-bei-meister-alba-berlin-die-neue-bbl-saison","status":"publish","type":"post","link":"https:\/\/www.europesays.com\/de\/1213120\/","title":{"rendered":"Niners Chemnitz er\u00f6ffnen bei Meister Alba Berlin die neue BBL-Saison"},"content":{"rendered":"<p>        <img decoding=\"async\" src=\"https:\/\/www.europesays.com\/de\/wp-content\/uploads\/2026\/08\/niners-chemnitz-760.webp\" alt=\"Niners-Cheftrainer Rodrigo Pastore.\" title=\"Niners-Cheftrainer Rodrigo Pastore. | IMAGO \/ camera4+\" class=\"responsive\"\/><\/p>\n<p>AUDIO: Highlight f\u00fcr die Niners Chemnitz gleich zum Saisonstart in Berlin (1 Min)<\/p>\n<p class=\"topline\">Basketball | BBL<\/p>\n<p>\n                Stand: 03.08.2026 13:06 Uhr<\/p>\n<p class=\"preface\">Gut sechs Wochen vor dem Start ver\u00f6ffentlicht die BBL ihren Spielplan. Gleich zum Auftakt stehen die Niners Chemnitz im Mittelpunkt \u2013 die Sachsen er\u00f6ffnen bei Meister Alba Berlin die neue Saison. Auch der MBC beginnt ausw\u00e4rts. Jena muss sich eine Woche l\u00e4nger gedulden.<\/p>\n<p class=\"\">Wenn die Niners Chemnitz an diesem Mittwoch die Vorbereitung auf die neue Saison aufnehmen, ist ihnen bereits eins gewiss: Auf das Team von Cheftrainer Rodrigo Pastore schaut am 18. September die ganze Basketball-Republik, denn kein Geringerer als der amtierende Titeltr\u00e4ger Alba Berlin erwartet die Sachsen dann um 20 Uhr in der Hauptstadt zum Er\u00f6ffnungsspiel der BBL 2026\/27. Das gaben die Liga-Verantwortlichen am Montag (3. August) bekannt.<\/p>\n<p>    MBC in Oldenburg<\/p>\n<p class=\"\">Zwei Tage nach Chemnitz muss der Syntainics MBC aus Wei\u00dfenfels erstmals auf das Parkett. Die Sachsen-Anhalter gastieren bei den Baskets Oldenburg in Niedersachsen (20. September, 15 Uhr). Der Th\u00fcringer BBL-Vertreter Science City Jena dagegen hat an besagtem Wochenende spielfrei \u2013 die etatm\u00e4\u00dfige Auftaktpartie daheim gegen Rasta Vechta ist f\u00fcr den 1. Oktober (Donnerstag, 20 Uhr) angesetzt.<\/p>\n<p>        <img decoding=\"async\" src=\"https:\/\/www.europesays.com\/de\/wp-content\/uploads\/2026\/08\/imgtovideo-304122.webp\" alt=\"Jena - MBC\" title=\"Jena - MBC | MITTELDEUTSCHER RUNDFUNK\" class=\"responsive\" loading=\"lazy\"\/><\/p>\n<p>    Jena und Wei\u00dfenfels fiebern fr\u00fchem Derby entgegen<\/p>\n<p class=\"\">Umso mehr fiebert Jena dem 25. September entgegen. An jenem Freitag des 2. BBL-Spieltages beginnt f\u00fcr Science City die BBL-Saison mit dem Ausw\u00e4rtsderby beim MBC in der Wei\u00dfenfelser Stadthalle (20 Uhr). Zeitgleich muss Chemnitz bei den Hamburg Towers ran. Auch der zweite Ost-Kracher f\u00fcr Jena in der Hinrunde folgt alsbald \u2013 n\u00e4mlich schon am 4. Oktober (So., 16:30 Uhr) daheim gegen Chemnitz. Deutlich l\u00e4nger m\u00fcssen sich die Fans hingegen auf das Prestigeduell zwischen dem MBC und den Niners gedulden. Diese Partie ist f\u00fcr den zweiten Weihnachtsfeiertag (Sa., 20 Uhr) in Wei\u00dfenfels angesetzt worden.<\/p>\n<p>        <a href=\"https:\/\/www.mdr.de\/sport\/sport-im-osten\/video-1622976.html\" aria-label=\"Zum Video (1 Min): Pokal-Gegner f\u00fcr mitteldeutsche BBL-Klubs ausgelost\" rel=\"nofollow noopener\" target=\"_blank\"><\/p>\n<p>        <img decoding=\"async\" src=\"https:\/\/www.europesays.com\/de\/wp-content\/uploads\/2026\/08\/bild-305694.webp\" alt=\"Szene aus Livestream MDR-Fernsehen\" title=\"Szene aus Livestream MDR-Fernsehen | MITTELDEUTSCHER RUNDFUNK\" class=\"responsive\" loading=\"lazy\"\/><\/p>\n<p>        <\/a><\/p>\n<p class=\"\">Das jeweils erste Pflichtspiel der Spielzeit steht f\u00fcr das mitteldeutsche Bundesliga-Trio jedoch bereits am <a href=\"https:\/\/www.mdr.de\/sport\/basketball\/erstliga-duell-fuer-jena-chemnitz-und-mbc-zu-zweitligisten-,bbl-pokal-auslosung-100.html\" title=\"Basketball | BBL-Pokal: Erstliga-Duell f\u00fcr Jena - Chemnitz und MBC zu Zweitligisten\" rel=\"nofollow noopener\" target=\"_blank\">Wochenende des 12.\/13. September im BBL-Pokal<\/a> auf dem Programm.<\/p>\n<p class=\"\">SpiO <\/p>\n<p>        <img decoding=\"async\" src=\"https:\/\/www.europesays.com\/de\/wp-content\/uploads\/2026\/07\/google-handy-100.webp\" alt=\"Ein Handy liegt auf einer Laptoptastatur. Das Display zeigt das Google Logo\" title=\"Ein Handy liegt auf einer Laptoptastatur. Das Display zeigt das Google Logo |  IMAGO \/ SOPA Images\" class=\"responsive\" loading=\"lazy\"\/><\/p>\n<p>Nachrichten personalisieren<\/p>\n<p>Die Nachrichtenlage ist un\u00fcbersichtlich und Sie wollen aktuelle Informationen aus Ihrer Region, die f\u00fcr Sie relevant sind? Dann legen Sie MDR.de als bevorzugte Quelle in der Google-Suche fest. So funktioniert&#8217;s.<\/p>\n<p>        <a href=\"https:\/\/www.mdr.de\/sport\/basketball\" aria-label=\"Mehr Basketball-Nachrichten bei SPORT IM OSTEN\" rel=\"nofollow noopener\" target=\"_blank\"><\/p>\n<p>        <img decoding=\"async\" src=\"https:\/\/www.europesays.com\/de\/wp-content\/uploads\/2026\/07\/basketball-844.webp\" alt=\"Symbolbild Basketball\" title=\"Symbolbild Basketball | IMAGO \/ Susanne H\u00fcbner\" class=\"responsive\" loading=\"lazy\"\/><\/p>\n<p>        <\/a><\/p>\n","protected":false},"excerpt":{"rendered":"AUDIO: Highlight f\u00fcr die Niners Chemnitz gleich zum Saisonstart in Berlin (1 Min) Basketball | BBL Stand: 03.08.2026&hellip;\n","protected":false},"author":2,"featured_media":1213121,"comment_status":"","ping_status":"","sticky":false,"template":"","format":"standard","meta":{"footnotes":"","_share_on_mastodon":"0"},"categories":[1825],"tags":[1941,1939,2471,19640,2472,296,1937,29,30,1940,1938,22639,3560,37574,3499,3498,22640,32357],"class_list":["post-1213120","post","type-post","status-publish","format-standard","has-post-thumbnail","category-berlin","tag-aktuelle-nachrichten-aus-berlin","tag-aktuelle-news-aus-berlin","tag-alba-berlin","tag-auftakt","tag-bbl","tag-berlin","tag-berlin-news","tag-deutschland","tag-germany","tag-nachrichten-aus-berlin","tag-news-aus-berlin","tag-niners-chemnitz","tag-oldenburg","tag-science-city-jena","tag-spio","tag-sport-im-osten","tag-syntainics-mbc","tag-weissenfels"],"share_on_mastodon":{"url":"https:\/\/pubeurope.com\/@de\/117033217167316180","error":""},"_links":{"self":[{"href":"https:\/\/www.europesays.com\/de\/wp-json\/wp\/v2\/posts\/1213120","targetHints":{"allow":["GET"]}}],"collection":[{"href":"https:\/\/www.europesays.com\/de\/wp-json\/wp\/v2\/posts"}],"about":[{"href":"https:\/\/www.europesays.com\/de\/wp-json\/wp\/v2\/types\/post"}],"author":[{"embeddable":true,"href":"https:\/\/www.europesays.com\/de\/wp-json\/wp\/v2\/users\/2"}],"replies":[{"embeddable":true,"href":"https:\/\/www.europesays.com\/de\/wp-json\/wp\/v2\/comments?post=1213120"}],"version-history":[{"count":0,"href":"https:\/\/www.europesays.com\/de\/wp-json\/wp\/v2\/posts\/1213120\/revisions"}],"wp:featuredmedia":[{"embeddable":true,"href":"https:\/\/www.europesays.com\/de\/wp-json\/wp\/v2\/media\/1213121"}],"wp:attachment":[{"href":"https:\/\/www.europesays.com\/de\/wp-json\/wp\/v2\/media?parent=1213120"}],"wp:term":[{"taxonomy":"category","embeddable":true,"href":"https:\/\/www.europesays.com\/de\/wp-json\/wp\/v2\/categories?post=1213120"},{"taxonomy":"post_tag","embeddable":true,"href":"https:\/\/www.europesays.com\/de\/wp-json\/wp\/v2\/tags?post=1213120"}],"curies":[{"name":"wp","href":"https:\/\/api.w.org\/{rel}","templated":true}]}}