{"id":1213187,"date":"2026-08-03T20:09:39","date_gmt":"2026-08-03T20:09:39","guid":{"rendered":"https:\/\/www.europesays.com\/de\/1213187\/"},"modified":"2026-08-03T20:09:39","modified_gmt":"2026-08-03T20:09:39","slug":"2-bundesliga-hier-sehen-sie-das-eroeffnungsspiel-live-im-free-tv","status":"publish","type":"post","link":"https:\/\/www.europesays.com\/de\/1213187\/","title":{"rendered":"2. Bundesliga: Hier sehen Sie das Er\u00f6ffnungsspiel live im Free-TV"},"content":{"rendered":"<p>Er\u00f6ffnungsspiel der 2. Bundesliga <\/p>\n<p>Hier sehen Sie Bochum gegen Hertha live im Free-TV<\/p>\n<p>03.08.2026 &#8211; 12:19 UhrLesedauer: 1 Min.<\/p>\n<p><a href=\"#focus-0\" class=\"transition-colors block text-current relative\" data-sctrack=\"FocusGalleryImage.Reference\"><img fetchpriority=\"high\" data-testid=\"Opener.Image\"   loading=\"eager\" src=\"https:\/\/www.europesays.com\/de\/wp-content\/uploads\/2026\/08\/josip-brekalo-er-und-die-hertha-bestritten-bereits-in-der-vergangenen-saison-das-eroeffnungsspiel.jp.jpeg\" alt=\"Josip Brekalo: Er und die Hertha bestritten bereits in der vergangenen Saison das Er\u00f6ffnungsspiel.\" title=\"Josip Brekalo: Er und die Hertha bestritten bereits in der vergangenen Saison das Er\u00f6ffnungsspiel.\" width=\"7218\" height=\"4060\" class=\"bg-[url:var(--lqipURL)] bg-cover bg-center flex h-full w-full max-w-full\" style=\"--lqipURL:url('https:\/\/images.t-online.de\/2026\/07\/yzXag8XB7mc5\/380x476:7218x4060\/fit-in\/150x0\/filters:blur(25)\/josip-brekalo-er-und-die-hertha-bestritten-bereits-in-der-vergangenen-saison-das-eroeffnungsspiel.jpg')\" decoding=\"async\"\/><img loading=\"lazy\" src=\"https:\/\/www.t-online.de\/s\/paper\/_next\/static\/media\/zoom-in.f7dae02f.svg\" alt=\"Vergr\u00f6\u00dfern des Bildes\" title=\"Vergr\u00f6\u00dfern des Bildes\" class=\"block h-[calc(var(--height)_\/_16_*_1rem)] w-[calc(var(--width)_\/_16_*_1rem)] max-w-none absolute right-8 bottom-8 rounded-4 bg-snow p-8\" style=\"--width:32;--height:32\" decoding=\"async\"\/><\/a><\/p>\n<p>Josip Brekalo: Er und die Hertha bestritten bereits in der vergangenen Saison das Er\u00f6ffnungsspiel. (Quelle: IMAGO\/GEPA pictures\/ Daniel Schoenherr)<\/p>\n<p><img loading=\"lazy\" src=\"https:\/\/www.t-online.de\/s\/paper\/_next\/static\/media\/audio-volume.6689034c.svg\" alt=\"\" title=\"\" class=\"block h-[calc(var(--height)_\/_16_*_1rem)] w-[calc(var(--width)_\/_16_*_1rem)] max-w-none group-hover:brightness-0 group-hover:invert\" style=\"--width:16;--height:16\" decoding=\"async\"\/>Vorlesen<\/p>\n<p>Aktuelle Zeit:0:00Gesamtdauer:0:00<\/p>\n<p>1x<\/p>\n<p class=\"text-center\">Jetzt neu bei t-online:<\/p>\n<p class=\"text-center\">Schriftgr\u00f6\u00dfe anpassen!<\/p>\n<p><img loading=\"lazy\" src=\"https:\/\/www.t-online.de\/s\/paper\/_next\/static\/media\/font-sizes.32942e33.svg\" alt=\"\" title=\"\" class=\"block h-[calc(var(--height)_\/_16_*_1rem)] w-[calc(var(--width)_\/_16_*_1rem)] max-w-none group-hover:hidden group-aria-expanded:hidden\" style=\"--width:16;--height:16\" decoding=\"async\"\/><img loading=\"lazy\" src=\"https:\/\/www.t-online.de\/s\/paper\/_next\/static\/media\/font-sizes-dark-mode.e382645c.svg\" alt=\"\" title=\"\" class=\"block h-[calc(var(--height)_\/_16_*_1rem)] w-[calc(var(--width)_\/_16_*_1rem)] max-w-none hidden group-hover:block group-aria-expanded:block\" style=\"--width:16;--height:16\" decoding=\"async\"\/><img loading=\"lazy\" src=\"https:\/\/www.t-online.de\/s\/paper\/_next\/static\/media\/sharing-menu-icon.1eb71368.svg\" alt=\"\" title=\"\" class=\"block h-[calc(var(--height)_\/_16_*_1rem)] w-[calc(var(--width)_\/_16_*_1rem)] max-w-none group-hover:brightness-0 group-hover:invert\" style=\"--width:16;--height:16\" decoding=\"async\"\/>Artikel teilen<\/p>\n<p class=\"font-bold text-18 leading-17 user-text-lg:text-22 user-text-xl:text-24\">Die Berliner er\u00f6ffnen zum zweiten Mal in Folge eine Zweitliga-Spielzeit \u2013 erneut im Ruhrgebiet. t-online verr\u00e4t Ihnen, wo Sie die Partie verfolgen k\u00f6nnen.<\/p>\n<p class=\"text-18 leading-17 user-text-lg:text-22 user-text-xl:text-24\">Der <a href=\"https:\/\/www.t-online.de\/themen\/vfl-bochum\/\" class=\"transition-colors cursor-pointer no-underline md:hover:text-magenta md:focus:text-magenta border-b border-solid border-current text-salemsfur md:hover:border-magenta\" data-tracking=\"{&quot;action&quot;:&quot;click&quot;,&quot;category&quot;:&quot;intextLink&quot;,&quot;label&quot;:&quot;\/themen\/vfl-bochum\/&quot;}\" data-sctrack=\"BodyAnchor\" rel=\"nofollow noopener\" target=\"_blank\">VfL Bochum<\/a> und <a href=\"https:\/\/www.t-online.de\/themen\/hertha-bsc\/\" class=\"transition-colors cursor-pointer no-underline md:hover:text-magenta md:focus:text-magenta border-b border-solid border-current text-salemsfur md:hover:border-magenta\" data-tracking=\"{&quot;action&quot;:&quot;click&quot;,&quot;category&quot;:&quot;intextLink&quot;,&quot;label&quot;:&quot;\/themen\/hertha-bsc\/&quot;}\" data-sctrack=\"BodyAnchor\" rel=\"nofollow noopener\" target=\"_blank\">Hertha BSC<\/a> bestreiten das Er\u00f6ffnungsspiel der Saison 2026\/27 in der <a href=\"https:\/\/www.t-online.de\/sport\/fussball\/2-bundesliga\/\" class=\"transition-colors cursor-pointer no-underline md:hover:text-magenta md:focus:text-magenta border-b border-solid border-current text-salemsfur md:hover:border-magenta\" data-tracking=\"{&quot;action&quot;:&quot;click&quot;,&quot;category&quot;:&quot;intextLink&quot;,&quot;label&quot;:&quot;\/sport\/fussball\/2-bundesliga\/&quot;}\" data-sctrack=\"BodyAnchor\" rel=\"nofollow noopener\" target=\"_blank\">2. Bundesliga<\/a>. Die beiden Teams treffen am Freitag im Bochumer Ruhrstadion aufeinander.<\/p>\n<p class=\"text-18 leading-17 user-text-lg:text-22 user-text-xl:text-24\">F\u00fcr Hertha ist es das zweite Zweitliga-Er\u00f6ffnungsspiel in Folge. Im vergangenen Jahr unterlagen die Berliner zum Auftakt ausw\u00e4rts dem sp\u00e4teren Meister <a href=\"https:\/\/www.t-online.de\/themen\/fc-schalke-04\/\" class=\"transition-colors cursor-pointer no-underline md:hover:text-magenta md:focus:text-magenta border-b border-solid border-current text-salemsfur md:hover:border-magenta\" data-tracking=\"{&quot;action&quot;:&quot;click&quot;,&quot;category&quot;:&quot;intextLink&quot;,&quot;label&quot;:&quot;\/themen\/fc-schalke-04\/&quot;}\" data-sctrack=\"BodyAnchor\" rel=\"nofollow noopener\" target=\"_blank\">FC Schalke 04<\/a> mit 1:2. Nun beginnt die Saison f\u00fcr das Team von Coach <a href=\"https:\/\/www.t-online.de\/themen\/stefan-leitl\/\" class=\"transition-colors cursor-pointer no-underline md:hover:text-magenta md:focus:text-magenta border-b border-solid border-current text-salemsfur md:hover:border-magenta\" data-tracking=\"{&quot;action&quot;:&quot;click&quot;,&quot;category&quot;:&quot;intextLink&quot;,&quot;label&quot;:&quot;\/themen\/stefan-leitl\/&quot;}\" data-sctrack=\"BodyAnchor\" rel=\"nofollow noopener\" target=\"_blank\">Stefan Leitl<\/a> erneut im Ruhrgebiet.<\/p>\n<p>Wo ist die Partie zwischen Bochum und Hertha zu sehen?<\/p>\n<p class=\"text-18 leading-17 user-text-lg:text-22 user-text-xl:text-24\">Das Er\u00f6ffnungsspiel der 2. <a href=\"https:\/\/www.t-online.de\/sport\/fussball\/bundesliga\/\" class=\"transition-colors cursor-pointer no-underline md:hover:text-magenta md:focus:text-magenta border-b border-solid border-current text-salemsfur md:hover:border-magenta\" data-tracking=\"{&quot;action&quot;:&quot;click&quot;,&quot;category&quot;:&quot;intextLink&quot;,&quot;label&quot;:&quot;\/sport\/fussball\/bundesliga\/&quot;}\" data-sctrack=\"BodyAnchor\" rel=\"nofollow noopener\" target=\"_blank\">Bundesliga<\/a> zwischen dem VfL <a href=\"https:\/\/bochum.t-online.de\/region\/bochum\/\" class=\"transition-colors cursor-pointer no-underline md:hover:text-magenta md:focus:text-magenta border-b border-solid border-current text-salemsfur md:hover:border-magenta\" data-tracking=\"{&quot;action&quot;:&quot;click&quot;,&quot;category&quot;:&quot;intextLink&quot;,&quot;label&quot;:&quot;https:\/\/bochum.t-online.de\/region\/bochum\/&quot;}\" data-sctrack=\"BodyAnchor\" rel=\"nofollow noopener\" target=\"_blank\">Bochum<\/a> und Hertha BSC wird live im Free-TV bei <a href=\"https:\/\/www.t-online.de\/themen\/sat-1\/\" class=\"transition-colors cursor-pointer no-underline md:hover:text-magenta md:focus:text-magenta border-b border-solid border-current text-salemsfur md:hover:border-magenta\" data-tracking=\"{&quot;action&quot;:&quot;click&quot;,&quot;category&quot;:&quot;intextLink&quot;,&quot;label&quot;:&quot;\/themen\/sat-1\/&quot;}\" data-sctrack=\"BodyAnchor\" rel=\"nofollow noopener\" target=\"_blank\">Sat.1<\/a> \u00fcbertragen. Die Vorberichtserstattung beginnt bereits um 19.50 Uhr, Anpfiff im <a href=\"https:\/\/www.t-online.de\/themen\/vonovia\/\" class=\"transition-colors cursor-pointer no-underline md:hover:text-magenta md:focus:text-magenta border-b border-solid border-current text-salemsfur md:hover:border-magenta\" data-tracking=\"{&quot;action&quot;:&quot;click&quot;,&quot;category&quot;:&quot;intextLink&quot;,&quot;label&quot;:&quot;\/themen\/vonovia\/&quot;}\" data-sctrack=\"BodyAnchor\" rel=\"nofollow noopener\" target=\"_blank\">Vonovia<\/a> Ruhrstadion ist um 20.30 Uhr.<\/p>\n<p class=\"text-18 leading-17 user-text-lg:text-22 user-text-xl:text-24\">Andrea Kaiser und Mathias Kiling moderieren den Abend. Jonas Friedrich ist als Kommentator im Einsatz, an seiner Seite ist der fr\u00fchere Nationalspieler Markus Babbel als Experte vor Ort.<\/p>\n<p class=\"text-18 leading-17 user-text-lg:text-22 user-text-xl:text-24\">Auch Pay-TV-Sender Sky \u00fcbertr\u00e4gt wie gewohnt das Spiel. Hierf\u00fcr ist allerdings ein kostenpflichtiges Abonnement notwendig.<\/p>\n<p>Gibt es das Duell auch im Liveticker?<\/p>\n<p class=\"text-18 leading-17 user-text-lg:text-22 user-text-xl:text-24\">Ja. t-online bietet zu allen Spielen der 2. Bundesliga einen <a href=\"https:\/\/www.t-online.de\/sport\/live-ticker\/heute\/\" class=\"transition-colors cursor-pointer no-underline md:hover:text-magenta md:focus:text-magenta border-b border-solid border-current text-salemsfur md:hover:border-magenta\" data-tracking=\"{&quot;action&quot;:&quot;click&quot;,&quot;category&quot;:&quot;intextLink&quot;,&quot;label&quot;:&quot;\/sport\/live-ticker\/heute\/&quot;}\" data-sctrack=\"BodyAnchor\" rel=\"nofollow noopener\" target=\"_blank\">Liveticker<\/a> an. So auch zum Duell zwischen Bochum und Hertha. Zur \u00dcbersicht <a href=\"https:\/\/www.t-online.de\/sport\/ergebnisse-tabelle\/fussball\/2-bundesliga\/ergebnisse\/sdc_fmdo-87\/2-bundesliga-aktueller-spieltag.html\" class=\"transition-colors cursor-pointer no-underline md:hover:text-magenta md:focus:text-magenta border-b border-solid border-current text-salemsfur md:hover:border-magenta\" data-tracking=\"{&quot;action&quot;:&quot;click&quot;,&quot;category&quot;:&quot;intextLink&quot;,&quot;label&quot;:&quot;\/sport\/ergebnisse-tabelle\/fussball\/2-bundesliga\/ergebnisse\/sdc_fmdo-87\/2-bundesliga-aktueller-spieltag.html&quot;}\" data-sctrack=\"BodyAnchor\" rel=\"nofollow noopener\" target=\"_blank\">gelangen Sie hier<\/a>.<\/p>\n<p class=\"text-18 leading-17 user-text-lg:text-22 user-text-xl:text-24\">Weitere Informationen rund um die Partie finden Sie am Spieltag auf der Seite.<\/p>\n","protected":false},"excerpt":{"rendered":"Er\u00f6ffnungsspiel der 2. Bundesliga Hier sehen Sie Bochum gegen Hertha live im Free-TV 03.08.2026 &#8211; 12:19 UhrLesedauer: 1&hellip;\n","protected":false},"author":2,"featured_media":1213188,"comment_status":"","ping_status":"","sticky":false,"template":"","format":"standard","meta":{"footnotes":"","_share_on_mastodon":"0"},"categories":[1839],"tags":[621,7507,3364,29,61465,3158,30,1088,3140,173998,1209,3856,15381,226,8173],"class_list":["post-1213187","post","type-post","status-publish","format-standard","has-post-thumbnail","category-bochum","tag-2-bundesliga","tag-bochum","tag-de","tag-deutschland","tag-eroeffnungsspiel","tag-fc-schalke-04","tag-germany","tag-hertha-bsc","tag-hertha-bsc-berlin","tag-josip-brekalo","tag-nordrhein-westfalen","tag-ruhrgebiet","tag-stefan-leitl","tag-t-online","tag-vfl-bochum"],"share_on_mastodon":{"url":"https:\/\/pubeurope.com\/@de\/117033395401205348","error":""},"_links":{"self":[{"href":"https:\/\/www.europesays.com\/de\/wp-json\/wp\/v2\/posts\/1213187","targetHints":{"allow":["GET"]}}],"collection":[{"href":"https:\/\/www.europesays.com\/de\/wp-json\/wp\/v2\/posts"}],"about":[{"href":"https:\/\/www.europesays.com\/de\/wp-json\/wp\/v2\/types\/post"}],"author":[{"embeddable":true,"href":"https:\/\/www.europesays.com\/de\/wp-json\/wp\/v2\/users\/2"}],"replies":[{"embeddable":true,"href":"https:\/\/www.europesays.com\/de\/wp-json\/wp\/v2\/comments?post=1213187"}],"version-history":[{"count":0,"href":"https:\/\/www.europesays.com\/de\/wp-json\/wp\/v2\/posts\/1213187\/revisions"}],"wp:featuredmedia":[{"embeddable":true,"href":"https:\/\/www.europesays.com\/de\/wp-json\/wp\/v2\/media\/1213188"}],"wp:attachment":[{"href":"https:\/\/www.europesays.com\/de\/wp-json\/wp\/v2\/media?parent=1213187"}],"wp:term":[{"taxonomy":"category","embeddable":true,"href":"https:\/\/www.europesays.com\/de\/wp-json\/wp\/v2\/categories?post=1213187"},{"taxonomy":"post_tag","embeddable":true,"href":"https:\/\/www.europesays.com\/de\/wp-json\/wp\/v2\/tags?post=1213187"}],"curies":[{"name":"wp","href":"https:\/\/api.w.org\/{rel}","templated":true}]}}