{"id":1213233,"date":"2026-08-03T20:37:15","date_gmt":"2026-08-03T20:37:15","guid":{"rendered":"https:\/\/www.europesays.com\/de\/1213233\/"},"modified":"2026-08-03T20:37:15","modified_gmt":"2026-08-03T20:37:15","slug":"singen-an-heiligabend-engelchor-laedt-kinder-zum-mitmachen-ein","status":"publish","type":"post","link":"https:\/\/www.europesays.com\/de\/1213233\/","title":{"rendered":"Singen an Heiligabend: Engelchor l\u00e4dt Kinder zum Mitmachen ein"},"content":{"rendered":"<p>Die Evangelische Kirchengemeinde Brackel sucht Kinder ab vier Jahren f\u00fcr ihren Engelchor. Die Proben beginnen am 7. November.<\/p>\n<p>Die Evangelische Kirchengemeinde Brackel l\u00e4dt Kinder ab vier Jahren zu ihrem j\u00e4hrlichen Engelchor ein. Der Projektchor probt von November bis Dezember und tritt an Heiligabend in den beiden Familiengottesdiensten in der Brackeler Kirche auf. Organisiert wird das Angebot vom Kindergottesdienst-Team der Gemeinde.<\/p>\n<p>Gesucht werden Kinder, die Freude am gemeinsamen Singen haben, sich gern zur Musik bewegen und w\u00e4hrend der Proben ohne Begleitung ihrer Eltern bleiben k\u00f6nnen. Eine feste Altersobergrenze gibt es nach Angaben des Teams nicht: Mitmachen k\u00f6nnen Kinder, solange sie Lust auf das gemeinsame musikalische Projekt haben.<\/p>\n<p>Die Proben beginnen am Samstag, 7. November, um 17 Uhr. Weitere Treffen sind f\u00fcr den 14., 21. und 28. November sowie den 5., 12. und 19. Dezember vorgesehen. M\u00f6glicherweise kommt am 23. Dezember um 14 Uhr eine zus\u00e4tzliche Probe hinzu.<\/p>\n<p>An Heiligabend begleitet der \u201eChor aus Engeln\u201c die Besucher der beiden Familiengottesdienste musikalisch durch die Zeit bis zur Bescherung. Anschlie\u00dfend wollen die Kinder durch Brackel ziehen und ihre einstudierten Lieder zu den Menschen bringen.<\/p>\n<p>Informationen zur Teilnahme und Anmeldungen gibt es bei Katja D\u00f6rsch unter Tel. 0178\/7256453.<\/p>\n","protected":false},"excerpt":{"rendered":"Die Evangelische Kirchengemeinde Brackel sucht Kinder ab vier Jahren f\u00fcr ihren Engelchor. Die Proben beginnen am 7. November.&hellip;\n","protected":false},"author":2,"featured_media":1213234,"comment_status":"","ping_status":"","sticky":false,"template":"","format":"standard","meta":{"footnotes":"","_share_on_mastodon":"0"},"categories":[1833],"tags":[10138,3364,29,217,30,1209,563],"class_list":["post-1213233","post","type-post","status-publish","format-standard","has-post-thumbnail","category-dortmund","tag-brackel","tag-de","tag-deutschland","tag-dortmund","tag-germany","tag-nordrhein-westfalen","tag-religion-kirchen"],"share_on_mastodon":{"url":"https:\/\/pubeurope.com\/@de\/117033503838278993","error":""},"_links":{"self":[{"href":"https:\/\/www.europesays.com\/de\/wp-json\/wp\/v2\/posts\/1213233","targetHints":{"allow":["GET"]}}],"collection":[{"href":"https:\/\/www.europesays.com\/de\/wp-json\/wp\/v2\/posts"}],"about":[{"href":"https:\/\/www.europesays.com\/de\/wp-json\/wp\/v2\/types\/post"}],"author":[{"embeddable":true,"href":"https:\/\/www.europesays.com\/de\/wp-json\/wp\/v2\/users\/2"}],"replies":[{"embeddable":true,"href":"https:\/\/www.europesays.com\/de\/wp-json\/wp\/v2\/comments?post=1213233"}],"version-history":[{"count":0,"href":"https:\/\/www.europesays.com\/de\/wp-json\/wp\/v2\/posts\/1213233\/revisions"}],"wp:featuredmedia":[{"embeddable":true,"href":"https:\/\/www.europesays.com\/de\/wp-json\/wp\/v2\/media\/1213234"}],"wp:attachment":[{"href":"https:\/\/www.europesays.com\/de\/wp-json\/wp\/v2\/media?parent=1213233"}],"wp:term":[{"taxonomy":"category","embeddable":true,"href":"https:\/\/www.europesays.com\/de\/wp-json\/wp\/v2\/categories?post=1213233"},{"taxonomy":"post_tag","embeddable":true,"href":"https:\/\/www.europesays.com\/de\/wp-json\/wp\/v2\/tags?post=1213233"}],"curies":[{"name":"wp","href":"https:\/\/api.w.org\/{rel}","templated":true}]}}