{"id":1213442,"date":"2026-08-03T22:45:22","date_gmt":"2026-08-03T22:45:22","guid":{"rendered":"https:\/\/www.europesays.com\/de\/1213442\/"},"modified":"2026-08-03T22:45:22","modified_gmt":"2026-08-03T22:45:22","slug":"bundespraesident-frei-will-steinmeier-nachfolge-nicht-auf-frauen-beschraenken","status":"publish","type":"post","link":"https:\/\/www.europesays.com\/de\/1213442\/","title":{"rendered":"Bundespr\u00e4sident: Frei will Steinmeier-Nachfolge nicht auf Frauen beschr\u00e4nken"},"content":{"rendered":"<p class=\"paragraph article__item\">Unionsfraktionschef <a href=\"https:\/\/www.zeit.de\/thema\/thorsten-frei\" target=\"_blank\" rel=\"nofollow noopener\">Thorsten Frei<\/a> (<a class=\"rtr-entity\" href=\"https:\/\/www.zeit.de\/thema\/cdu\" rel=\"nofollow noopener\" target=\"_blank\">CDU<\/a>) will die <a href=\"https:\/\/www.zeit.de\/thema\/bundespraesidentenwahl\" target=\"_blank\" rel=\"nofollow noopener\">Auswahl f\u00fcr die Nachfolge<\/a> von Bundespr\u00e4sident <a href=\"https:\/\/www.zeit.de\/thema\/frank-walter-steinmeier\" target=\"_blank\" rel=\"nofollow noopener\">Frank-Walter Steinmeier<\/a> nicht auf Frauen eingrenzen. \u00bbAus meiner Sicht muss beides m\u00f6glich sein\u00ab, sagte Frei dem Sender Welt-TV. Es spreche zwar \u00bbsicherlich einiges daf\u00fcr, dass das Amt auch einmal von einer Frau ausgef\u00fchrt wird\u00ab, dies sei aber nicht unumst\u00f6\u00dflich: \u00bbWir sollten da offen rangehen.\u00ab\n<\/p>\n<p class=\"paragraph article__item\">Zugleich warnte Frei vor zu schnellen Festlegungen f\u00fcr Kandidierende und pl\u00e4dierte f\u00fcr eine Entscheidung im Herbst, nach den Landtagswahlen in Sachsen-Anhalt, Mecklenburg-Vorpommern und Berlin. Erst dann stehe die Zusammensetzung der <a href=\"https:\/\/www.zeit.de\/thema\/bundesversammlung\" target=\"_blank\" rel=\"nofollow noopener\">Bundesversammlung<\/a> fest, sodass man \u00fcber Mehrheiten nicht mehr spekulieren brauche.\n<\/p>\n<p class=\"paragraph article__item\">Mit Blick auf Personaldebatten in der Union sagte Frei, dass die Parteivorsitzenden \u00bbmiteinander sprechen\u00ab und \u00bbdie F\u00fcr und Wider gegeneinander abw\u00e4gen\u00ab sollten. In \u00bbpolitisch turbulenten Zeiten\u00ab k\u00f6nne dem Bundespr\u00e4sidenten oder der Bundespr\u00e4sidentin wom\u00f6glich eine noch wichtigere Rolle als \u00bbStabilit\u00e4tsanker unserer Gesellschaft\u00ab zukommen.\n<\/p>\n<p>            Ilse Aigner und Hape Kerkeling im Gespr\u00e4ch            <\/p>\n<p class=\"paragraph article__item\">Der ehemalige Bundespr\u00e4sident Joachim Gauck hatte Ende Juni der Welt am Sonntag gesagt, dass er eine Frau als Staatsoberhaupt f\u00fcr \u00bbabsolut angezeigt\u00ab halte. Allerdings lehnte er es ab, die Debatte auf das Geschlecht zu reduzieren.\u00a0\n<\/p>\n<p class=\"paragraph article__item\">Als m\u00f6gliche Nachfolge f\u00fcr das Amt wird unter anderem Bayerns Landtagspr\u00e4sidentin <a href=\"https:\/\/www.zeit.de\/thema\/ilse-aigner\" target=\"_blank\" rel=\"nofollow noopener\">Ilse Aigner<\/a> gehandelt, die von CSU-Chef Markus S\u00f6der vorgeschlagen wurde. In einer Petition haben bisher rund 140.000 Menschen den Komiker <a href=\"https:\/\/www.zeit.de\/thema\/hape-kerkeling\" target=\"_blank\" rel=\"nofollow noopener\">Hape Kerkeling<\/a>\u00a0vorgeschlagen.\u00a0\n<\/p>\n<p class=\"paragraph article__item\"><a href=\"https:\/\/www.zeit.de\/politik\/deutschland\/2026-02\/bundespraesident-wahl-termin-bundesversammlung-2027\" target=\"_blank\" rel=\"nofollow noopener\">Am 30. Januar 2027<\/a> wird das n\u00e4chste deutsche Staatsoberhaupt von der Bundesversammlung gew\u00e4hlt. Bundespr\u00e4sident Steinmeier darf nach zwei Amtszeiten nicht mehr antreten.\n<\/p>\n<p>Mehr zum Thema<\/p>\n<p>                <a href=\"https:\/\/www.zeit.de\/2026\/19\/bundespraesidentenwahl-2027-ilse-aigner-markus-soeder-union\" data-ct-label=\"Bundespr\u00e4sidentenwahl: Die Diskussion um das w\u00fcrdigste Amt beginnt auf die wurstigste Weise\" data-uuid=\"cf20a998-b610-415e-99a3-451bdc2dc16c\" rel=\"nofollow noopener\" target=\"_blank\"><\/p>\n<p>        Z+ (abopflichtiger Inhalt);<\/p>\n<p>    Bundespr\u00e4sidentenwahl:<br \/>\n                        Die Diskussion um das w\u00fcrdigste Amt beginnt auf die wurstigste Weise<\/p>\n<p>                <\/a><\/p>\n<p>                <a href=\"https:\/\/www.zeit.de\/politik\/deutschland\/2026-04\/url-bundestagspraesidentin-ilse-aigner-csu-markus-soeder\" data-ct-label=\"Bundespr\u00e4sidentin: Aigner \u2013 ganz im Ernst?\" data-uuid=\"21683dc4-737e-4ffa-8491-df23211dc7ad\" rel=\"nofollow noopener\" target=\"_blank\"><\/p>\n<p>                        Bundespr\u00e4sidentin:<br \/>\n                        Aigner \u2013 ganz im Ernst?<\/p>\n<p>                <\/a><\/p>\n","protected":false},"excerpt":{"rendered":"Unionsfraktionschef Thorsten Frei (CDU) will die Auswahl f\u00fcr die Nachfolge von Bundespr\u00e4sident Frank-Walter Steinmeier nicht auf Frauen eingrenzen.&hellip;\n","protected":false},"author":2,"featured_media":1213443,"comment_status":"","ping_status":"","sticky":false,"template":"","format":"standard","meta":{"footnotes":"","_share_on_mastodon":"0"},"categories":[5],"tags":[14489,210558,31,13,14,15,16,12,1533,10,8,9,11],"class_list":["post-1213442","post","type-post","status-publish","format-standard","has-post-thumbnail","category-nachrichten","tag-bundespraesident","tag-bundespraesidentenwahl","tag-cdu","tag-headlines","tag-nachrichten","tag-news","tag-politik","tag-schlagzeilen","tag-thorsten-frei","tag-top-news","tag-top-meldungen","tag-topmeldungen","tag-topnews"],"share_on_mastodon":{"url":"https:\/\/pubeurope.com\/@de\/117034007250114997","error":""},"_links":{"self":[{"href":"https:\/\/www.europesays.com\/de\/wp-json\/wp\/v2\/posts\/1213442","targetHints":{"allow":["GET"]}}],"collection":[{"href":"https:\/\/www.europesays.com\/de\/wp-json\/wp\/v2\/posts"}],"about":[{"href":"https:\/\/www.europesays.com\/de\/wp-json\/wp\/v2\/types\/post"}],"author":[{"embeddable":true,"href":"https:\/\/www.europesays.com\/de\/wp-json\/wp\/v2\/users\/2"}],"replies":[{"embeddable":true,"href":"https:\/\/www.europesays.com\/de\/wp-json\/wp\/v2\/comments?post=1213442"}],"version-history":[{"count":0,"href":"https:\/\/www.europesays.com\/de\/wp-json\/wp\/v2\/posts\/1213442\/revisions"}],"wp:featuredmedia":[{"embeddable":true,"href":"https:\/\/www.europesays.com\/de\/wp-json\/wp\/v2\/media\/1213443"}],"wp:attachment":[{"href":"https:\/\/www.europesays.com\/de\/wp-json\/wp\/v2\/media?parent=1213442"}],"wp:term":[{"taxonomy":"category","embeddable":true,"href":"https:\/\/www.europesays.com\/de\/wp-json\/wp\/v2\/categories?post=1213442"},{"taxonomy":"post_tag","embeddable":true,"href":"https:\/\/www.europesays.com\/de\/wp-json\/wp\/v2\/tags?post=1213442"}],"curies":[{"name":"wp","href":"https:\/\/api.w.org\/{rel}","templated":true}]}}