{"id":1213562,"date":"2026-08-04T00:07:19","date_gmt":"2026-08-04T00:07:19","guid":{"rendered":"https:\/\/www.europesays.com\/de\/1213562\/"},"modified":"2026-08-04T00:07:19","modified_gmt":"2026-08-04T00:07:19","slug":"neue-tv-show-dschungel-divas-anspuck-zoff-beim-staffel-start-unterhaltung","status":"publish","type":"post","link":"https:\/\/www.europesays.com\/de\/1213562\/","title":{"rendered":"Neue TV-Show \u201eDschungel Divas\u201c: Anspuck-Zoff beim Staffel-Start | Unterhaltung"},"content":{"rendered":"<p><a class=\"skip-content skip-content--link\" href=\"#in-content-skip-link-target-v-0-0\">TTS-Player \u00fcberspringen\u21b5<\/a><a id=\"in-content-skip-link-target-v-0-0\" class=\"skip-content--target-link-hidden skip-content skip-content--target-link\" href=\"#in-content-skip-link-target-v-0-0\">Artikel weiterlesen<\/a><\/p>\n<p data-32581ace=\"0-2545\">Kolumbien \u2013 <b>Gegen diese neue TV-Show ist das Dschungelcamp fast ein Spaziergang&#8230; Sat.1 setzt Deutschlands ber\u00fcchtigste It-Girls auf Glamour-Entzug. Bei \u201eDschungel Divas \u2013 Luxus hat seinen Preis\u201c hei\u00dft es f\u00fcr zehn verw\u00f6hnte Reality-Stars: Kein Komfort mehr. Daf\u00fcr einfache Schlafpl\u00e4tze, karge Kost und knallharte Challenges in der br\u00fctenden Hitze Kolumbiens. Kein Wunder, dass bereits zum Start am Montagabend die ersten Damen aufeinander losgingen.<\/b><\/p>\n<p data-32581ace=\"0-2545\">Wenigstens das Preisgeld k\u00f6nnte \u00fcppig ausfallen. Denn es geht um einen Jackpot von bis zu 200 000 Euro. Allerdings muss der Zaster erst erspielt werden und w\u00fcrde durch Luxus-Eink\u00e4ufe w\u00e4hrend der Show wieder schrumpfen. Dabei w\u00e4re vor allem bei einer das Geld sehr willkommen. Erotik-Model <a href=\"https:\/\/www.bild.de\/unterhaltung\/leute\/micaela-schaefer\/thema-micaela-schaefer-alle-infos-81789140.bild.html\" class=\"text-link\" rel=\"nofollow noopener\" target=\"_blank\">Micaela Sch\u00e4fer<\/a> (42) gesteht: \u201eInsgesamt habe ich 1,5 Millionen Euro Schulden. Ich tilge gerade noch sieben offene Kredite f\u00fcr noch f\u00fcnf Immobilien.\u201c Janina Youseffian (43) prahlt dagegen mit ihren Einnahmen auf OnlyFans: \u201eIch verdiene mehr als ein Chefarzt.\u201c<\/p>\n<p>Giulia Siegel ist sauer<\/p>\n<p data-32581ace=\"0-2545\">Schon vor dem Einzug ins <a href=\"https:\/\/www.bild.de\/unterhaltung\/tv-fernsehformate\/dschungel-divas-macht-diese-show-dem-dschungelcamp-konkurrenz-6a6a1ee785822a37a33320fc\" class=\"text-link\" rel=\"nofollow noopener\" target=\"_blank\">Camp<\/a> kracht es zum ersten Mal. Die M\u00e4dels sollen alle Hygiene-Artikel und Schminksachen abgeben. Reality-Sternchen Pinar Sevim (39) protestiert: \u201eAuf meinen Augenbrauenstift kann ich nicht verzichten. Und wenn ich den in meine Mumu einf\u00fchre und reinschmuggel.\u201c Um wenigstens mehr Kleidung mit ins Camp nehmen zu k\u00f6nnen, als in den ausgeh\u00e4ndigten Rucksack passt, kauft sie dem Ranger ein gr\u00f6\u00dferes Modell f\u00fcr satte 1.500 Euro ab und rei\u00dft damit bereits ein Loch ins Budget. Giulia Siegel (51) sauer: \u201eIch kenne wenig Menschen, die so egoistisch und egoman sind wie Pinar.\u201c<\/p>\n<p>Mehr zum Thema\u201eOh sorry, habe ich dich angespuckt?\u201c<\/p>\n<p data-32581ace=\"0-2545\">TV-Sternchen Christin Okpara (29) liefert sich mit der Delinquentin einen verbalen Schlagabtausch und poltert dann hinter deren R\u00fccken: \u201eSolchen kleinen W\u00fcrmchen gebe ich gar nicht die Plattform.\u201c Ein Vorhaben, das nicht lange h\u00e4lt, denn kurz darauf kommt es zwischen beiden zum Eklat. Als Pinar im Camp schon die n\u00e4chsten Luxus-Ausgaben plant, platzt Christin der Kragen. Sie feuert erneut gegen die Kandidatin und meint mitten in ihrer Wutrede grinsend: \u201eOh sorry, habe ich dich angespuckt?\u201c Darauf Pinar: \u201eNee, mich nicht. Dann h\u00e4tte ich zur\u00fcckgespuckt.\u201c Christin: \u201eAch, du bist so asozial. So wie du redest und wie du aussiehst.\u201c <\/p>\n<p><img decoding=\"async\" width=\"992\" height=\"1178\" alt=\"Reality-Krawall-Lady Christin Okpara (29) ist aus Formaten wie \u201eAre You The One?\u201c, \u201eCouple Challenge\u201c und \u201eBeauty &amp; The Nerd\u201c bekannt \u2013 jetzt mischt sie die n\u00e4chste Show auf\" loading=\"lazy\" src=\"https:\/\/www.europesays.com\/de\/wp-content\/uploads\/2026\/08\/323a39d681a40c09f692b5645c3b0911,3188977b.jpeg\"   class=\"portrait\"\/><\/p>\n<p class=\"fig__caption__text\">Reality-Krawall-Lady Christin Okpara (29) ist aus Formaten wie \u201eAre You The One?\u201c, \u201eCouple Challenge\u201c und \u201eBeauty &amp; The Nerd\u201c bekannt \u2013 jetzt mischt sie die n\u00e4chste Show auf<\/p>\n<p>Foto: Joyn\/Rico G\u00fcttich<\/p>\n<p><img decoding=\"async\" width=\"992\" height=\"558\" alt=\"Okpara legte sich mit Pinar Sevim an\" loading=\"lazy\" src=\"https:\/\/www.europesays.com\/de\/wp-content\/uploads\/2026\/08\/075232c8b1d13578af5f4c22cfc403a0,e58e8296.jpeg\"   class=\"landscape\"\/><\/p>\n<p class=\"fig__caption__text\">Okpara legte sich mit Pinar Sevim an<\/p>\n<p>Foto: Joyn<\/p>\n<p data-32581ace=\"0-2545\">W\u00e4hrend der Zoff immer lauter wird, trauen die restlichen Teilnehmerinnen ihren Ohren nicht. Okpara hofft schon jetzt auf den baldigen Abgang ihrer neuen Intimfeindin. \u201eErfahrungsgem\u00e4\u00df bleiben solche Leute nicht lange in einer Gruppe.\u201c<\/p>\n","protected":false},"excerpt":{"rendered":"TTS-Player \u00fcberspringen\u21b5Artikel weiterlesen Kolumbien \u2013 Gegen diese neue TV-Show ist das Dschungelcamp fast ein Spaziergang&#8230; Sat.1 setzt Deutschlands&hellip;\n","protected":false},"author":2,"featured_media":1213563,"comment_status":"","ping_status":"","sticky":false,"template":"","format":"standard","meta":{"footnotes":"","_share_on_mastodon":"0"},"categories":[1773],"tags":[29,933,14095,214,30,12015,640,471,1780,138370,215,35497],"class_list":["post-1213562","post","type-post","status-publish","format-standard","has-post-thumbnail","category-serien","tag-deutschland","tag-dschungelcamp","tag-dschungelcamp-kandidaten","tag-entertainment","tag-germany","tag-reality-show","tag-rtl","tag-serien","tag-series","tag-team-first","tag-unterhaltung","tag-zietlow-sonja"],"share_on_mastodon":{"url":"https:\/\/pubeurope.com\/@de\/117034331156704730","error":""},"_links":{"self":[{"href":"https:\/\/www.europesays.com\/de\/wp-json\/wp\/v2\/posts\/1213562","targetHints":{"allow":["GET"]}}],"collection":[{"href":"https:\/\/www.europesays.com\/de\/wp-json\/wp\/v2\/posts"}],"about":[{"href":"https:\/\/www.europesays.com\/de\/wp-json\/wp\/v2\/types\/post"}],"author":[{"embeddable":true,"href":"https:\/\/www.europesays.com\/de\/wp-json\/wp\/v2\/users\/2"}],"replies":[{"embeddable":true,"href":"https:\/\/www.europesays.com\/de\/wp-json\/wp\/v2\/comments?post=1213562"}],"version-history":[{"count":0,"href":"https:\/\/www.europesays.com\/de\/wp-json\/wp\/v2\/posts\/1213562\/revisions"}],"wp:featuredmedia":[{"embeddable":true,"href":"https:\/\/www.europesays.com\/de\/wp-json\/wp\/v2\/media\/1213563"}],"wp:attachment":[{"href":"https:\/\/www.europesays.com\/de\/wp-json\/wp\/v2\/media?parent=1213562"}],"wp:term":[{"taxonomy":"category","embeddable":true,"href":"https:\/\/www.europesays.com\/de\/wp-json\/wp\/v2\/categories?post=1213562"},{"taxonomy":"post_tag","embeddable":true,"href":"https:\/\/www.europesays.com\/de\/wp-json\/wp\/v2\/tags?post=1213562"}],"curies":[{"name":"wp","href":"https:\/\/api.w.org\/{rel}","templated":true}]}}