{"id":1213710,"date":"2026-08-04T01:46:21","date_gmt":"2026-08-04T01:46:21","guid":{"rendered":"https:\/\/www.europesays.com\/de\/1213710\/"},"modified":"2026-08-04T01:46:21","modified_gmt":"2026-08-04T01:46:21","slug":"sohn-von-tatort-star-ist-papa-geworden-enkelglueck-fuer-maria-furtwaengler-unterhaltung","status":"publish","type":"post","link":"https:\/\/www.europesays.com\/de\/1213710\/","title":{"rendered":"Sohn von \u201eTatort\u201c-Star ist Papa geworden: Enkelgl\u00fcck f\u00fcr Maria Furtw\u00e4ngler | Unterhaltung"},"content":{"rendered":"<p><a class=\"skip-content skip-content--link\" href=\"#in-content-skip-link-target-v-0-0\">TTS-Player \u00fcberspringen\u21b5<\/a><a id=\"in-content-skip-link-target-v-0-0\" class=\"skip-content--target-link-hidden skip-content skip-content--target-link\" href=\"#in-content-skip-link-target-v-0-0\">Artikel weiterlesen<\/a><\/p>\n<p data-32581ace=\"0-1425\">Tegernsee (Bayern) \u2013 <b>Das Zuhause der \u201eTatort\u201c-Schauspielerin Maria Furtw\u00e4ngler (59) am Alpenrand k\u00f6nnte zuk\u00fcnftig nicht nur durch viele Tiere und Natur bereichert werden, sondern auch von ihrem neugeborenen Enkel. Wie BILD aus dem Umfeld der Familie erfuhr, ist Jacob Burda (36), ihr gemeinsamer Sohn mit Verleger-Legende Hubert Burda (86), Vater geworden.<\/b><\/p>\n<p><img decoding=\"async\" width=\"992\" height=\"558\" alt=\"Obwohl sich Maria Furtw\u00e4ngler (v.l) und Hubert Burda ( zu diesem Zeitpunkt schon getrennt haben, zeigt sich die Familie mit den Kindern Elisabeth Furtw\u00e4ngler und Jacob Burda gemeinsam bei den Bambi Awards 2024 in M\u00fcnchen\" loading=\"lazy\" src=\"https:\/\/www.europesays.com\/de\/wp-content\/uploads\/2026\/08\/203365cff4f7ff802758596814913a8d,8fac3d48.jpeg\"   class=\"landscape\"\/><\/p>\n<p class=\"fig__caption__text\">Obwohl sich Maria Furtw\u00e4ngler (v.l.) und Hubert Burda 2022 trennten, zeigte sich die Familie mit den Kindern Elisabeth Burda Furtw\u00e4ngler (34) und Jacob Burda bei den Bambi Awards 2024 in M\u00fcnchen<\/p>\n<p>Foto: Getty Images for Bunte<\/p>\n<p>Was \u00fcber Jacob Burda bekannt ist <\/p>\n<p data-32581ace=\"0-1425\">Der Burda-Nachfolger studierte zun\u00e4chst Wirtschaft an der renommierten London School of Economics, wechselte sp\u00e4ter zur Philosophie und promovierte an der Universit\u00e4t Oxford. Seit 2017 sitzt er im Verwaltungsrat des Familienkonzerns. Anfang 2025 \u00fcbernahm er mit seiner Schwester Elisabeth Burda <a href=\"https:\/\/www.bild.de\/unterhaltung\/leute\/maria-furtwaengler\/maria-furtwaengler-alle-infos-76664086.bild.html\" class=\"text-link\" rel=\"nofollow noopener\" target=\"_blank\">Furtw\u00e4ngler<\/a> (34) die unternehmerische und verlegerische Verantwortung f\u00fcr Hubert Burda Media. \u00d6ffentlich zeigt sich der Unternehmer und Verleger nur selten.<\/p>\n<p><img decoding=\"async\" width=\"992\" height=\"1178\" alt=\"Maria Furtw\u00e4ngler Anfang Juli beim 43. Filmfest in M\u00fcnchen\" loading=\"lazy\" src=\"https:\/\/www.europesays.com\/de\/wp-content\/uploads\/2026\/08\/1191a7431ac341fa1bb01282960fbe38,db89ffb6.jpeg\"   class=\"portrait\"\/><\/p>\n<p class=\"fig__caption__text\">Maria Furtw\u00e4ngler Anfang Juli beim Filmfest in M\u00fcnchen <\/p>\n<p>Foto: Getty Images<\/p>\n<p data-32581ace=\"0-1425\">\u00dcber die Erziehung von ihm und seiner Schwester Elisabeth sagte <a href=\"https:\/\/www.bild.de\/unterhaltung\/stars-und-leute\/maria-furtwaengler-im-steckbrief-wussten-sie-das-ueber-den-tatort-star-62a989a702a857123c27485b\" class=\"text-link\" rel=\"nofollow noopener\" target=\"_blank\">Maria Furtw\u00e4ngler<\/a> im Mai: \u201eDas Entscheidende ist, was du vorlebst. Meine Kinder haben immer gesehen, dass ich mich f\u00fcr andere einsetze. Und ich finde, dass aus unserer privilegierten Situation heraus auch eine Verpflichtung erw\u00e4chst, etwas zu bewegen. Wenn ich das heute in ihnen sehe, dann macht mich das stolz.\u201c Und: \u201eIch habe nie versucht, toller zu sein, als ich bin. Und immer sehr offen gesagt: &#8218;Oh, das war jetzt nicht so gut von mir&#8216;.\u201c Etwas, was ihr Sohn Jacob Burda sicherlich nun weitergeben wird.<\/p>\n","protected":false},"excerpt":{"rendered":"TTS-Player \u00fcberspringen\u21b5Artikel weiterlesen Tegernsee (Bayern) \u2013 Das Zuhause der \u201eTatort\u201c-Schauspielerin Maria Furtw\u00e4ngler (59) am Alpenrand k\u00f6nnte zuk\u00fcnftig nicht&hellip;\n","protected":false},"author":2,"featured_media":1213711,"comment_status":"","ping_status":"","sticky":false,"template":"","format":"standard","meta":{"footnotes":"","_share_on_mastodon":"0"},"categories":[155],"tags":[21384,29,9109,214,21383,30,218,138370,10865,215],"class_list":["post-1213710","post","type-post","status-publish","format-standard","has-post-thumbnail","category-unterhaltung","tag-burda-hubert","tag-deutschland","tag-ehe","tag-entertainment","tag-furtwaengler-maria","tag-germany","tag-tatort","tag-team-first","tag-trennung","tag-unterhaltung"],"share_on_mastodon":{"url":"https:\/\/pubeurope.com\/@de\/117034720726134588","error":""},"_links":{"self":[{"href":"https:\/\/www.europesays.com\/de\/wp-json\/wp\/v2\/posts\/1213710","targetHints":{"allow":["GET"]}}],"collection":[{"href":"https:\/\/www.europesays.com\/de\/wp-json\/wp\/v2\/posts"}],"about":[{"href":"https:\/\/www.europesays.com\/de\/wp-json\/wp\/v2\/types\/post"}],"author":[{"embeddable":true,"href":"https:\/\/www.europesays.com\/de\/wp-json\/wp\/v2\/users\/2"}],"replies":[{"embeddable":true,"href":"https:\/\/www.europesays.com\/de\/wp-json\/wp\/v2\/comments?post=1213710"}],"version-history":[{"count":0,"href":"https:\/\/www.europesays.com\/de\/wp-json\/wp\/v2\/posts\/1213710\/revisions"}],"wp:featuredmedia":[{"embeddable":true,"href":"https:\/\/www.europesays.com\/de\/wp-json\/wp\/v2\/media\/1213711"}],"wp:attachment":[{"href":"https:\/\/www.europesays.com\/de\/wp-json\/wp\/v2\/media?parent=1213710"}],"wp:term":[{"taxonomy":"category","embeddable":true,"href":"https:\/\/www.europesays.com\/de\/wp-json\/wp\/v2\/categories?post=1213710"},{"taxonomy":"post_tag","embeddable":true,"href":"https:\/\/www.europesays.com\/de\/wp-json\/wp\/v2\/tags?post=1213710"}],"curies":[{"name":"wp","href":"https:\/\/api.w.org\/{rel}","templated":true}]}}