{"id":1213894,"date":"2026-08-04T03:45:25","date_gmt":"2026-08-04T03:45:25","guid":{"rendered":"https:\/\/www.europesays.com\/de\/1213894\/"},"modified":"2026-08-04T03:45:25","modified_gmt":"2026-08-04T03:45:25","slug":"ukraine-news-saluschnyj-haelt-nato-beitritt-der-ukraine-fuer-unrealistisch","status":"publish","type":"post","link":"https:\/\/www.europesays.com\/de\/1213894\/","title":{"rendered":"Ukraine-News: Saluschnyj h\u00e4lt Nato-Beitritt der Ukraine f\u00fcr unrealistisch"},"content":{"rendered":"<p>        <img decoding=\"async\" src=\"https:\/\/www.europesays.com\/de\/wp-content\/uploads\/2026\/08\/mdraktuell-walerij-saluschnyj-102.webp\" alt=\"Walerij Saluschnyj\" title=\"Walerij Saluschnyj | IMAGO \/ ABACAPRESS\" class=\"responsive\"\/><\/p>\n<p class=\"topline\">Ukraine-News<\/p>\n<p class=\"author\">von MDR AKTUELL<\/p>\n<p>\n                Stand: 04.08.2026 05:19 Uhr<\/p>\n<p>\n        04:54 Uhr\n    <\/p>\n<p>    Saluschnyj sieht keine Aussicht auf Nato-Beitritt der Ukraine<\/p>\n<p class=\"\">Der fr\u00fchere ukrainische Armeechef Walerij Saluschnyj h\u00e4lt einen Nato-Beitritt der Ukraine f\u00fcr unrealistisch. Der heutige Botschafter in Gro\u00dfbritannien erkl\u00e4rte, die ukrainischen Streitkr\u00e4fte erf\u00fcllten die milit\u00e4rischen Standards des B\u00fcndnisses nicht. Es fehle unter anderem an moderner Raketenabwehr und Weltraumf\u00e4higkeiten.<\/p>\n<p class=\"\">Die Nato-Mitgliedschaft ist als strategisches Ziel in der ukrainischen Verfassung verankert. Russland lehnt einen Beitritt der Ukraine zum B\u00fcndnis kategorisch ab. (Quelle: Reuters)<\/p>\n<p>\n        03:34 Uhr\n    <\/p>\n<p>    Selenskyj entl\u00e4sst ukrainische Botschafterin in den USA<\/p>\n<p class=\"\">Der ukrainische Pr\u00e4sident Wolodymyr Selenskyj hat die Botschafterin in den USA, Olha Stefanischyna, entlassen. Stefanischyna erkl\u00e4rte, sie habe selbst um ihre Abberufung gebeten. Wer ihr nachfolgen soll, ist bislang nicht bekannt.<\/p>\n<p class=\"\">Die Botschaft in Washington gilt als Schl\u00fcsselposten f\u00fcr die Ukraine, die bei ihrer Verteidigung gegen Russland auf US-Waffenlieferungen und Geheimdienstinformationen angewiesen ist. Zuletzt hatten sich die Beziehungen zwischen Selenskyj und US-Pr\u00e4sident Donald Trump wieder verbessert. (Quelle: AFP)<\/p>\n<p>\n        00:05 Uhr\n    <\/p>\n<p>    Die Ereignisse gestern \u2013 3. August 2026<\/p>\n<p class=\"\">In der Schwarzmeerregion sind bei ukrainischen Angriffen mindestens zehn Menschen get\u00f6tet worden. Im s\u00fcdrussischen Badeort Archipo-Ossipowka starben nach Beh\u00f6rdenangaben sechs Menschen, darunter drei Minderj\u00e4hrige. 40 weitere wurden verletzt. Auf der von Russland besetzten Halbinsel Krim kamen nach Angaben der dortigen Beh\u00f6rden vier Menschen ums Leben.<\/p>\n<p class=\"\">In der russischen Region Wladimir wurde ein Logistikzentrum des Online-H\u00e4ndlers Wildberries getroffen. Dabei brach ein Feuer aus. Ein Mensch wurde verletzt. Die Ukraine hat nach Angaben des Unternehmens innerhalb von zwei Wochen rund 20 seiner Lagerh\u00e4user angegriffen. Kiew wirft Wildberries vor, auch das russische Milit\u00e4r zu beliefern.<\/p>\n<p class=\"\">Auch Russland setzte seine Angriffe fort. In der ukrainischen Region Dnipropetrowsk wurden nach Angaben des Gouverneurs drei Menschen bei einem Angriff auf eine Tankstelle get\u00f6tet. Moskau erkl\u00e4rte zudem, drei Schiffe mit Milit\u00e4rg\u00fctern im ukrainischen Teil des Schwarzen Meeres sowie ein Frachtschiff im Hafen von Mykolajiw getroffen zu haben. Eine ukrainische Best\u00e4tigung gab es zun\u00e4chst nicht.<\/p>\n<p class=\"\">An der Front r\u00fcckten russische Truppen nach Angaben des ukrainischen Milit\u00e4rportals Deepstate bei Kostjantyniwka im Gebiet Donezk weiter vor. Der ukrainische Generalstab meldete dort 20 russische Angriffsversuche. Weite Teile der Stadt gelten demnach als umk\u00e4mpft.<\/p>\n<p>\n        00:00 Uhr\n    <\/p>\n<p>    Ukraine-News am Dienstag, 4. August 2026<\/p>\n<p class=\"\">Guten Tag! In unseren Ukraine-News halten wir Sie weiterhin \u00fcber die Entwicklungen im Krieg gegen die Ukraine auf dem aktuellen Stand. Alle wichtigen Nachrichten dazu erscheinen hier im Lauf des Tages.<\/p>\n<p class=\"\">Die Berichterstattung \u00fcber den Russland-Ukraine-Krieg ist komplex. Angaben zu Kriegsverlauf, Beschuss und Opfern durch offizielle Stellen der russischen und der ukrainischen Konfliktparteien k\u00f6nnen in der aktuellen Lage nicht unmittelbar von unabh\u00e4ngiger Stelle \u00fcberpr\u00fcft werden. Es gibt eine Vielzahl von Medienvertretern vor Ort, darunter auch unabh\u00e4ngige Journalisten aus verschiedenen L\u00e4ndern. Bei der Bewertung von Informationen sind verschiedene Quellen und eine kritische Haltung unerl\u00e4sslich, um ein m\u00f6glichst umfassendes Bild zu erhalten. Alles das ber\u00fccksichtigt der MDR in seinen Berichten \u00fcber den Russland-Ukraine-Krieg.<\/p>\n<p>        <img decoding=\"async\" src=\"https:\/\/www.europesays.com\/de\/wp-content\/uploads\/2026\/06\/ukraine-276.webp\" alt=\"Rettungskr\u00e4fte beseitigen Tr\u00fcmmer und suchen nach Menschen in einem Wohnblock, der von einer Rakete getroffen wurde.\" title=\"Rettungskr\u00e4fte beseitigen Tr\u00fcmmer und suchen nach Menschen in einem Wohnblock, der von einer Rakete getroffen wurde. | picture alliance\/dpa\/Ukrinform | -\" class=\"responsive\" loading=\"lazy\"\/><\/p>\n<p>Hintergr\u00fcnde<\/p>\n<p>Am 24. Februar 2022 hat Russland die Ukraine \u00fcberfallen. Doch die ukrainische Armee kann sich halten und konnte Gebiete zur\u00fcckerobern, der Westen unterst\u00fctzt sie. Aktuelle Nachrichten und Hintergr\u00fcnde.<\/p>\n<p>        <img decoding=\"async\" src=\"https:\/\/www.europesays.com\/de\/wp-content\/uploads\/2026\/06\/podcast-cover-was-tun-herr-general-100.webp\" alt=\"Der fr\u00fchere NATO-General und Generalleutnant a.D. Erhard B\u00fchler\" title=\"Der fr\u00fchere NATO-General und Generalleutnant a.D. Erhard B\u00fchler | MDR \/ Erhard B\u00fchler \" class=\"responsive\" loading=\"lazy\"\/><\/p>\n<p>Audio | MDR AKTUELL<\/p>\n<p>Krieg in Europa. Welche Strategie verfolgt die russische Armee, wie stehen die Chancen der ukrainischen Verteidiger? Einsch\u00e4tzungen der milit\u00e4rischen Lage und der Kriegsfolgen vom fr\u00fcheren NATO-General Erhard B\u00fchler.<\/p>\n<p>        <img decoding=\"async\" src=\"https:\/\/www.europesays.com\/de\/wp-content\/uploads\/2026\/06\/podcast-putins-krieg-100.webp\" alt=\"Podcast Putins Krieg\" title=\"Podcast Putins Krieg | dpa\/MDR\" class=\"responsive\" loading=\"lazy\"\/><\/p>\n<p>Podcast-Reihe<\/p>\n<p>Russland f\u00fchrt Krieg gegen die Ukraine &#8211; Zerst\u00f6rung, Leid und Flucht. In diesem Podcast b\u00fcndeln wir Interviews und Berichte rund um den Krieg, seine Folgen f\u00fcr die Welt, Europa und in Deutschland.<\/p>\n","protected":false},"excerpt":{"rendered":"Ukraine-News von MDR AKTUELL Stand: 04.08.2026 05:19 Uhr 04:54 Uhr Saluschnyj sieht keine Aussicht auf Nato-Beitritt der Ukraine&hellip;\n","protected":false},"author":2,"featured_media":1213895,"comment_status":"","ping_status":"","sticky":false,"template":"","format":"standard","meta":{"footnotes":"","_share_on_mastodon":"0"},"categories":[4012],"tags":[331,332,13,4046,14,1159,15,307,252604,12,116,251192,113,317,4016,64,6474,320],"class_list":["post-1213894","post","type-post","status-publish","format-standard","has-post-thumbnail","category-ukraine","tag-aktuelle-nachrichten","tag-aktuelle-news","tag-headlines","tag-krieg","tag-nachrichten","tag-nato","tag-news","tag-russland","tag-saluschnyj","tag-schlagzeilen","tag-selenskyj","tag-stefanischyna","tag-trump","tag-ukraine","tag-us","tag-usa","tag-waffenlieferungen","tag-washington"],"share_on_mastodon":{"url":"https:\/\/pubeurope.com\/@de\/117035186894094429","error":""},"_links":{"self":[{"href":"https:\/\/www.europesays.com\/de\/wp-json\/wp\/v2\/posts\/1213894","targetHints":{"allow":["GET"]}}],"collection":[{"href":"https:\/\/www.europesays.com\/de\/wp-json\/wp\/v2\/posts"}],"about":[{"href":"https:\/\/www.europesays.com\/de\/wp-json\/wp\/v2\/types\/post"}],"author":[{"embeddable":true,"href":"https:\/\/www.europesays.com\/de\/wp-json\/wp\/v2\/users\/2"}],"replies":[{"embeddable":true,"href":"https:\/\/www.europesays.com\/de\/wp-json\/wp\/v2\/comments?post=1213894"}],"version-history":[{"count":0,"href":"https:\/\/www.europesays.com\/de\/wp-json\/wp\/v2\/posts\/1213894\/revisions"}],"wp:featuredmedia":[{"embeddable":true,"href":"https:\/\/www.europesays.com\/de\/wp-json\/wp\/v2\/media\/1213895"}],"wp:attachment":[{"href":"https:\/\/www.europesays.com\/de\/wp-json\/wp\/v2\/media?parent=1213894"}],"wp:term":[{"taxonomy":"category","embeddable":true,"href":"https:\/\/www.europesays.com\/de\/wp-json\/wp\/v2\/categories?post=1213894"},{"taxonomy":"post_tag","embeddable":true,"href":"https:\/\/www.europesays.com\/de\/wp-json\/wp\/v2\/tags?post=1213894"}],"curies":[{"name":"wp","href":"https:\/\/api.w.org\/{rel}","templated":true}]}}