{"id":1213918,"date":"2026-08-04T04:05:20","date_gmt":"2026-08-04T04:05:20","guid":{"rendered":"https:\/\/www.europesays.com\/de\/1213918\/"},"modified":"2026-08-04T04:05:20","modified_gmt":"2026-08-04T04:05:20","slug":"massenschlaegerei-am-check-in-flughafen-nuernberg-schliesst-mehrere-personen-vom-flug-aus","status":"publish","type":"post","link":"https:\/\/www.europesays.com\/de\/1213918\/","title":{"rendered":"Massenschl\u00e4gerei am Check-In: Flughafen N\u00fcrnberg schlie\u00dft mehrere Personen vom Flug aus"},"content":{"rendered":"<p><img decoding=\"async\" src=\"https:\/\/www.europesays.com\/de\/wp-content\/uploads\/2026\/08\/IMG_20191218_072723-678x381.jpg\" alt=\"\" title=\"Nachtaufnahme Dachmarke\"\/><br \/>\nDie Streith\u00e4hne mussten am Freitag auf diesen Ausblick verzichten. Foto: Airport N\u00fcrnberg<\/p>\n<p>Ob beim Check-in oder beim Boarding \u2013 an Flugh\u00e4fen ist die Reihenfolge, in der sich die Passagiere in einer Warteschlange anstellen, eigentlich klar geregelt. Doch nicht allen scheinen diese Regeln eindeutig genug zu sein, gelegentlich kommt es zu Diskussionen. Am vergangenen Freitag eskalierte ein solcher Streit am Flughafen N\u00fcrnberg sogar zu einer Massenschl\u00e4gerei. F\u00fcr mehrere Beteiligte endete die Reise noch bevor sie \u00fcberhaupt begonnen hatte.<\/p>\n<p>Das Wichtigste auf einen Blick:<\/p>\n<p>\ud83e\udd4a Eskalation am Check-in: Zwei Gruppen mit rund 20 Personen geraten am Flughafen N\u00fcrnberg aneinander.<br \/>\ud83d\udeab Flug ausgeschlossen: Elf Beteiligte d\u00fcrfen nach der Auseinandersetzung ihren anstehenden Flug nicht antreten.<br \/>\ud83d\udc6e Polizei ermittelt: Videoaufnahmen wurden gesichert, die Beteiligung an m\u00f6glichen K\u00f6rperverletzungsdelikten wird untersucht.<\/p>\n<p style=\"text-align: center;\"><a class=\"maxbutton-2 maxbutton maxbutton-amex-green-beantragen\" target=\"_blank\" rel=\"noopener nofollow\" href=\"https:\/\/news.google.com\/publications\/CAAqBwgKMOiWuQsw9bHQAw?hl=de&amp;gl=DE&amp;ceid=DE:de\">Folgt Frankfurtflyer auf GOOGLE NEWS <\/a>\n<\/p>\n<p>Streit um Platz in der Warteschlange eskaliert<\/p>\n<p>Der Vorfall ereignete sich am Freitagabend gegen 22.30 Uhr an einem Check-in-Schalter des Flughafens N\u00fcrnberg. Nach Angaben der Polizei gerieten dort zwei Gruppen mit insgesamt etwa 20 Personen zun\u00e4chst verbal aneinander. Grund f\u00fcr den Streit waren offenbar Unstimmigkeiten dar\u00fcber, wer welchen Platz in der Warteschlange einnehmen durfte.<\/p>\n<p>Bei Worten blieb es allerdings nicht lange. Im weiteren Verlauf soll ein 29-J\u00e4hriger einem 43-J\u00e4hrigen ins Gesicht geschlagen haben. Daraufhin entwickelte sich zwischen den beiden Gruppen eine k\u00f6rperliche Auseinandersetzung. Die Grenzpolizeiinspektion wurde laut <a href=\"https:\/\/www.nordbayern.de\/nuernberg\/polizeibericht\/elf-passagiere-mussen-zuhause-bleiben-streit-am-flughafen-nurnberg-eskaliert-1.15224764\" target=\"_blank\" rel=\"noopener nofollow\">Nordbayern.de<\/a> von Beamten einer Polizeiinspektion sowie Kr\u00e4ften des Unterst\u00fctzungskommandos Mittelfranken unterst\u00fctzt. Die Einsatzkr\u00e4fte nahmen die Personalien mehrerer Beteiligter auf und sicherten Videoaufnahmen des Vorfalls.<\/p>\n<p><img fetchpriority=\"high\" decoding=\"async\" class=\"size-full wp-image-103304\" src=\"https:\/\/www.europesays.com\/de\/wp-content\/uploads\/2026\/08\/Airport-Nuernberg_2.jpg\" alt=\"\" width=\"1280\" height=\"854\"  \/>Foto: Airport N\u00fcrnberg<\/p>\n<p>Auch ein Rettungswagen war am Flughafen im Einsatz. Nach Angaben der Polizei musste allerdings keiner der Beteiligten in ein Krankenhaus gebracht werden. Wie schwer einzelne Personen verletzt wurden und wer konkret an den jeweiligen K\u00f6rperverletzungsdelikten beteiligt war, sei Gegenstand der Ermittlungen.<\/p>\n<p>Neben den m\u00f6glichen strafrechtlichen Konsequenzen hatte die Auseinandersetzung f\u00fcr einige Beteiligte noch unmittelbare Auswirkungen auf ihre Reise. Insgesamt elf Personen wurden von ihrem anstehenden Flug ausgeschlossen. Welcher Flug beziehungsweise welche Fluggesellschaft betroffen war, geht aus den vorliegenden Berichten nicht hervor. Damit endete die Reise f\u00fcr mehr als die H\u00e4lfte der rund 20 Personen, die zu den beiden Gruppen geh\u00f6rten, noch am Flughafen N\u00fcrnberg.<\/p>\n<p>Massenschl\u00e4gerei am Check-in: Flughafen N\u00fcrnberg schlie\u00dft mehrere Personen vom Flug aus | Frankfurtflyer Kommentar<\/p>\n<p>Ich musste bei diesem Artikel daran denken, wie ich selbst einmal an den Check-in-Schaltern am Airport N\u00fcrnberg von einem anderen Passagier angesprochen wurde. Eigentlich hat mich der Mann, der selbst mitten in der Schlange stand, mit den Worten \u201eAb nach hinten mit Dir\u201c angeschrien. Dabei hatte ich mich berechtigterweise an dem Business-Class-Schalter nebenan eingereiht. Ich deutete erkl\u00e4rend auf den entsprechenden Monitor, der andere Fluggast gab sich zufrieden und erhielt noch eine Standpauke von seiner Frau. Ich sollte also froh sein, dass die Situation nicht weiter ausartete.<\/p>\n<p>Wie sich die Situation am vergangenen Freitag genau zugetragen hat, ist nicht \u00fcberliefert. Deswegen einen solchen Streit anzufangen, ist aber schwer nachvollziehbar. Dass die Lage dann derart eskaliert und sich zahlreiche Personen an einer k\u00f6rperlichen Auseinandersetzung beteiligen, setzt dem Ganzen noch die Krone auf. Immerhin waren die Konsequenzen entsprechend deutlich.<\/p>\n<p style=\"text-align: center;\"><strong>Habt Ihr selbst schon einmal erlebt, dass ein Streit um die Warteschlange beim Check-in oder Boarding eskaliert ist? Schreibt uns Eure Erfahrungen gerne in die Kommentare.<\/strong><\/p>\n","protected":false},"excerpt":{"rendered":"Die Streith\u00e4hne mussten am Freitag auf diesen Ausblick verzichten. Foto: Airport N\u00fcrnberg Ob beim Check-in oder beim Boarding&hellip;\n","protected":false},"author":2,"featured_media":1213919,"comment_status":"","ping_status":"","sticky":false,"template":"","format":"standard","meta":{"footnotes":"","_share_on_mastodon":"0"},"categories":[1837],"tags":[171127,772,421,85758,3364,29,30,15,3783],"class_list":["post-1213918","post","type-post","status-publish","format-standard","has-post-thumbnail","category-nuernberg","tag-airport-nuernberg","tag-bayern","tag-bundespolizei","tag-check-in","tag-de","tag-deutschland","tag-germany","tag-news","tag-nuernberg"],"share_on_mastodon":{"url":"https:\/\/pubeurope.com\/@de\/117035266889614642","error":""},"_links":{"self":[{"href":"https:\/\/www.europesays.com\/de\/wp-json\/wp\/v2\/posts\/1213918","targetHints":{"allow":["GET"]}}],"collection":[{"href":"https:\/\/www.europesays.com\/de\/wp-json\/wp\/v2\/posts"}],"about":[{"href":"https:\/\/www.europesays.com\/de\/wp-json\/wp\/v2\/types\/post"}],"author":[{"embeddable":true,"href":"https:\/\/www.europesays.com\/de\/wp-json\/wp\/v2\/users\/2"}],"replies":[{"embeddable":true,"href":"https:\/\/www.europesays.com\/de\/wp-json\/wp\/v2\/comments?post=1213918"}],"version-history":[{"count":0,"href":"https:\/\/www.europesays.com\/de\/wp-json\/wp\/v2\/posts\/1213918\/revisions"}],"wp:featuredmedia":[{"embeddable":true,"href":"https:\/\/www.europesays.com\/de\/wp-json\/wp\/v2\/media\/1213919"}],"wp:attachment":[{"href":"https:\/\/www.europesays.com\/de\/wp-json\/wp\/v2\/media?parent=1213918"}],"wp:term":[{"taxonomy":"category","embeddable":true,"href":"https:\/\/www.europesays.com\/de\/wp-json\/wp\/v2\/categories?post=1213918"},{"taxonomy":"post_tag","embeddable":true,"href":"https:\/\/www.europesays.com\/de\/wp-json\/wp\/v2\/tags?post=1213918"}],"curies":[{"name":"wp","href":"https:\/\/api.w.org\/{rel}","templated":true}]}}