{"id":1213955,"date":"2026-08-04T04:24:15","date_gmt":"2026-08-04T04:24:15","guid":{"rendered":"https:\/\/www.europesays.com\/de\/1213955\/"},"modified":"2026-08-04T04:24:15","modified_gmt":"2026-08-04T04:24:15","slug":"bundesregierung-arbeitet-an-plaenen-fuer-neuen-zivildienst","status":"publish","type":"post","link":"https:\/\/www.europesays.com\/de\/1213955\/","title":{"rendered":"Bundesregierung arbeitet an Pl\u00e4nen f\u00fcr neuen Zivildienst"},"content":{"rendered":"<p id=\"absatz1\" class=\"em_text\">Berlin (dpa). Die Bundesregierung trifft Vorkehrungen f\u00fcr die Einf\u00fchrung eines neuen Zivildienstes f\u00fcr den Fall, dass auch die Wehrpflicht zur\u00fcckkehren sollte. Das Bundesministerium f\u00fcr Bildung, Familie, Senioren, Frauen und Jugend best\u00e4tigte der \u201eBild\u201c, dass in den vergangenen Monaten 23 gro\u00dfe Verb\u00e4nde und Organisationen befragt wurden, welche Kapazit\u00e4ten sie im Falle einer R\u00fcckkehr zur Wehrpflicht f\u00fcr Wehrdienstverweigerer zur Verf\u00fcgung stellen k\u00f6nnten.<\/p>\n<p id=\"absatz2\" class=\"em_text\">\u201e22 der 23 Verb\u00e4nde gaben an, dass ihre Infrastrukturen und Einsatzstellen grunds\u00e4tzlich bereit w\u00e4ren, im Falle einer Reaktivierung einer Wehrpflicht Wehrersatzdienstleistenden ein vielf\u00e4ltiges Angebot zu machen\u201c, sagte ein Ministeriumssprecher der Zeitung.<\/p>\n<p id=\"absatz3\" class=\"em_text\">\u201eZwar gibt es keinen Zivildienst, solange wir keine Wehrpflicht haben. Aber falls die Wehrpflicht einmal n\u00f6tig werden sollte, m\u00fcssen wir die Basis f\u00fcr einen modernen Zivildienst schon vorbereitet haben\u201c, betonte der Sprecher. Das Ministerium will laut \u201eBild\u201c seine Pl\u00e4ne offiziell nach der Sommerpause vorstellen.<\/p>\n<p>\n        \u00d7\n    <\/p>\n<p>\n            Sie erhalten in wenigen Minuten eine E-Mail zur Best\u00e4tigung Ihrer Anmeldung.\n        <\/p>\n<p>Erst danach ist diese abgeschlossen.<\/p>\n<p>Bitte pr\u00fcfen Sie auch den Spam-Ordner.<\/p>\n<p>\n        \u00d7\n    <\/p>\n<p>\n            Sie haben bisher Ihre E-Mail-Adresse noch nicht best\u00e4tigt.\n        <\/p>\n<p>Erst danach ist diese abgeschlossen.<\/p>\n<p>Bitte pr\u00fcfen Sie auch den Spam-Ordner.<\/p>\n<p>\n        \u00d7\n    <\/p>\n<p>\n            Es ist einen Fehler aufgetreten\n        <\/p>\n<p>Bei Fragen hilft unser Newsletter-Support<\/p>\n<p> Newsletter<\/p>\n<p> Update zum Mittag<\/p>\n<p>Top-News, t\u00e4glich aus der Chefredaktion zusammengestellt.<\/p>\n<p>                Jetzt anmelden<\/p>\n<p>Mit Aussetzung der Wehrpflicht gab es auch keine Zivis mehr<\/p>\n<p class=\"em_text\">Die Wehrpflicht war in Deutschland im Juli 2011 ausgesetzt worden, was in der Praxis einer Abschaffung von Wehr- und Zivildienst gleichkam. Anstelle des Zivildienstes wurde der Bundesfreiwilligendienst eingef\u00fchrt.<\/p>\n<p id=\"absatz5\" class=\"em_text\">Seit Anfang dieses Jahres gilt ein <a href=\"https:\/\/www.nw.de\/nachrichten\/politik\/24227908_Bundestag-beschliesst-Gesetz-fuer-neuen-Wehrdienst.html\" rel=\"nofollow noopener\" target=\"_blank\">neuer Wehrdienst<\/a>. Kern ist die verpflichtende Musterung f\u00fcr junge M\u00e4nner ab dem Jahrgang 2008. So sollen Freiwillige f\u00fcr einen Ausbau der Truppe rekrutiert werden. Deutschland reagierte damit auf die Bedrohung durch Russland und die in der Folge ge\u00e4nderten Nato-Ziele. Sollten die Zielkorridore verfehlt werden, kann der Bundestag \u00fcber eine sogenannte Bedarfswehrpflicht entscheiden.<\/p>\n<p>Wachsende Zahl von Kriegsdienstverweigerern<\/p>\n<p id=\"absatz6\" class=\"em_text\">Vor diesem Hintergrund steigt die Zahl der Antr\u00e4ge auf Kriegsdienstverweigerung stark an. Im ersten Halbjahr dieses Jahres gingen 5.862 Antr\u00e4ge beim Bundesamt f\u00fcr Familie und zivilgesellschaftliche Aufgaben (BAFzA) ein, wie das Redaktionsnetzwerk Deutschland (RND) unl\u00e4ngst unter Berufung auf eine Sprecherin der Beh\u00f6rde berichtete. Im gesamten Jahr 2025 hatten in Deutschland 3.867 Menschen einen Antrag auf Kriegsdienstverweigerung gestellt, 2024 waren es 2.998.<\/p>\n","protected":false},"excerpt":{"rendered":"Berlin (dpa). Die Bundesregierung trifft Vorkehrungen f\u00fcr die Einf\u00fchrung eines neuen Zivildienstes f\u00fcr den Fall, dass auch die&hellip;\n","protected":false},"author":2,"featured_media":1213956,"comment_status":"","ping_status":"","sticky":false,"template":"","format":"standard","meta":{"footnotes":"","_share_on_mastodon":"0"},"categories":[1828],"tags":[1173,29,553,30,1420,198610,4282,164252,229797,22596,1613,1209,10123,690,163231],"class_list":["post-1213955","post","type-post","status-publish","format-standard","has-post-thumbnail","category-koeln","tag-bundesregierung","tag-deutschland","tag-familie","tag-germany","tag-koeln","tag-meta_artikelklasse_debatte","tag-meta_copyrights_dpa","tag-meta_eo_zusammenfassung","tag-meta_prio_1","tag-meta_themen_politik","tag-meta_userneeds_informieremich","tag-nordrhein-westfalen","tag-serie_nlmittagsnotiz","tag-wehrpflicht","tag-zivildienst"],"share_on_mastodon":{"url":"","error":""},"_links":{"self":[{"href":"https:\/\/www.europesays.com\/de\/wp-json\/wp\/v2\/posts\/1213955","targetHints":{"allow":["GET"]}}],"collection":[{"href":"https:\/\/www.europesays.com\/de\/wp-json\/wp\/v2\/posts"}],"about":[{"href":"https:\/\/www.europesays.com\/de\/wp-json\/wp\/v2\/types\/post"}],"author":[{"embeddable":true,"href":"https:\/\/www.europesays.com\/de\/wp-json\/wp\/v2\/users\/2"}],"replies":[{"embeddable":true,"href":"https:\/\/www.europesays.com\/de\/wp-json\/wp\/v2\/comments?post=1213955"}],"version-history":[{"count":0,"href":"https:\/\/www.europesays.com\/de\/wp-json\/wp\/v2\/posts\/1213955\/revisions"}],"wp:featuredmedia":[{"embeddable":true,"href":"https:\/\/www.europesays.com\/de\/wp-json\/wp\/v2\/media\/1213956"}],"wp:attachment":[{"href":"https:\/\/www.europesays.com\/de\/wp-json\/wp\/v2\/media?parent=1213955"}],"wp:term":[{"taxonomy":"category","embeddable":true,"href":"https:\/\/www.europesays.com\/de\/wp-json\/wp\/v2\/categories?post=1213955"},{"taxonomy":"post_tag","embeddable":true,"href":"https:\/\/www.europesays.com\/de\/wp-json\/wp\/v2\/tags?post=1213955"}],"curies":[{"name":"wp","href":"https:\/\/api.w.org\/{rel}","templated":true}]}}