{"id":1214124,"date":"2026-08-04T06:12:18","date_gmt":"2026-08-04T06:12:18","guid":{"rendered":"https:\/\/www.europesays.com\/de\/1214124\/"},"modified":"2026-08-04T06:12:18","modified_gmt":"2026-08-04T06:12:18","slug":"umfrage-zur-wacken-hochzeit-wuerden-sie-vor-fremden-heiraten","status":"publish","type":"post","link":"https:\/\/www.europesays.com\/de\/1214124\/","title":{"rendered":"Umfrage zur Wacken-Hochzeit: W\u00fcrden Sie vor Fremden heiraten?"},"content":{"rendered":"<p class=\"\">\n                    Ein Moment, den die Metal-Fans Sophie und S\u00f6ren wohl nie vergessen werden: Auf dem <a href=\"https:\/\/www.shz.de\/deutschland-welt\/schleswig-holstein\/wacken-open-air\" class=\"link underline-blue\" title=\"\" target=\"_self\" rel=\"nofollow noopener\">Wacken Open Air<\/a> hat das Paar auf der Faster Stage sich das \u201eJa-Wort\u201c gegeben. <a href=\"https:\/\/www.shz.de\/deutschland-welt\/schleswig-holstein\/wacken-open-air\/artikel\/sophie-und-soeren-schliessen-erste-offizielle-metalhochzeit-auf-dem-wacken-open-air-2026-50993399\" class=\"link underline-blue\" title=\"\" target=\"_self\" rel=\"nofollow noopener\">Erstmals gab es damit eine Hochzeit auf der Hauptb\u00fchne<\/a>.\n            <\/p>\n<p class=\"\">\n                    Musik gab es nat\u00fcrlich auch von Philip und Lukas Wilhelm von der Band \u201eFrom Fall to Spring\u201c. Die Ringe \u00fcbergab Mr. Heavysaurus, Frontmann der gleichnamigen Kinder-Heavy-Metal-Band in seinem Dinosaurier-B\u00fchnen-Outfit. Eine Hochzeitstorte gab es nat\u00fcrlich auch. Na klar: im Wacken-Stil.\n            <\/p>\n<p>            Hochzeit mit Fremden: Ist das auch was f\u00fcr Sie?<\/p>\n<p class=\"\">\n                    Ebenfalls au\u00dfergew\u00f6hnlich an der Wacken-Hochzeit ist, dass sie vor tausenden Menschen gefeiert wurde. Menschen, die man noch nie zuvor gesehen hat. F\u00fcr Sophie und S\u00f6ren war das aber kein Problem. Doch normalerweise feiert man diesen besonderen Moment des Lebens mit seinem engsten Kreis.\n            <\/p>\n<p class=\"\">Ebenfalls interessant: <a href=\"https:\/\/www.shz.de\/deutschland-welt\/schleswig-holstein\/wacken-open-air\/artikel\/hochzeit-in-wacken-braut-ueberrascht-braeutigam-auf-dem-woa-2026-50998925\" class=\"link underline-blue\" title=\"\" target=\"_self\" rel=\"nofollow noopener\">Hochzeit in Wacken: Sandra und Gethin geben sich auf dem WOA das Ja-Wort \u2013 und er wusste nichts<\/a><\/p>\n<p class=\"\">\n                    Daher nun die Frage an Sie: K\u00f6nnten Sie auch vor so vielen fremden Menschen heiraten? Stimmen Sie kostenlos und ohne ein Abo in der <a href=\"https:\/\/www.shz.de\/deutschland-welt\/schleswig-holstein\/umfrage-des-tages\" class=\"link underline-blue\" title=\"\" target=\"_self\" rel=\"nofollow noopener\">Umfrage des Tages<\/a> ab.\n            <\/p>\n<p class=\"\">\n                    Das Ergebnis der Umfrage ist nicht repr\u00e4sentativ.<\/p>\n","protected":false},"excerpt":{"rendered":"Ein Moment, den die Metal-Fans Sophie und S\u00f6ren wohl nie vergessen werden: Auf dem Wacken Open Air hat&hellip;\n","protected":false},"author":2,"featured_media":1214125,"comment_status":"","ping_status":"","sticky":false,"template":"","format":"standard","meta":{"footnotes":"","_share_on_mastodon":"0"},"categories":[1772],"tags":[29,214,30,1292,1779,810,17001,17002,215],"class_list":["post-1214124","post","type-post","status-publish","format-standard","has-post-thumbnail","category-musik","tag-deutschland","tag-entertainment","tag-germany","tag-hochzeit","tag-music","tag-musik","tag-musikgruppe","tag-rock-pop","tag-unterhaltung"],"share_on_mastodon":{"url":"https:\/\/pubeurope.com\/@de\/117035764850731179","error":""},"_links":{"self":[{"href":"https:\/\/www.europesays.com\/de\/wp-json\/wp\/v2\/posts\/1214124","targetHints":{"allow":["GET"]}}],"collection":[{"href":"https:\/\/www.europesays.com\/de\/wp-json\/wp\/v2\/posts"}],"about":[{"href":"https:\/\/www.europesays.com\/de\/wp-json\/wp\/v2\/types\/post"}],"author":[{"embeddable":true,"href":"https:\/\/www.europesays.com\/de\/wp-json\/wp\/v2\/users\/2"}],"replies":[{"embeddable":true,"href":"https:\/\/www.europesays.com\/de\/wp-json\/wp\/v2\/comments?post=1214124"}],"version-history":[{"count":0,"href":"https:\/\/www.europesays.com\/de\/wp-json\/wp\/v2\/posts\/1214124\/revisions"}],"wp:featuredmedia":[{"embeddable":true,"href":"https:\/\/www.europesays.com\/de\/wp-json\/wp\/v2\/media\/1214125"}],"wp:attachment":[{"href":"https:\/\/www.europesays.com\/de\/wp-json\/wp\/v2\/media?parent=1214124"}],"wp:term":[{"taxonomy":"category","embeddable":true,"href":"https:\/\/www.europesays.com\/de\/wp-json\/wp\/v2\/categories?post=1214124"},{"taxonomy":"post_tag","embeddable":true,"href":"https:\/\/www.europesays.com\/de\/wp-json\/wp\/v2\/tags?post=1214124"}],"curies":[{"name":"wp","href":"https:\/\/api.w.org\/{rel}","templated":true}]}}